{"id":1174,"date":"2024-07-22T09:00:00","date_gmt":"2024-07-22T06:00:00","guid":{"rendered":"https:\/\/www.quickcarbon.com\/tr\/?p=1174"},"modified":"2024-09-16T14:47:32","modified_gmt":"2024-09-16T11:47:32","slug":"karbon-emisyonu-nedir","status":"publish","type":"post","link":"https:\/\/www.quickcarbon.com\/tr\/blog\/karbon-emisyonu-nedir\/","title":{"rendered":"Karbon Emisyonu Nedir?"},"content":{"rendered":"\n<p>Karbon emisyonu; iklim de\u011fi\u015fikli\u011fi, k\u00fcresel \u0131s\u0131nma gibi bir\u00e7ok \u00e7evresel sorunun merkezinde yer alan bir konudur. \u0130nsan faaliyetleri sonucunda atmosferde giderek artan karbondioksit, do\u011fadaki dengenin bozulmas\u0131na sebep olur. Bu durum ciddi ekolojik sorunlar\u0131 beraberinde getirir. Birka\u00e7 on y\u0131ld\u0131r en \u00f6nemli \u00e7evre konular\u0131ndan biri olan karbon emisyonu hakk\u0131nda bilinmesi gerekenleri detayl\u0131ca inceleyelim.<\/p>\n\n\n\n<h2 class=\"wp-block-heading\"><strong>Do\u011fal Bir Element Olan Karbon ve Karbon Emisyonu<\/strong><\/h2>\n\n\n\n<p>Karbon, gezegende do\u011fal olarak bulunan ve ya\u015fam i\u00e7in hayati \u00f6neme sahip bir elementtir. Organizmalar\u0131n yap\u0131s\u0131ndan solunan havaya ve t\u00fcketilen g\u0131dalara kadar her yerde bulunan karbon, d\u00fcnya \u00fczerindeki ya\u015fam\u0131n temel yap\u0131 ta\u015flar\u0131ndan biridir.<\/p>\n\n\n\n<p>Karbon emisyonuysa do\u011fadaki karbonun atmosfere karbondioksit (CO2) formunda sal\u0131nmas\u0131n\u0131 ifade eder. Do\u011fada belirli bir seviyede bulunan karbondioksit, genellikle insan faaliyetlerinin bir sonucu olarak atmosferde birikir ve tehlikeli durumlara neden olabilir.<\/p>\n\n\n\n<figure class=\"wp-block-image size-full\"><img loading=\"lazy\" decoding=\"async\" width=\"1072\" height=\"666\" src=\"https:\/\/www.quickcarbon.com\/tr\/wp-content\/uploads\/2024\/07\/Dog\u2560aal-Bir-Element-Olan-Karbon-ve-Karbon-Emisyonu.jpg\" alt=\"\" class=\"wp-image-1176\"\/><\/figure>\n\n\n\n<h2 class=\"wp-block-heading\"><strong>Karbon Emisyonunun \u00c7evresel Etkileri Nelerdir?<\/strong><\/h2>\n\n\n\n<p>\u00c7evresel bir\u00e7ok olumsuz durumun olu\u015fmas\u0131na neden olan sera gazlar\u0131 aras\u0131nda karbondioksit %74.4&#8217;l\u00fck bir oranla en b\u00fcy\u00fck paya sahiptir. Ard\u0131ndan %17.3 ile metan gaz\u0131 gelir. Kalan\u0131n\u0131ysa nitr\u00f6z oksit, k\u00fck\u00fcrt hekzaflor\u00fcr, hidroflorokarbon, perflorokarbon gibi gazlar olu\u015fturur. T\u00fcm bu gazlar sera etkisi yaratarak d\u00fcnya genelinde \u00e7evresel zararlara neden olur. Karbon emisyonunun olu\u015fturdu\u011fu olumsuz etkileri farkl\u0131 ba\u015fl\u0131klar alt\u0131nda ayr\u0131 ayr\u0131 de\u011ferlendirmek gerekir.<\/p>\n\n\n\n<h2 class=\"wp-block-heading\"><strong>K\u00fcresel Is\u0131nma ve \u0130klim De\u011fi\u015fikli\u011fi<\/strong><\/h2>\n\n\n\n<p>Karbon emisyonu, atmosferde \u00e7e\u015fitli sera gazlar\u0131n\u0131n artmas\u0131yla tehlikeli boyutlara evrilir. Karbondioksitse karbon emisyonundaki en yayg\u0131n sera gaz\u0131d\u0131r ve atmosferde birikerek sera etkisi yarat\u0131r. Sera etkisi, G\u00fcne\u015ften D\u00fcnya&#8217;ya gelen \u0131\u015f\u0131nlar\u0131n sera gazlar\u0131 nedeniyle gezegende hapsolmas\u0131n\u0131 ifade eder. Bu durum ilerleyen s\u00fcre\u00e7lerde atmosferin \u0131s\u0131nmas\u0131na sebep olur. Sonu\u00e7 olarak k\u00fcresel \u0131s\u0131nma ve iklim de\u011fi\u015fiklikleri gibi \u00e7evresel sorunlar ba\u015f g\u00f6sterir.<\/p>\n\n\n\n<p class=\"has-medium-font-size\"><strong>S\u0131cak Hava Dalgalar\u0131<\/strong><\/p>\n\n\n\n<p>Gezegenin \u0131s\u0131nmas\u0131na neden olan karbon emisyonu, s\u0131cak hava dalgalar\u0131n\u0131n ve \u015fiddetli f\u0131rt\u0131nalar\u0131n daha s\u0131k ya\u015fanmas\u0131na neden olur. S\u0131cak hava dalgalar\u0131 tar\u0131mdan ekosistemlere, insan sa\u011fl\u0131\u011f\u0131ndan orman yang\u0131nlar\u0131na kadar bir\u00e7ok alanda olumsuzluklar ya\u015fanmas\u0131na sebep olur.<\/p>\n\n\n\n<p class=\"has-medium-font-size\"><strong>Deniz Seviyesi<\/strong><\/p>\n\n\n\n<p>Gezegenin s\u0131cakl\u0131\u011f\u0131n\u0131n artmas\u0131 buzullarda erimeye ve okyanus sular\u0131nda \u0131s\u0131nmaya neden olur. Bu durum deniz seviyelerinin y\u00fckselmesine yol a\u00e7ar. Deniz seviyesindeki y\u00fckselme erozyon ve sel gibi do\u011fal afetlerin ya\u015fanmas\u0131na sebep olur.<\/p>\n\n\n\n<p class=\"has-medium-font-size\"><strong>Ekosistem De\u011fi\u015fikli\u011fi<\/strong><\/p>\n\n\n\n<p>Karbon emisyonunun neden oldu\u011fu \u0131s\u0131nman\u0131n bir sonucu olarak bitki \u00f6rt\u00fcleri, ekosistemler ve do\u011fal ya\u015fam alanlar\u0131 da de\u011fi\u015fiklikler g\u00f6stermeye ba\u015flar. Bu durum t\u00fcrlerin farkl\u0131 b\u00f6lgelere g\u00f6\u00e7 etmesine hatta baz\u0131 t\u00fcrlerin yok olmas\u0131na neden olur.<\/p>\n\n\n\n<p class=\"has-medium-font-size\"><strong>Okyanus Sal\u0131m\u0131<\/strong><\/p>\n\n\n\n<p>Atmosferde biriken karbondioksit, okyanuslar taraf\u0131ndan emilir. Bu da okyanuslarda karbonik asit olu\u015fumuna neden olur. Bu s\u00fcre\u00e7, okyanuslar\u0131n asitlenmesine yol a\u00e7arak su alt\u0131ndaki ekosistemleri bozar. Asitlenmeler bir\u00e7ok su canl\u0131s\u0131n\u0131n ya\u015fam\u0131n\u0131 tehdit ederken ayn\u0131 zamanda okyanuslardaki biyolojik \u00e7e\u015fitlili\u011fi de tehlikeye atar.<\/p>\n\n\n\n<p class=\"has-medium-font-size\"><strong>Sa\u011fl\u0131k Sorunlar\u0131<\/strong><\/p>\n\n\n\n<p>Karbon emisyonlar\u0131 hava, su ve toprak kirlili\u011fine neden olarak bir\u00e7ok canl\u0131n\u0131n hayat\u0131n\u0131 riske atar. \u00d6zellikle insanlarda solunum rahats\u0131zl\u0131klar\u0131n\u0131n, kanserin, kalp ve damar hastal\u0131klar\u0131n\u0131n daha s\u0131k g\u00f6r\u00fclmesine sebebiyet verir. Bu \u00e7evresel kirlilik bir\u00e7ok sa\u011fl\u0131k sorununu olu\u015fturdu\u011fu gibi ya\u015fam kalitesini de \u00f6nemli \u00f6l\u00e7\u00fcde d\u00fc\u015f\u00fcr\u00fcr.<\/p>\n\n\n\n<h2 class=\"wp-block-heading\"><strong>Karbon Emisyonunun Nedenleri Nelerdir?<\/strong><\/h2>\n\n\n\n<p>Karbon emisyonunun \u00e7evresel zararlar\u0131, modern ya\u015fam\u0131n ve insan aktivitelerinin bir sonucu olarak ortaya \u00e7\u0131kar. Karbon emisyonunu tetikleyen durumlar\u0131 farkl\u0131 ba\u015fl\u0131klar alt\u0131nda ele alabiliriz.<\/p>\n\n\n\n<figure class=\"wp-block-image size-full\"><img loading=\"lazy\" decoding=\"async\" width=\"1072\" height=\"666\" src=\"https:\/\/www.quickcarbon.com\/tr\/wp-content\/uploads\/2024\/07\/Karbon-Emisyonunun-C\u2560gevresel-Etkileri-Nelerdir-.jpg\" alt=\"\" class=\"wp-image-1179\"\/><\/figure>\n\n\n\n<p class=\"has-medium-font-size\"><strong>Fosil Yak\u0131t Kullan\u0131m\u0131<\/strong><\/p>\n\n\n\n<p>Sanayi devriminden itibaren kullan\u0131m\u0131 artan do\u011fal gaz, k\u00f6m\u00fcr, petrol gibi karbon bile\u015fiklerinden olu\u015fan fosil yak\u0131tlar, atmosferdeki karbondioksit yo\u011funlu\u011funu art\u0131r\u0131r. \u00d6rne\u011fin, k\u00f6m\u00fcr gezegendeki elektrik ihtiyac\u0131n\u0131n yakla\u015f\u0131k %37&#8217;sini kar\u015f\u0131lar.<\/p>\n\n\n\n<p class=\"has-medium-font-size\"><strong>N\u00fcfus Art\u0131\u015f\u0131<\/strong><\/p>\n\n\n\n<p>Kontrols\u00fcz n\u00fcfus art\u0131\u015f\u0131na ba\u011fl\u0131 olarak enerjiye duyulan ihtiya\u00e7 da artmaya ba\u015flar. Artan n\u00fcfusla birlikte fosil yak\u0131t gibi enerji kaynaklar\u0131 daha fazla t\u00fcketilerek atmosfere daha fazla karbondioksit sal\u0131n\u0131m\u0131 ger\u00e7ekle\u015fir. Ayn\u0131 zamanda organizma faaliyetleri sonucu a\u00e7\u0131\u011fa \u00e7\u0131kan karbondioksit miktar\u0131 da n\u00fcfusla beraber artarak do\u011fal dengenin bozulmas\u0131na sebep olur.<\/p>\n\n\n\n<p class=\"has-medium-font-size\"><strong>End\u00fcstriyel Faaliyetler<\/strong><\/p>\n\n\n\n<p>\u00dcretim tesisleri ve fabrikalar, enerji ihtiyac\u0131n\u0131 kar\u015f\u0131lamak i\u00e7in kulland\u0131klar\u0131 fosil yak\u0131tlar nedeniyle yo\u011fun \u015fekilde sera gaz\u0131 sal\u0131n\u0131m\u0131 yapar. \u00d6zellikle \u00e7imento ve plastik \u00fcretimi bu s\u00fcrece b\u00fcy\u00fck zararlar verebilen faaliyetler aras\u0131ndad\u0131r.<\/p>\n\n\n\n<p class=\"has-medium-font-size\"><strong>Ula\u015f\u0131m<\/strong><\/p>\n\n\n\n<p>Elektrik \u00fcretiminden sonra en fazla sera gaz\u0131 sal\u0131n\u0131m\u0131 yapan sekt\u00f6r ula\u015f\u0131md\u0131r. Fosil yak\u0131t kullan\u0131m\u0131 gerektiren motorlu ara\u00e7lar, \u00e7evreye y\u00fcksek oranlarda karbondioksit yay\u0131lmas\u0131na sebebiyet verir. Hem toplu ula\u015f\u0131mda hem bireysel kullan\u0131mda giderek artan ara\u00e7 say\u0131s\u0131 karbon emisyonunu g\u00fcnden g\u00fcne art\u0131rmaya devam etmektedir.<\/p>\n\n\n\n<p class=\"has-medium-font-size\"><strong>Ormans\u0131zla\u015fma<\/strong><\/p>\n\n\n\n<p>Ormanlar atmosferdeki fazla karbondioksiti emerek do\u011fadaki dengenin korunmas\u0131na yard\u0131mc\u0131 olur. Ancak ormanlar\u0131n end\u00fcstriyel faaliyetler i\u00e7in kesilmesi, tar\u0131m alanlar\u0131n\u0131n geni\u015fletilmesi i\u00e7in tahrip edilmesi veya dikkatsizlik sonucu \u00e7\u0131kan orman yang\u0131nlar\u0131 gibi nedenler bu dengeye ciddi zararlar vermektedir.<\/p>\n\n\n\n<p class=\"has-medium-font-size\"><strong>Tar\u0131m Uygulamalar\u0131<\/strong><\/p>\n\n\n\n<p>Tar\u0131m uygulamalar\u0131 \u00e7evreye sal\u0131nan sera gazlar\u0131n\u0131n %25\u2019lik k\u0131sm\u0131n\u0131 olu\u015fturur. Bilin\u00e7siz \u015fekilde yap\u0131lan sulamalar ve toprak i\u015flemleri nedeniyle topraktan fazla miktarlarda karbondioksit \u00e7\u0131k\u0131\u015f\u0131 ger\u00e7ekle\u015fir. \u00d6zellikle hayvanc\u0131l\u0131k, pirin\u00e7 tar\u0131m\u0131 ve \u00e7eltik tarlalar\u0131 atmosfere y\u00fcksek oranlarda metan gaz\u0131 sal\u0131n\u0131m\u0131na sebebiyet verir.<\/p>\n\n\n\n<p class=\"has-medium-font-size\"><strong>At\u0131klar<\/strong><\/p>\n\n\n\n<p>At\u0131k depolama alanlar\u0131 ve \u00e7\u00f6p yakma tesisleri gibi yerler atmosfere b\u00fcy\u00fck oranlarda metan gaz\u0131 sal\u0131n\u0131m\u0131na neden olmaktad\u0131r.<\/p>\n\n\n\n<h2 class=\"wp-block-heading\"><strong>En \u00c7ok Karbon Sal\u0131n\u0131m\u0131 Yapan \u00dclkeler Hangileridir?<\/strong><\/h2>\n\n\n\n<p>K\u00fcresel Karbon Projesi (GCP) <a href=\"https:\/\/www.globalcarbonproject.org\/carbonbudget\/archive\/2020\/GCP_CarbonBudget_2020.pdf\">verilerine g\u00f6re<\/a> 2020 y\u0131l\u0131nda d\u00fcnyadaki toplam karbon sal\u0131m\u0131 34 milyar 810 milyon tondur. Atmosfere yap\u0131lan bu karbon sal\u0131n\u0131m\u0131n\u0131n yar\u0131s\u0131 \u00c7in, Amerika ve Hindistan&#8217;a aittir. Bu \u00fclkeler, b\u00fcy\u00fcyen ekonomileri ve h\u0131zla geli\u015fen sanayile\u015fmeleri nedeniyle enerji t\u00fcketiminde ve end\u00fcstriyel faaliyetlerinde y\u00fcksek oranlarda sera gaz\u0131 a\u00e7\u0131\u011fa \u00e7\u0131kar\u0131rlar.<\/p>\n\n\n\n<figure class=\"wp-block-image size-full\"><img loading=\"lazy\" decoding=\"async\" width=\"1072\" height=\"666\" src=\"https:\/\/www.quickcarbon.com\/tr\/wp-content\/uploads\/2024\/07\/En-C\u2560gok-Karbon-Sal\u2500\u2592n\u2500\u2592m\u2500\u2592-Yapan-U\u2560elkeler-Hangileridir-.jpg\" alt=\"\" class=\"wp-image-1177\"\/><\/figure>\n\n\n\n<h2 class=\"wp-block-heading\"><strong>Karbon Emisyonunun \u00d6nlenebilmesi \u0130\u00e7in Neler Yap\u0131labilir?<\/strong><\/h2>\n\n\n\n<p>Yap\u0131lan <a href=\"https:\/\/dergipark.org.tr\/tr\/download\/article-file\/219672\">ara\u015ft\u0131rma<\/a>lara g\u00f6re 2050 y\u0131l\u0131nda karbon emisyonunda %130&#8217;luk bir art\u0131\u015f beklenmektedir. Bu nedenle h\u0131zl\u0131 bir \u015fekilde gerekli \u00f6nlemleri almak, karbon emisyonun yaratabilece\u011fi olumsuz \u00e7evresel etkileri azaltabilmek i\u00e7in \u00e7ok \u00f6nemlidir. Karbon emisyonunu azaltabilmek i\u00e7in hem bireysel hem toplumsal hem de yerel ve k\u00fcresel olarak birtak\u0131m ad\u0131mlar\u0131n at\u0131lmas\u0131 gerekir.<\/p>\n\n\n\n<figure class=\"wp-block-image size-full\"><img loading=\"lazy\" decoding=\"async\" width=\"1072\" height=\"666\" src=\"https:\/\/www.quickcarbon.com\/tr\/wp-content\/uploads\/2024\/07\/Karbon-Emisyonunun-O\u2560enlenebilmesi-I\u2560cc\u2560gin-Neler-Yap\u2500\u2592labilir-.jpg\" alt=\"\" class=\"wp-image-1178\"\/><\/figure>\n\n\n\n<p class=\"has-medium-font-size\"><strong>S\u00fcrd\u00fcr\u00fclebilir Enerjiye Ge\u00e7i\u015f<\/strong><\/p>\n\n\n\n<p>Fosil yak\u0131tlara duyulan ba\u011f\u0131ml\u0131l\u0131\u011f\u0131 azaltarak yenilenebilir enerji kapasitesini art\u0131rmak karbon emisyonunu azaltmak i\u00e7in at\u0131labilecek en b\u00fcy\u00fck ad\u0131mlardan biridir. G\u00fcne\u015f, r\u00fczg\u00e2r, hidroelektrik ve jeotermal gibi yenilenebilir enerji kaynaklar\u0131n\u0131n kullan\u0131m\u0131 hakk\u0131nda k\u00fcresel bir fark\u0131ndal\u0131k yaratmak, bu enerji kaynaklar\u0131n\u0131n yayg\u0131nla\u015fmas\u0131n\u0131 sa\u011flayabilir, sera gaz\u0131 emisyonlar\u0131n\u0131n azalt\u0131lmas\u0131na katk\u0131 sa\u011flanabilir. Buna ek olarak bireysel d\u00fczeyde at\u0131l\u0131mlarla evlere uygun g\u00fcne\u015f panelleri ve ev tipi r\u00fczg\u00e2r t\u00fcrbinleri yayg\u0131nla\u015ft\u0131r\u0131larak temiz enerji kaynaklar\u0131 desteklenebilir.<\/p>\n\n\n\n<p class=\"has-medium-font-size\"><strong>Bilin\u00e7li \u015eekilde A\u011fa\u00e7land\u0131rma<\/strong><\/p>\n\n\n\n<p>Ormanl\u0131k alanlar\u0131n korunmas\u0131 ve a\u011fa\u00e7land\u0131rma projelerinin desteklenmesi gibi faaliyetler karbon emisyonunun azalt\u0131lmas\u0131na yard\u0131mc\u0131 olabilir. A\u011fa\u00e7land\u0131rma \u00e7al\u0131\u015fmalar\u0131n\u0131n b\u00f6lgelerin do\u011fal bitki \u00f6rt\u00fcs\u00fcne uygun \u015fekilde yap\u0131lmas\u0131 son derece \u00f6nemlidir.<\/p>\n\n\n\n<p class=\"has-medium-font-size\"><strong>Geri D\u00f6n\u00fc\u015f\u00fcm<\/strong><\/p>\n\n\n\n<p>At\u0131k y\u00f6netim s\u00fcre\u00e7lerini iyile\u015ftirmek i\u00e7in yap\u0131labilecek yat\u0131r\u0131mlarla ve \u00e7e\u015fitli \u00e7al\u0131\u015fmalarla sera gazlar\u0131n\u0131n azalt\u0131lmas\u0131na destek olunabilir. Bireylerin, kurumlar\u0131n ve h\u00fck\u00fbmetlerin geri d\u00f6n\u00fc\u015f\u00fcme daha duyarl\u0131 davranabilmeleri i\u00e7in e\u011fitimler d\u00fczenlenebilir. K\u00e2\u011f\u0131t, cam, \u015fi\u015fe ve metal gibi yeniden kullan\u0131labilir at\u0131klar\u0131n geri d\u00f6n\u00fc\u015ft\u00fcr\u00fclebilmeleri i\u00e7in te\u015fvikler verilebilir. B\u00f6ylece bu \u00fcr\u00fcnlerin \u00fcretiminde kullan\u0131lan ham madde ihtiyac\u0131 ve harcanan enerji miktar\u0131 azalt\u0131larak s\u00fcrd\u00fcr\u00fclebilirli\u011fe katk\u0131 sa\u011flanabilir.<\/p>\n\n\n\n<p class=\"has-medium-font-size\"><strong>Toplu Ta\u015f\u0131ma ve Hibrit Ara\u00e7lar<\/strong><\/p>\n\n\n\n<p>Ula\u015f\u0131m en \u00e7ok karbon sal\u0131m\u0131na neden olan faaliyetler aras\u0131ndad\u0131r. Kara yolu ula\u015f\u0131m\u0131nda toplu ta\u015f\u0131ma alternatiflerini tercih etmek ve trafikteki bireysel ara\u00e7 say\u0131s\u0131n\u0131 azaltmak enerji t\u00fcketiminden tasarruf edilmesine imk\u00e2n tan\u0131r. Bunun yan\u0131 s\u0131ra bireyler motorlu ara\u00e7lar yerine elektrikli veya hibrit ara\u00e7lar\u0131 kullanmay\u0131 tercih ederek enerji tasarrufuna katk\u0131da bulunabilirler. Elektrik enerjisiyle \u00e7al\u0131\u015fan ara\u00e7lar, fosil yak\u0131tlara ihtiya\u00e7 duymadan kendi enerjilerini yenileyebildikleri i\u00e7in karbon sal\u0131n\u0131m\u0131n\u0131 azaltmaya yard\u0131mc\u0131 olur.<\/p>\n\n\n\n<p class=\"has-medium-font-size\"><strong>Yolcu Ta\u015f\u0131mac\u0131l\u0131\u011f\u0131<\/strong><\/p>\n\n\n\n<p><a href=\"https:\/\/www.eea.europa.eu\/publications\/transport-and-environment-report-2020\">2020 Ula\u015f\u0131m ve \u00c7evre Raporu (TERM),<\/a> demiryolu ula\u015f\u0131m\u0131n\u0131n \u00e7evreye en duyarl\u0131 seyahat alternatiflerinden biri oldu\u011funu belirtir. Demir yolu ta\u015f\u0131mac\u0131l\u0131\u011f\u0131, hava yolu ta\u015f\u0131mac\u0131l\u0131\u011f\u0131na oranla \u00e7ok daha d\u00fc\u015f\u00fck miktarda karbon sal\u0131n\u0131m\u0131 yapar. Daha s\u00fcrd\u00fcr\u00fclebilir bir ta\u015f\u0131mac\u0131l\u0131k i\u00e7in bireylerin u\u00e7aklar yerine trenlerle seyahati tercih etmesi, sera gaz\u0131 emisyonlar\u0131n\u0131n azalt\u0131labilmesi i\u00e7in b\u00fcy\u00fck \u00f6nem ta\u015f\u0131r.<\/p>\n\n\n\n<p class=\"has-medium-font-size\"><strong>Yerli G\u0131da T\u00fcketimi<\/strong><\/p>\n\n\n\n<p>Mevsimlere uygun ve yerli \u00fcretim g\u0131da \u00fcr\u00fcnlerinin tercih edilmesi, uluslararas\u0131 ula\u015f\u0131m i\u00e7in gerek duyulan fosil yak\u0131t kullan\u0131m\u0131n\u0131n azalt\u0131lmas\u0131na olanak tan\u0131r. B\u00f6ylelikle karbon sal\u0131n\u0131m\u0131 da b\u00fcy\u00fck oranlarda d\u00fc\u015f\u00fcr\u00fclebilir.<\/p>\n\n\n\n<p class=\"has-medium-font-size\"><strong>\u0130zolasyonlu Binalar<\/strong><\/p>\n\n\n\n<p>Yap\u0131lar\u0131n do\u011fru y\u00f6ntemlerle ve \u00e7evreye duyarl\u0131 malzemelerle \u0131s\u0131 izolasyonunun yap\u0131lmas\u0131 karbon emisyonunu azaltmak i\u00e7in at\u0131labilecek bir di\u011fer ad\u0131md\u0131r. B\u00f6ylelikle ev ve i\u015f yerleri i\u00e7erisindeki \u0131s\u0131 seviyesi korunur ve \u0131s\u0131nmak i\u00e7in daha az enerjiye ihtiya\u00e7 duyulur.<\/p>\n\n\n\n<p class=\"has-medium-font-size\"><strong>Karbon Vergisi<\/strong><\/p>\n\n\n\n<p>2000&#8217;lerin ba\u015f\u0131 itibar\u0131yla \u00e7e\u015fitli \u00fclkelerde farkl\u0131 d\u00fczeylerde uygulanmaya ba\u015flanan karbon vergisi, sera gaz\u0131 emisyonlar\u0131n\u0131n azalt\u0131lmas\u0131 i\u00e7in uygulanan bir politikad\u0131r. Vergilendirme, fabrika ve \u00fcretim tesislerinin fosil yak\u0131t kullan\u0131m\u0131yla atmosfere b\u0131rakt\u0131klar\u0131 karbondioksit ve sera gazlar\u0131n\u0131n oran\u0131 \u00fczerinden belirlenir. Karbon vergisi, karbon sal\u0131n\u0131m\u0131n\u0131n maliyetini art\u0131rarak bireyleri s\u00fcrd\u00fcr\u00fclebilir enerji kaynaklar\u0131na y\u00f6nelmeye te\u015fvik etmektedir.<\/p>\n\n\n\n<p class=\"has-medium-font-size\"><strong>Beslenme Al\u0131\u015fkanl\u0131klar\u0131<\/strong><\/p>\n\n\n\n<p>Hayvanc\u0131l\u0131k sekt\u00f6r\u00fc; orman tahribat\u0131, enerji t\u00fcketimi ve at\u0131k \u00fcretimi gibi faaliyetleri nedeniyle y\u00fcksek miktarlarda sera gaz\u0131 emisyonlar\u0131 olu\u015fturur. Bu sekt\u00f6rde yem \u00fcretimi, et i\u015fleme ve bunlar\u0131n ta\u015f\u0131nmas\u0131 gibi a\u015famalar b\u00fcy\u00fck oranlarda fosil yak\u0131t kullan\u0131m\u0131 gerektirir. Ayn\u0131 zamanda hayvanlar\u0131n sindirim ve bo\u015falt\u0131m sistemleri fazla miktarlarda metan gaz\u0131 sal\u0131n\u0131m\u0131 ger\u00e7ekle\u015fir.<\/p>\n\n\n\n<p>Bu gibi durumlar \u00e7evreye ciddi zararlar verir. Hayvan g\u00fcbreleri de metan gaz\u0131 ve nitroz oksit gibi farkl\u0131 sera gazlar\u0131n\u0131n yay\u0131lmas\u0131na neden olur. Kullan\u0131lan g\u00fcbreler sonucu a\u00e7\u0131\u011fa \u00e7\u0131kan sera gaz\u0131 emisyonlar\u0131, atmosferdeki oran\u0131n yakla\u015f\u0131k %7\u2019sini olu\u015fturur. Bu gazlar atmosferde uzun s\u00fcre kalarak yery\u00fcz\u00fcn\u00fcn daha fazla \u0131s\u0131nmas\u0131na sebep olur. Oxford \u00dcniversitesindeki ara\u015ft\u0131rmac\u0131lar taraf\u0131ndan yap\u0131lan bir <a href=\"https:\/\/www.science.org\/doi\/10.1126\/science.aaq0216\">ara\u015ft\u0131rma<\/a>ya g\u00f6re her birey vejetaryen beslenmeye ge\u00e7erek ki\u015fisel karbon ayak izini %73 oran\u0131nda azaltabilir.<\/p>\n\n\n\n<p><a href=\"https:\/\/www.quickcarbon.com\/\">QuickCarbon <\/a>olarak karbon emisyonunun gezegenimize verdi\u011fi zararlar\u0131n fark\u0131nday\u0131z. Bu nedenle kurumlar\u0131n Kurumsal Karbon Ayak \u0130zlerini herhangi bir dan\u0131\u015fmanl\u0131k hizmetine gerek duymaks\u0131z\u0131n ISO 14064-1:2018 Standard\u0131 ve GHG Protocol\u2019e g\u00f6re hesapl\u0131yor ve raporlamalar\u0131n\u0131 sunuyoruz. Siz de s\u00fcrd\u00fcr\u00fclebilir ve daha sa\u011fl\u0131kl\u0131 bir gelecek i\u00e7in ad\u0131m atmak isterseniz kurumsal karbon ayak izinizi \u00f6\u011frenerek ba\u015flayabilirsiniz.<\/p>\n","protected":false},"excerpt":{"rendered":"<p>Karbon emisyonu; iklim de\u011fi\u015fikli\u011fi, k\u00fcresel \u0131s\u0131nma gibi bir\u00e7ok \u00e7evresel sorunun merkezinde yer alan bir konudur. \u0130nsan faaliyetleri sonucunda atmosferde giderek artan karbondioksit, do\u011fadaki dengenin bozulmas\u0131na sebep olur. Bu durum ciddi ekolojik sorunlar\u0131 beraberinde getirir. Birka\u00e7 on y\u0131ld\u0131r en \u00f6nemli \u00e7evre konular\u0131ndan biri olan karbon emisyonu hakk\u0131nda bilinmesi gerekenleri detayl\u0131ca inceleyelim.<\/p>\n","protected":false},"author":2,"featured_media":1175,"comment_status":"closed","ping_status":"open","sticky":false,"template":"","format":"standard","meta":{"footnotes":""},"categories":[1],"tags":[35,34,33,37,36],"class_list":["post-1174","post","type-post","status-publish","format-standard","has-post-thumbnail","hentry","category-genel","tag-emisyon","tag-karbon-ayak-izi","tag-karbon-emisyonu","tag-karbon-vergisi","tag-sera-gazi"],"yoast_head":"<!-- This site is optimized with the Yoast SEO plugin v25.6 - https:\/\/yoast.com\/wordpress\/plugins\/seo\/ -->\n<title>Karbon Emisyonu Nedir? - QuickCarbon<\/title>\n<meta name=\"description\" content=\"Karbon emisyonu; iklim de\u011fi\u015fikli\u011fi, k\u00fcresel \u0131s\u0131nma gibi bir\u00e7ok \u00e7evresel sorunun merkezinde yer alan bir konudur. \u0130nsan faaliyetleri sonucunda atmosferde giderek artan karbondioksit, do\u011fadaki dengenin bozulmas\u0131na sebep olur. Bu durum ciddi ekolojik sorunlar\u0131 beraberinde getirir. Birka\u00e7 on y\u0131ld\u0131r en \u00f6nemli \u00e7evre konular\u0131ndan biri olan karbon emisyonu hakk\u0131nda bilinmesi gerekenleri detayl\u0131ca inceleyelim.\" \/>\n<meta name=\"robots\" content=\"index, follow, max-snippet:-1, max-image-preview:large, max-video-preview:-1\" \/>\n<link rel=\"canonical\" href=\"https:\/\/www.quickcarbon.com\/tr\/blog\/karbon-emisyonu-nedir\/\" \/>\n<meta property=\"og:locale\" content=\"tr_TR\" \/>\n<meta property=\"og:type\" content=\"article\" \/>\n<meta property=\"og:title\" content=\"Karbon Emisyonu Nedir? - QuickCarbon\" \/>\n<meta property=\"og:description\" content=\"Karbon emisyonu; iklim de\u011fi\u015fikli\u011fi, k\u00fcresel \u0131s\u0131nma gibi bir\u00e7ok \u00e7evresel sorunun merkezinde yer alan bir konudur. \u0130nsan faaliyetleri sonucunda atmosferde giderek artan karbondioksit, do\u011fadaki dengenin bozulmas\u0131na sebep olur. Bu durum ciddi ekolojik sorunlar\u0131 beraberinde getirir. Birka\u00e7 on y\u0131ld\u0131r en \u00f6nemli \u00e7evre konular\u0131ndan biri olan karbon emisyonu hakk\u0131nda bilinmesi gerekenleri detayl\u0131ca inceleyelim.\" \/>\n<meta property=\"og:url\" content=\"https:\/\/www.quickcarbon.com\/tr\/blog\/karbon-emisyonu-nedir\/\" \/>\n<meta property=\"og:site_name\" content=\"QuickCarbon\" \/>\n<meta property=\"article:publisher\" content=\"https:\/\/www.facebook.com\/quickcarbon\/\" \/>\n<meta property=\"article:published_time\" content=\"2024-07-22T06:00:00+00:00\" \/>\n<meta property=\"article:modified_time\" content=\"2024-09-16T11:47:32+00:00\" \/>\n<meta property=\"og:image\" content=\"https:\/\/www.quickcarbon.com\/tr\/wp-content\/uploads\/2024\/07\/9_Kapak-Gorsel.jpg\" \/>\n\t<meta property=\"og:image:width\" content=\"1072\" \/>\n\t<meta property=\"og:image:height\" content=\"666\" \/>\n\t<meta property=\"og:image:type\" content=\"image\/jpeg\" \/>\n<meta name=\"author\" content=\"Ya\u011fmur \u00c7a\u011flayan\" \/>\n<meta name=\"twitter:card\" content=\"summary_large_image\" \/>\n<meta name=\"twitter:creator\" content=\"@QuickCarbon_Tr\" \/>\n<meta name=\"twitter:site\" content=\"@QuickCarbon_Tr\" \/>\n<meta name=\"twitter:label1\" content=\"Written by\" \/>\n\t<meta name=\"twitter:data1\" content=\"Ya\u011fmur \u00c7a\u011flayan\" \/>\n\t<meta name=\"twitter:label2\" content=\"Est. reading time\" \/>\n\t<meta name=\"twitter:data2\" content=\"10 dakika\" \/>\n<script type=\"application\/ld+json\" class=\"yoast-schema-graph\">{\"@context\":\"https:\/\/schema.org\",\"@graph\":[{\"@type\":[\"Article\",\"BlogPosting\"],\"@id\":\"https:\/\/www.quickcarbon.com\/tr\/blog\/karbon-emisyonu-nedir\/#article\",\"isPartOf\":{\"@id\":\"https:\/\/www.quickcarbon.com\/tr\/blog\/karbon-emisyonu-nedir\/\"},\"author\":{\"name\":\"Ya\u011fmur \u00c7a\u011flayan\",\"@id\":\"https:\/\/www.quickcarbon.com\/tr\/#\/schema\/person\/bd56ede95e452c0ac7e5c4cebb2b8a03\"},\"headline\":\"Karbon Emisyonu Nedir?\",\"datePublished\":\"2024-07-22T06:00:00+00:00\",\"dateModified\":\"2024-09-16T11:47:32+00:00\",\"mainEntityOfPage\":{\"@id\":\"https:\/\/www.quickcarbon.com\/tr\/blog\/karbon-emisyonu-nedir\/\"},\"wordCount\":2004,\"publisher\":{\"@id\":\"https:\/\/www.quickcarbon.com\/tr\/#organization\"},\"image\":{\"@id\":\"https:\/\/www.quickcarbon.com\/tr\/blog\/karbon-emisyonu-nedir\/#primaryimage\"},\"thumbnailUrl\":\"https:\/\/www.quickcarbon.com\/tr\/wp-content\/uploads\/2024\/07\/9_Kapak-Gorsel.jpg\",\"keywords\":[\"emisyon\",\"karbon ayak izi\",\"karbon emisyonu\",\"karbon vergisi\",\"sera gaz\u0131\"],\"inLanguage\":\"tr\"},{\"@type\":\"WebPage\",\"@id\":\"https:\/\/www.quickcarbon.com\/tr\/blog\/karbon-emisyonu-nedir\/\",\"url\":\"https:\/\/www.quickcarbon.com\/tr\/blog\/karbon-emisyonu-nedir\/\",\"name\":\"Karbon Emisyonu Nedir? - QuickCarbon\",\"isPartOf\":{\"@id\":\"https:\/\/www.quickcarbon.com\/tr\/#website\"},\"primaryImageOfPage\":{\"@id\":\"https:\/\/www.quickcarbon.com\/tr\/blog\/karbon-emisyonu-nedir\/#primaryimage\"},\"image\":{\"@id\":\"https:\/\/www.quickcarbon.com\/tr\/blog\/karbon-emisyonu-nedir\/#primaryimage\"},\"thumbnailUrl\":\"https:\/\/www.quickcarbon.com\/tr\/wp-content\/uploads\/2024\/07\/9_Kapak-Gorsel.jpg\",\"datePublished\":\"2024-07-22T06:00:00+00:00\",\"dateModified\":\"2024-09-16T11:47:32+00:00\",\"description\":\"Karbon emisyonu; iklim de\u011fi\u015fikli\u011fi, k\u00fcresel \u0131s\u0131nma gibi bir\u00e7ok \u00e7evresel sorunun merkezinde yer alan bir konudur. \u0130nsan faaliyetleri sonucunda atmosferde giderek artan karbondioksit, do\u011fadaki dengenin bozulmas\u0131na sebep olur. Bu durum ciddi ekolojik sorunlar\u0131 beraberinde getirir. Birka\u00e7 on y\u0131ld\u0131r en \u00f6nemli \u00e7evre konular\u0131ndan biri olan karbon emisyonu hakk\u0131nda bilinmesi gerekenleri detayl\u0131ca inceleyelim.\",\"breadcrumb\":{\"@id\":\"https:\/\/www.quickcarbon.com\/tr\/blog\/karbon-emisyonu-nedir\/#breadcrumb\"},\"inLanguage\":\"tr\",\"potentialAction\":[{\"@type\":\"ReadAction\",\"target\":[\"https:\/\/www.quickcarbon.com\/tr\/blog\/karbon-emisyonu-nedir\/\"]}]},{\"@type\":\"ImageObject\",\"inLanguage\":\"tr\",\"@id\":\"https:\/\/www.quickcarbon.com\/tr\/blog\/karbon-emisyonu-nedir\/#primaryimage\",\"url\":\"https:\/\/www.quickcarbon.com\/tr\/wp-content\/uploads\/2024\/07\/9_Kapak-Gorsel.jpg\",\"contentUrl\":\"https:\/\/www.quickcarbon.com\/tr\/wp-content\/uploads\/2024\/07\/9_Kapak-Gorsel.jpg\",\"width\":1072,\"height\":666},{\"@type\":\"BreadcrumbList\",\"@id\":\"https:\/\/www.quickcarbon.com\/tr\/blog\/karbon-emisyonu-nedir\/#breadcrumb\",\"itemListElement\":[{\"@type\":\"ListItem\",\"position\":1,\"name\":\"Ana Sayfa\",\"item\":\"https:\/\/www.quickcarbon.com\/tr\/\"},{\"@type\":\"ListItem\",\"position\":2,\"name\":\"Karbon Emisyonu Nedir?\"}]},{\"@type\":\"WebSite\",\"@id\":\"https:\/\/www.quickcarbon.com\/tr\/#website\",\"url\":\"https:\/\/www.quickcarbon.com\/tr\/\",\"name\":\"QuickCarbon\",\"description\":\"Take Control of Your Corporate Carbon Footprint\",\"publisher\":{\"@id\":\"https:\/\/www.quickcarbon.com\/tr\/#organization\"},\"alternateName\":\"QC\",\"potentialAction\":[{\"@type\":\"SearchAction\",\"target\":{\"@type\":\"EntryPoint\",\"urlTemplate\":\"https:\/\/www.quickcarbon.com\/tr\/?s={search_term_string}\"},\"query-input\":{\"@type\":\"PropertyValueSpecification\",\"valueRequired\":true,\"valueName\":\"search_term_string\"}}],\"inLanguage\":\"tr\"},{\"@type\":\"Organization\",\"@id\":\"https:\/\/www.quickcarbon.com\/tr\/#organization\",\"name\":\"QuickCarbon\",\"alternateName\":\"QC\",\"url\":\"https:\/\/www.quickcarbon.com\/tr\/\",\"logo\":{\"@type\":\"ImageObject\",\"inLanguage\":\"tr\",\"@id\":\"https:\/\/www.quickcarbon.com\/tr\/#\/schema\/logo\/image\/\",\"url\":\"https:\/\/www.quickcarbon.com\/tr\/wp-content\/uploads\/2023\/09\/cropped-qc_favicon-1.png\",\"contentUrl\":\"https:\/\/www.quickcarbon.com\/tr\/wp-content\/uploads\/2023\/09\/cropped-qc_favicon-1.png\",\"width\":512,\"height\":512,\"caption\":\"QuickCarbon\"},\"image\":{\"@id\":\"https:\/\/www.quickcarbon.com\/tr\/#\/schema\/logo\/image\/\"},\"sameAs\":[\"https:\/\/www.facebook.com\/quickcarbon\/\",\"https:\/\/x.com\/QuickCarbon_Tr\",\"https:\/\/www.instagram.com\/quickcarbon_official\/\",\"https:\/\/www.linkedin.com\/showcase\/quickcarbon-\/\"]},{\"@type\":\"Person\",\"@id\":\"https:\/\/www.quickcarbon.com\/tr\/#\/schema\/person\/bd56ede95e452c0ac7e5c4cebb2b8a03\",\"name\":\"Ya\u011fmur \u00c7a\u011flayan\",\"image\":{\"@type\":\"ImageObject\",\"inLanguage\":\"tr\",\"@id\":\"https:\/\/www.quickcarbon.com\/tr\/#\/schema\/person\/image\/\",\"url\":\"https:\/\/secure.gravatar.com\/avatar\/ec43c587f3616c1e2cb7b9b4e70d8edfdc2a98fbc7b503abc442f8621f5f5559?s=96&d=mm&r=g\",\"contentUrl\":\"https:\/\/secure.gravatar.com\/avatar\/ec43c587f3616c1e2cb7b9b4e70d8edfdc2a98fbc7b503abc442f8621f5f5559?s=96&d=mm&r=g\",\"caption\":\"Ya\u011fmur \u00c7a\u011flayan\"},\"sameAs\":[\"https:\/\/www.quickcarbon.com\"]}]}<\/script>\n<!-- \/ Yoast SEO plugin. -->","yoast_head_json":{"title":"Karbon Emisyonu Nedir? - QuickCarbon","description":"Karbon emisyonu; iklim de\u011fi\u015fikli\u011fi, k\u00fcresel \u0131s\u0131nma gibi bir\u00e7ok \u00e7evresel sorunun merkezinde yer alan bir konudur. \u0130nsan faaliyetleri sonucunda atmosferde giderek artan karbondioksit, do\u011fadaki dengenin bozulmas\u0131na sebep olur. Bu durum ciddi ekolojik sorunlar\u0131 beraberinde getirir. Birka\u00e7 on y\u0131ld\u0131r en \u00f6nemli \u00e7evre konular\u0131ndan biri olan karbon emisyonu hakk\u0131nda bilinmesi gerekenleri detayl\u0131ca inceleyelim.","robots":{"index":"index","follow":"follow","max-snippet":"max-snippet:-1","max-image-preview":"max-image-preview:large","max-video-preview":"max-video-preview:-1"},"canonical":"https:\/\/www.quickcarbon.com\/tr\/blog\/karbon-emisyonu-nedir\/","og_locale":"tr_TR","og_type":"article","og_title":"Karbon Emisyonu Nedir? - QuickCarbon","og_description":"Karbon emisyonu; iklim de\u011fi\u015fikli\u011fi, k\u00fcresel \u0131s\u0131nma gibi bir\u00e7ok \u00e7evresel sorunun merkezinde yer alan bir konudur. \u0130nsan faaliyetleri sonucunda atmosferde giderek artan karbondioksit, do\u011fadaki dengenin bozulmas\u0131na sebep olur. Bu durum ciddi ekolojik sorunlar\u0131 beraberinde getirir. Birka\u00e7 on y\u0131ld\u0131r en \u00f6nemli \u00e7evre konular\u0131ndan biri olan karbon emisyonu hakk\u0131nda bilinmesi gerekenleri detayl\u0131ca inceleyelim.","og_url":"https:\/\/www.quickcarbon.com\/tr\/blog\/karbon-emisyonu-nedir\/","og_site_name":"QuickCarbon","article_publisher":"https:\/\/www.facebook.com\/quickcarbon\/","article_published_time":"2024-07-22T06:00:00+00:00","article_modified_time":"2024-09-16T11:47:32+00:00","og_image":[{"width":1072,"height":666,"url":"https:\/\/www.quickcarbon.com\/tr\/wp-content\/uploads\/2024\/07\/9_Kapak-Gorsel.jpg","type":"image\/jpeg"}],"author":"Ya\u011fmur \u00c7a\u011flayan","twitter_card":"summary_large_image","twitter_creator":"@QuickCarbon_Tr","twitter_site":"@QuickCarbon_Tr","twitter_misc":{"Written by":"Ya\u011fmur \u00c7a\u011flayan","Est. reading time":"10 dakika"},"schema":{"@context":"https:\/\/schema.org","@graph":[{"@type":["Article","BlogPosting"],"@id":"https:\/\/www.quickcarbon.com\/tr\/blog\/karbon-emisyonu-nedir\/#article","isPartOf":{"@id":"https:\/\/www.quickcarbon.com\/tr\/blog\/karbon-emisyonu-nedir\/"},"author":{"name":"Ya\u011fmur \u00c7a\u011flayan","@id":"https:\/\/www.quickcarbon.com\/tr\/#\/schema\/person\/bd56ede95e452c0ac7e5c4cebb2b8a03"},"headline":"Karbon Emisyonu Nedir?","datePublished":"2024-07-22T06:00:00+00:00","dateModified":"2024-09-16T11:47:32+00:00","mainEntityOfPage":{"@id":"https:\/\/www.quickcarbon.com\/tr\/blog\/karbon-emisyonu-nedir\/"},"wordCount":2004,"publisher":{"@id":"https:\/\/www.quickcarbon.com\/tr\/#organization"},"image":{"@id":"https:\/\/www.quickcarbon.com\/tr\/blog\/karbon-emisyonu-nedir\/#primaryimage"},"thumbnailUrl":"https:\/\/www.quickcarbon.com\/tr\/wp-content\/uploads\/2024\/07\/9_Kapak-Gorsel.jpg","keywords":["emisyon","karbon ayak izi","karbon emisyonu","karbon vergisi","sera gaz\u0131"],"inLanguage":"tr"},{"@type":"WebPage","@id":"https:\/\/www.quickcarbon.com\/tr\/blog\/karbon-emisyonu-nedir\/","url":"https:\/\/www.quickcarbon.com\/tr\/blog\/karbon-emisyonu-nedir\/","name":"Karbon Emisyonu Nedir? - QuickCarbon","isPartOf":{"@id":"https:\/\/www.quickcarbon.com\/tr\/#website"},"primaryImageOfPage":{"@id":"https:\/\/www.quickcarbon.com\/tr\/blog\/karbon-emisyonu-nedir\/#primaryimage"},"image":{"@id":"https:\/\/www.quickcarbon.com\/tr\/blog\/karbon-emisyonu-nedir\/#primaryimage"},"thumbnailUrl":"https:\/\/www.quickcarbon.com\/tr\/wp-content\/uploads\/2024\/07\/9_Kapak-Gorsel.jpg","datePublished":"2024-07-22T06:00:00+00:00","dateModified":"2024-09-16T11:47:32+00:00","description":"Karbon emisyonu; iklim de\u011fi\u015fikli\u011fi, k\u00fcresel \u0131s\u0131nma gibi bir\u00e7ok \u00e7evresel sorunun merkezinde yer alan bir konudur. \u0130nsan faaliyetleri sonucunda atmosferde giderek artan karbondioksit, do\u011fadaki dengenin bozulmas\u0131na sebep olur. Bu durum ciddi ekolojik sorunlar\u0131 beraberinde getirir. Birka\u00e7 on y\u0131ld\u0131r en \u00f6nemli \u00e7evre konular\u0131ndan biri olan karbon emisyonu hakk\u0131nda bilinmesi gerekenleri detayl\u0131ca inceleyelim.","breadcrumb":{"@id":"https:\/\/www.quickcarbon.com\/tr\/blog\/karbon-emisyonu-nedir\/#breadcrumb"},"inLanguage":"tr","potentialAction":[{"@type":"ReadAction","target":["https:\/\/www.quickcarbon.com\/tr\/blog\/karbon-emisyonu-nedir\/"]}]},{"@type":"ImageObject","inLanguage":"tr","@id":"https:\/\/www.quickcarbon.com\/tr\/blog\/karbon-emisyonu-nedir\/#primaryimage","url":"https:\/\/www.quickcarbon.com\/tr\/wp-content\/uploads\/2024\/07\/9_Kapak-Gorsel.jpg","contentUrl":"https:\/\/www.quickcarbon.com\/tr\/wp-content\/uploads\/2024\/07\/9_Kapak-Gorsel.jpg","width":1072,"height":666},{"@type":"BreadcrumbList","@id":"https:\/\/www.quickcarbon.com\/tr\/blog\/karbon-emisyonu-nedir\/#breadcrumb","itemListElement":[{"@type":"ListItem","position":1,"name":"Ana Sayfa","item":"https:\/\/www.quickcarbon.com\/tr\/"},{"@type":"ListItem","position":2,"name":"Karbon Emisyonu Nedir?"}]},{"@type":"WebSite","@id":"https:\/\/www.quickcarbon.com\/tr\/#website","url":"https:\/\/www.quickcarbon.com\/tr\/","name":"QuickCarbon","description":"Take Control of Your Corporate Carbon Footprint","publisher":{"@id":"https:\/\/www.quickcarbon.com\/tr\/#organization"},"alternateName":"QC","potentialAction":[{"@type":"SearchAction","target":{"@type":"EntryPoint","urlTemplate":"https:\/\/www.quickcarbon.com\/tr\/?s={search_term_string}"},"query-input":{"@type":"PropertyValueSpecification","valueRequired":true,"valueName":"search_term_string"}}],"inLanguage":"tr"},{"@type":"Organization","@id":"https:\/\/www.quickcarbon.com\/tr\/#organization","name":"QuickCarbon","alternateName":"QC","url":"https:\/\/www.quickcarbon.com\/tr\/","logo":{"@type":"ImageObject","inLanguage":"tr","@id":"https:\/\/www.quickcarbon.com\/tr\/#\/schema\/logo\/image\/","url":"https:\/\/www.quickcarbon.com\/tr\/wp-content\/uploads\/2023\/09\/cropped-qc_favicon-1.png","contentUrl":"https:\/\/www.quickcarbon.com\/tr\/wp-content\/uploads\/2023\/09\/cropped-qc_favicon-1.png","width":512,"height":512,"caption":"QuickCarbon"},"image":{"@id":"https:\/\/www.quickcarbon.com\/tr\/#\/schema\/logo\/image\/"},"sameAs":["https:\/\/www.facebook.com\/quickcarbon\/","https:\/\/x.com\/QuickCarbon_Tr","https:\/\/www.instagram.com\/quickcarbon_official\/","https:\/\/www.linkedin.com\/showcase\/quickcarbon-\/"]},{"@type":"Person","@id":"https:\/\/www.quickcarbon.com\/tr\/#\/schema\/person\/bd56ede95e452c0ac7e5c4cebb2b8a03","name":"Ya\u011fmur \u00c7a\u011flayan","image":{"@type":"ImageObject","inLanguage":"tr","@id":"https:\/\/www.quickcarbon.com\/tr\/#\/schema\/person\/image\/","url":"https:\/\/secure.gravatar.com\/avatar\/ec43c587f3616c1e2cb7b9b4e70d8edfdc2a98fbc7b503abc442f8621f5f5559?s=96&d=mm&r=g","contentUrl":"https:\/\/secure.gravatar.com\/avatar\/ec43c587f3616c1e2cb7b9b4e70d8edfdc2a98fbc7b503abc442f8621f5f5559?s=96&d=mm&r=g","caption":"Ya\u011fmur \u00c7a\u011flayan"},"sameAs":["https:\/\/www.quickcarbon.com"]}]}},"_links":{"self":[{"href":"https:\/\/www.quickcarbon.com\/tr\/wp-json\/wp\/v2\/posts\/1174","targetHints":{"allow":["GET"]}}],"collection":[{"href":"https:\/\/www.quickcarbon.com\/tr\/wp-json\/wp\/v2\/posts"}],"about":[{"href":"https:\/\/www.quickcarbon.com\/tr\/wp-json\/wp\/v2\/types\/post"}],"author":[{"embeddable":true,"href":"https:\/\/www.quickcarbon.com\/tr\/wp-json\/wp\/v2\/users\/2"}],"replies":[{"embeddable":true,"href":"https:\/\/www.quickcarbon.com\/tr\/wp-json\/wp\/v2\/comments?post=1174"}],"version-history":[{"count":2,"href":"https:\/\/www.quickcarbon.com\/tr\/wp-json\/wp\/v2\/posts\/1174\/revisions"}],"predecessor-version":[{"id":1419,"href":"https:\/\/www.quickcarbon.com\/tr\/wp-json\/wp\/v2\/posts\/1174\/revisions\/1419"}],"wp:featuredmedia":[{"embeddable":true,"href":"https:\/\/www.quickcarbon.com\/tr\/wp-json\/wp\/v2\/media\/1175"}],"wp:attachment":[{"href":"https:\/\/www.quickcarbon.com\/tr\/wp-json\/wp\/v2\/media?parent=1174"}],"wp:term":[{"taxonomy":"category","embeddable":true,"href":"https:\/\/www.quickcarbon.com\/tr\/wp-json\/wp\/v2\/categories?post=1174"},{"taxonomy":"post_tag","embeddable":true,"href":"https:\/\/www.quickcarbon.com\/tr\/wp-json\/wp\/v2\/tags?post=1174"}],"curies":[{"name":"wp","href":"https:\/\/api.w.org\/{rel}","templated":true}]}}