{"id":1265,"date":"2024-08-29T14:05:43","date_gmt":"2024-08-29T11:05:43","guid":{"rendered":"https:\/\/www.quickcarbon.com\/tr\/?p=1265"},"modified":"2024-09-18T12:38:42","modified_gmt":"2024-09-18T09:38:42","slug":"karbon-ayak-izi-nasil-azaltilir","status":"publish","type":"post","link":"https:\/\/www.quickcarbon.com\/tr\/blog\/karbon-ayak-izi-nasil-azaltilir\/","title":{"rendered":"Karbon Ayak \u0130zi Nas\u0131l Azalt\u0131l\u0131r?"},"content":{"rendered":"\n<div class=\"wp-block-columns is-layout-flex wp-container-core-columns-is-layout-9d6595d7 wp-block-columns-is-layout-flex\">\n<div class=\"wp-block-column is-layout-flow wp-block-column-is-layout-flow\">\n<p>G\u00fcn i\u00e7erisinde yap\u0131lan yemek yemek veya du\u015f almak gibi s\u0131radan aktiviteler, \u00e7e\u015fitli firmalar\u0131n ve kurumlar\u0131n faaliyetleri \u00e7evreye olduk\u00e7a ciddi zararlar verebiliyor. \u00d6zellikle \u015firketlerin ger\u00e7ekle\u015ftirdi\u011fi \u00fcretim faaliyetleri sonucu atmosfere yay\u0131lan karbon miktar\u0131n\u0131n artmas\u0131, d\u00fcnyan\u0131n her ge\u00e7en g\u00fcn biraz daha \u0131s\u0131nmas\u0131na neden oluyor. Bu nedenle karbon ayak izinin azalt\u0131lmas\u0131 i\u00e7in bir an \u00f6nce ad\u0131m atmak gerekiyor. Bireylerin ve \u015firketlerin yapaca\u011f\u0131 k\u00fc\u00e7\u00fck de\u011fi\u015fiklikler bile bu konuda b\u00fcy\u00fck farklar yarat\u0131lmas\u0131n\u0131 sa\u011flayabilir.<\/p>\n<\/div>\n<\/div>\n\n\n\n<h2 class=\"wp-block-heading\"><strong>Karbon Ayak \u0130zi Nedir?<\/strong><\/h2>\n\n\n\n<p>Bir \u00fcr\u00fcn\u00fcn \u00fcretilmesi ya da insanlar\u0131n ve kurumlar\u0131n faaliyetleri sonucu atmosfere yay\u0131lan toplam sera gaz\u0131 (GHG) emisyonlar\u0131n\u0131n miktar\u0131, karbon ayak izi olarak adland\u0131r\u0131l\u0131r. Evlerde enerji kullan\u0131m\u0131, g\u0131da, ula\u015f\u0131m ve benzeri faaliyetler bireysel karbon ayak izini olu\u015ftururken bir \u015firketin faaliyetleri sonucunda do\u011frudan ya da dolayl\u0131 olarak atmosfere sal\u0131nan karbon miktar\u0131 da kurumsal ayak izini olu\u015fturur. Karbon ayak izi ne kadar fazlaysa \u00e7evre \u00fczerindeki olumsuz etkileri de o kadar fazla demektir.<\/p>\n\n\n\n<p>Karbon ayak izi, bir \u00fcr\u00fcn ya da hizmetin ya\u015fam s\u00fcresinin her a\u015famas\u0131nda (malzeme \u00fcretimi, imalat, kullan\u0131m ve ya\u015fam sonu gibi) olu\u015fan emisyonlar\u0131n toplanmas\u0131yla hesaplan\u0131r.<\/p>\n\n\n\n<figure class=\"wp-block-image size-full\"><img loading=\"lazy\" decoding=\"async\" width=\"1072\" height=\"666\" src=\"https:\/\/www.quickcarbon.com\/tr\/wp-content\/uploads\/2024\/08\/Karbon-Ayak-I\u2560czi-Nas\u2500\u2592l-Azalt\u2500\u2592l\u2500\u2592r-.jpg\" alt=\"\" class=\"wp-image-1267\"\/><\/figure>\n\n\n\n<h2 class=\"wp-block-heading\"><strong>Karbon Ayak \u0130zi Nas\u0131l Azalt\u0131l\u0131r?<\/strong><\/h2>\n\n\n\n<p>Birle\u015fmi\u015f Milletler taraf\u0131ndan yap\u0131lan <a href=\"https:\/\/www.un.org\/en\/desa\/world-population-projected-reach-98-billion-2050-and-112-billion-2100\">tahminlere<\/a> g\u00f6re d\u00fcnya n\u00fcfusunun 2050 y\u0131l\u0131na kadar 9,8 milyara, bu y\u00fczy\u0131l\u0131n sonuna kadar da 11 milyar\u0131n \u00fczerine \u00e7\u0131kmas\u0131 bekleniyor. Bu durum bir yandan d\u00fcnyan\u0131n do\u011fal kaynaklar\u0131n\u0131 t\u00fcketirken di\u011fer yandan da karbon emisyonlar\u0131n\u0131n artmas\u0131na neden olacak. Bunun bir sonucu olarak da iklim de\u011fi\u015fikli\u011finin tetiklenmesi ve insanl\u0131\u011f\u0131 tehdit edebilecek \u00e7ok ciddi sorunlar\u0131n ortaya \u00e7\u0131kmas\u0131 muhtemel. Karbon ayak izinin azalt\u0131lmas\u0131 i\u00e7in at\u0131labilecek ilk ad\u0131msa karbon ayak izini tan\u0131mak ve \u00e7evresel etkileri hakk\u0131nda fark\u0131ndal\u0131k sahibi olmak.<\/p>\n\n\n\n<p>Bug\u00fcn bireylerin ve kurumlar\u0131n alaca\u011f\u0131 \u00f6nlemler, karbon ayak izinin azalt\u0131lmas\u0131 ve \u00e7evresel s\u00fcrd\u00fcr\u00fclebilirli\u011fin sa\u011flanmas\u0131 a\u00e7\u0131s\u0131ndan \u00f6nemlidir. Bu nedenle bireylere ve kurumlara karbon ayak izinin azalt\u0131lmas\u0131 konusunda birtak\u0131m g\u00f6revler d\u00fc\u015f\u00fcyor.<\/p>\n\n\n\n<h2 class=\"wp-block-heading\"><strong>Bireysel Karbon Ayak \u0130zi Nas\u0131l Azalt\u0131l\u0131r?<\/strong><\/h2>\n\n\n\n<p>G\u0131da t\u00fcketimi, giyim tercihleri, ula\u015f\u0131m y\u00f6ntemleri ve enerji kullan\u0131m\u0131 konusunda al\u0131nacak bireysel \u00f6nlemler, her ne kadar k\u00fc\u00e7\u00fck g\u00f6r\u00fcnse de b\u00fcy\u00fck fark yaratabilecek ad\u0131mlar olabilir. Bu nedenle bireysel karbon ayak izinin azalt\u0131lmas\u0131 i\u00e7in \u015fu \u00f6nerileri dikkate alabilirsiniz:<\/p>\n\n\n\n<p class=\"has-medium-font-size\"><strong>G\u0131da<\/strong><\/p>\n\n\n\n<p>G\u0131da tercihlerinin iklim \u00fczerindeki etkisi art\u0131k bilinen bir ger\u00e7ek. Bug\u00fcn g\u0131da \u00fcretimine ba\u011fl\u0131 sera gaz\u0131 emisyonlar\u0131n\u0131n yakla\u015f\u0131k %60&#8217;l\u0131k k\u0131sm\u0131 et \u00fcretiminden kaynaklan\u0131yor. Et \u00fcretiminin t\u00fcm k\u00fcresel emisyonlar\u0131n i\u00e7erisindeki pay\u0131ysa %35. Gevi\u015f getiren hayvanlar\u0131n mikrobiyal fermantasyonu ya da yem ta\u015f\u0131mak \u00fczere makine kullan\u0131m\u0131 gibi baz\u0131 fakt\u00f6rler karbon emisyonlar\u0131n\u0131n artmas\u0131na neden oluyor. Bu y\u00fczden \u00f6zellikle s\u0131\u011f\u0131r eti t\u00fcketiminin s\u0131n\u0131rland\u0131r\u0131lmas\u0131 son derece \u00f6nemli.<\/p>\n\n\n\n<p>Yerel ve mevsimler \u00fcr\u00fcnler t\u00fcketmek, s\u00fcrd\u00fcr\u00fclebilir bal\u0131k\u00e7\u0131l\u0131k y\u00f6ntemleriyle avlanan bal\u0131klar\u0131 tercih etmek, geri d\u00f6n\u00fc\u015ft\u00fcr\u00fclebilir al\u0131\u015fveri\u015f \u00e7antalar\u0131 kullanmak, yiyecek at\u0131klar\u0131n\u0131 komposto yapmak ya da at\u0131k kutular\u0131na yerle\u015ftirmek ve israf\u0131n \u00f6nlenmesi ad\u0131na ihtiya\u00e7lar d\u00e2hilinde al\u0131\u015fveri\u015f yapmak g\u0131da kaynakl\u0131 karbon emisyonlar\u0131n\u0131 azaltmak i\u00e7in alabilece\u011finiz di\u011fer bireysel \u00f6nlemler aras\u0131nda.<\/p>\n\n\n\n<figure class=\"wp-block-image size-full\"><img loading=\"lazy\" decoding=\"async\" width=\"1072\" height=\"666\" src=\"https:\/\/www.quickcarbon.com\/tr\/wp-content\/uploads\/2024\/08\/G\u2500\u2592da.jpg\" alt=\"\" class=\"wp-image-1268\"\/><\/figure>\n\n\n\n<p class=\"has-medium-font-size\"><strong>Ula\u015f\u0131m<\/strong><\/p>\n\n\n\n<p>Ara\u00e7 kullanmak ula\u015f\u0131m i\u00e7in en s\u0131k ba\u015fvurulan y\u00f6ntem olsa da ne yaz\u0131k ki karbon emisyonlar\u0131n\u0131n azalt\u0131lmas\u0131na yard\u0131mc\u0131 olmuyor. Bu nedenle k\u0131sa mesafeler i\u00e7in y\u00fcr\u00fcmek, toplu ta\u015f\u0131ma ara\u00e7lar\u0131n\u0131 kullanmak, bisiklet s\u00fcrmek ya da ba\u015fkalar\u0131yla ayn\u0131 yere seyahat ediyorsan\u0131z birden fazla ara\u00e7 yerine ara\u00e7 payla\u015f\u0131m\u0131n\u0131 tercih etmek \u00e7ok daha \u00e7evre dostu bir yakla\u015f\u0131md\u0131r.<\/p>\n\n\n\n<p class=\"has-medium-font-size\"><strong>Giyim<\/strong><\/p>\n\n\n\n<p>K\u0131yafet al\u0131rken ger\u00e7ekten ihtiya\u00e7 duyulan \u015feylere y\u00f6nelmek bu konuda \u00f6nemli bir ad\u0131m olabilir. Yeni giysiler almak yerine hasarl\u0131 giysileri onarmak, ikinci el k\u0131yafet d\u00fckk\u00e2nlar\u0131n\u0131 ziyaret etmek, takas etmek, kiralamak ya da geri d\u00f6n\u00fc\u015ft\u00fcr\u00fclm\u00fc\u015f malzemelerden \u00fcretilmi\u015f k\u0131yafetler sat\u0131n almak karbon emisyonlar\u0131n\u0131n azalt\u0131lmas\u0131na yard\u0131mc\u0131 olabilir.<\/p>\n\n\n\n<p class=\"has-medium-font-size\"><strong>Enerji Kullan\u0131m\u0131<\/strong><\/p>\n\n\n\n<p>Klima, k\u00fcresel sera gaz\u0131 emisyonlar\u0131n\u0131n %4&#8217;\u00fcn\u00fc, enerji kaynakl\u0131 sera gaz\u0131 emisyonlar\u0131n\u0131n da %40&#8217;\u0131n\u0131 olu\u015fturur. Kulland\u0131\u011f\u0131n\u0131z \u0131s\u0131tma ya da so\u011futma sistemlerinin performans\u0131n\u0131 sadece biraz d\u00fc\u015f\u00fcrerek bile karbon emisyonlar\u0131n\u0131n azalt\u0131lmas\u0131na katk\u0131 sa\u011flayabilirsiniz. Termostat\u0131n\u0131z\u0131 k\u0131\u015f\u0131n 1 derece d\u00fc\u015f\u00fck, yaz\u0131n 1 derece y\u00fcksek ayarlaman\u0131z y\u0131ll\u0131k karbon ayak izinizin 340 kilogram azalmas\u0131n\u0131 sa\u011flar.<\/p>\n\n\n\n<p>Kullanmad\u0131\u011f\u0131n\u0131z zamanlarda elektronik cihazlar\u0131 kapal\u0131 tutmak, g\u00fcne\u015f panelleri kurmak, s\u00fcrekli g\u00fc\u00e7 gerektiren cihazlar\u0131 tek bir prize ba\u011fl\u0131 tutmak, odadan \u00e7\u0131k\u0131nca \u0131\u015f\u0131klar\u0131 kapatmak, enerji verimli cihazlar tercih etmek ve yal\u0131t\u0131m sistemleri kullanmak da enerji t\u00fcketimini azaltmak i\u00e7in at\u0131labilecek di\u011fer ad\u0131mlar aras\u0131nda yer al\u0131yor.<\/p>\n\n\n\n<figure class=\"wp-block-image size-full\"><img loading=\"lazy\" decoding=\"async\" width=\"1072\" height=\"666\" src=\"https:\/\/www.quickcarbon.com\/tr\/wp-content\/uploads\/2024\/08\/Enerji-Kullan\u2500\u2592m\u2500\u2592.jpg\" alt=\"\" class=\"wp-image-1270\"\/><\/figure>\n\n\n\n<h2 class=\"wp-block-heading\"><strong>Kurumsal Karbon Ayak \u0130zi Nas\u0131l Azalt\u0131l\u0131r?<\/strong><\/h2>\n\n\n\n<p>Kurumsal karbon ayak izinin azalt\u0131lmas\u0131 gezegenin sa\u011fl\u0131\u011f\u0131n\u0131 koruma alt\u0131na al\u0131rken \u015firketlerin gelece\u011fini de daha parlak bir noktaya ta\u015f\u0131yabilir. \u0130novatif teknolojiler \u00fcretmek, \u015firket itibar\u0131n\u0131 g\u00fc\u00e7lendirmek, yat\u0131r\u0131mc\u0131lar\u0131n ilgisini \u00e7ekmek ve finansal \u015firketlerden g\u00fcvenoyu almak karbon emisyonlar\u0131n\u0131n azalt\u0131lmas\u0131yla m\u00fcmk\u00fcnd\u00fcr. \u015eirketler i\u00e7in karbon emisyonlar\u0131n\u0131 azaltmak, uzun vadeli ba\u015far\u0131 elde etmek ve s\u0131f\u0131r karbon emisyonu hedeflerine ula\u015f\u0131labilmesini desteklemek i\u00e7in al\u0131nabilecek \u00f6nlemler \u015fu \u015fekilde s\u0131ralanabilir:<\/p>\n\n\n\n<p class=\"has-medium-font-size\"><strong>Yenilenebilir Enerji Kullan\u0131m\u0131<\/strong><\/p>\n\n\n\n<p>International Energy Agency (Uluslararas\u0131 Enerji Ajans\u0131) taraf\u0131ndan a\u00e7\u0131klanan <a href=\"https:\/\/www.iea.org\/reports\/electricity-market-report-july-2022\">verilere<\/a> g\u00f6re yenilenebilir enerji kullan\u0131m\u0131 2022 y\u0131l\u0131nda %10 oran\u0131nda artm\u0131\u015ft\u0131r ve bu durum umut verici bir g\u00f6stergedir. Ayn\u0131 y\u0131l i\u00e7erisinde kapasite 295 gigavatla da rekor k\u0131rm\u0131\u015ft\u0131r. Yap\u0131lan tahminler, 2050 y\u0131l\u0131na dek d\u00fcnya elektri\u011finin y\u00fczde 90&#8217;l\u0131k k\u0131sm\u0131n\u0131n yenilenebilir enerji kaynaklar\u0131ndan elde edilece\u011fini de g\u00f6steriyor.<\/p>\n\n\n\n<p>R\u00fczg\u00e2r, g\u00fcne\u015f ve hidroelektrik gibi yenilenebilir enerji kaynaklar\u0131 s\u0131f\u0131r oran\u0131nda ya da \u00e7ok d\u00fc\u015f\u00fck miktarlarda sera gaz\u0131 emisyonu \u00fcretir. Ayr\u0131ca fosil yak\u0131tlara olan ba\u011f\u0131ml\u0131l\u0131\u011f\u0131 azaltaca\u011f\u0131 i\u00e7in hava kirlilili\u011finin \u00f6nlenmesine de katk\u0131 sa\u011flayabilir. \u015eirketler, faaliyetlerini g\u00fc\u00e7l\u00fc bir \u015fekilde s\u00fcrd\u00fcrebilmek i\u00e7in yenilenebilir enerji kaynaklar\u0131n\u0131 kullanman\u0131n yan\u0131 s\u0131ra karbon y\u00f6netimi yaz\u0131l\u0131mlar\u0131 da kullanabilir.<\/p>\n\n\n\n<p class=\"has-medium-font-size\"><strong>Karbon Emisyonlar\u0131n\u0131n Dengelenmesi<\/strong><\/p>\n\n\n\n<p>Atmosferden emilen her bir ton karbon, karbon emisyonlar\u0131n\u0131n dengelenmesini sa\u011flar. Bu y\u00fczden \u015firketlerin sera gazlar\u0131n\u0131n atmosferden uzakla\u015ft\u0131r\u0131lmas\u0131n\u0131 sa\u011flayacak projelere yat\u0131r\u0131m yapmas\u0131 gerekir. \u00d6rne\u011fin herhangi bir \u015firketin atmosferdeki karbonu emen a\u011fa\u00e7lar\u0131n dikilece\u011fi bir projeye yat\u0131r\u0131m yapmas\u0131, karbon emisyonlar\u0131n\u0131 dengelemek i\u00e7in yap\u0131labilecek en do\u011fru hamlelerden biridir.<\/p>\n\n\n\n<p class=\"has-medium-font-size\"><strong>Enerji Verimlili\u011finin Art\u0131r\u0131lmas\u0131<\/strong><\/p>\n\n\n\n<p>\u0130\u015fletmelerin daha az enerji kullanarak tasarruf etmeleri enerji verimlili\u011fi sa\u011flar. Bu da karbon emisyonlar\u0131n\u0131n azalt\u0131lmas\u0131na destek olur. \u015eirket i\u00e7erisinde enerji tasarruflu cihazlar\u0131n kullan\u0131lmas\u0131, daha verimli ayd\u0131nlatma se\u00e7eneklerine ge\u00e7ilmesi ve g\u00fcne\u015f panelleri kurulmas\u0131 enerji verimlili\u011fi i\u00e7in yap\u0131labilecek eylemler aras\u0131nda g\u00f6sterilebilir. Ayr\u0131ca \u015firketiniz i\u00e7in \u00e7al\u0131\u015ft\u0131\u011f\u0131n\u0131z tedarik\u00e7ileri, karbon ayak izini azaltma hedefleri bulunan tedarik\u00e7iler aras\u0131ndan da se\u00e7ebilirsiniz.<\/p>\n\n\n\n<p class=\"has-medium-font-size\"><strong>At\u0131klar\u0131n Azalt\u0131lmas\u0131<\/strong><\/p>\n\n\n\n<p>\u00dcretim faaliyetleri k\u00fcresel \u00f6l\u00e7ekte \u00e7ok fazla at\u0131k olu\u015fmas\u0131na neden olur. At\u0131klar\u0131n azalt\u0131lmas\u0131 i\u00e7in at\u0131labilecek ad\u0131mlardan biri, do\u011fal kaynaklar\u0131n korunmas\u0131 i\u00e7in bu at\u0131klar\u0131n geri d\u00f6n\u00fc\u015ft\u00fcr\u00fclmesidir. Benzer \u015fekilde \u00e7evre dostu ambalajlar\u0131n kullan\u0131lmas\u0131 ve \u00fcretim verimlili\u011finde art\u0131\u015f sa\u011flanmas\u0131 da at\u0131klar\u0131n ve dolay\u0131s\u0131yla karbon emisyonlar\u0131n\u0131n azalt\u0131lmas\u0131na destek olur.<\/p>\n\n\n\n<figure class=\"wp-block-image size-full\"><img loading=\"lazy\" decoding=\"async\" width=\"1072\" height=\"666\" src=\"https:\/\/www.quickcarbon.com\/tr\/wp-content\/uploads\/2024\/08\/At\u2500\u2592klar\u2500\u2592n-Azalt\u2500\u2592lmas\u2500\u2592.jpg\" alt=\"\" class=\"wp-image-1269\"\/><\/figure>\n\n\n\n<h2 class=\"wp-block-heading\"><strong>Karbon Ayak \u0130zinin Azalt\u0131lmas\u0131 Neden \u00d6nemlidir?<\/strong><\/h2>\n\n\n\n<p>Karbon sal\u0131n\u0131m\u0131n\u0131n \u00e7evresel etkilerini \u00f6nlemek insan sa\u011fl\u0131\u011f\u0131n\u0131n yan\u0131 s\u0131ra d\u00fcnyadaki ekosistemlerin ve t\u00fcrlerin korunmas\u0131 a\u00e7\u0131s\u0131ndan da \u00f6nem ta\u015f\u0131r. Karbon ayak izinin azalt\u0131lmas\u0131yla elde edilebilecek baz\u0131 kazan\u0131mlar \u015fu \u015fekilde s\u0131ralanabilir:<\/p>\n\n\n\n<ul class=\"wp-block-list\">\n<li>\u0130klim de\u011fi\u015fikli\u011finin \u015fiddetli etkileri azalt\u0131labilir. \u00d6rne\u011fin a\u015f\u0131r\u0131 hava olaylar\u0131n\u0131n azalmas\u0131, hava ve su kalitesinin artmas\u0131 hem ya\u015fam kalitesini art\u0131r\u0131r hem sa\u011fl\u0131k \u00fczerindeki olumsuz etkileri azalt\u0131r.<\/li>\n\n\n\n<li>D\u00fc\u015f\u00fck karbon teknolojilerine yap\u0131lan yat\u0131r\u0131mlar enerji verimlili\u011fini art\u0131r\u0131r ve k\u00fcresel ekonomiye olumlu katk\u0131lar sa\u011flar. Ayr\u0131ca hava ve su kirlili\u011fine ba\u011fl\u0131 sa\u011fl\u0131k sorunlar\u0131n\u0131n azalmas\u0131yla birlikte sa\u011fl\u0131k sistemleri \u00fczerindeki bask\u0131 ve ekonomik y\u00fck de azal\u0131r.<\/li>\n\n\n\n<li>Karbon emisyonlar\u0131na ba\u011fl\u0131 iklim de\u011fi\u015fikli\u011fi ekosistemleri bozarak bitki ve hayvan t\u00fcrlerini tehdit eder. Karbon emisyonlar\u0131n\u0131n azalmas\u0131 ekosistem dengesinin korunmas\u0131 anlam\u0131na gelir. Bu da t\u00fcrlerin hayatta kalma \u015fans\u0131n\u0131 art\u0131r\u0131r.<\/li>\n\n\n\n<li>Okyanuslar atmosfere sal\u0131nan karbonun yakla\u015f\u0131k %30&#8217;luk k\u0131sm\u0131n\u0131 emer. Bu durumun do\u011fal bir sonucu olarak okyanuslar asitlenir ve okyanus ekosistemlerinin dengesi bozulur. \u00d6rne\u011fin belirli b\u00f6lgelerde meydana gelen mercan a\u011farmalar\u0131 okyanus asitlenmesinden kaynaklan\u0131r.<\/li>\n<\/ul>\n\n\n\n<p>Kutuplardaki buzullar\u0131n erimesi de yine atmosferdeki karbon miktar\u0131n\u0131n artmas\u0131na ba\u011fl\u0131d\u0131r. K\u00fcresel \u0131s\u0131nmaya ba\u011fl\u0131 olarak buzullar\u0131n erimesi deniz seviyelerinin y\u00fckselmesine ve ayn\u0131 zamanda kutuplardaki deniz buzunun 1979&#8217;dan bu yana b\u00fcy\u00fck bir oranda azalmas\u0131na neden olmu\u015ftur. Karbon emisyonlar\u0131n\u0131n azalt\u0131lmas\u0131yla deniz buzunun erimesine ba\u011fl\u0131 olarak bitki ve hayvan t\u00fcrlerinin ya\u015fam alanlar\u0131n\u0131n yok olmas\u0131, k\u0131y\u0131 habitat\u0131n\u0131n zarar g\u00f6rmesi gibi riskler ortadan kald\u0131r\u0131labilir.<\/p>\n\n\n\n<h2 class=\"wp-block-heading\"><strong>Gezegeni Korurken \u0130\u015fletmenizi S\u00fcrd\u00fcr\u00fclebilir H\u00e2le Getirin!<\/strong><\/h2>\n\n\n\n<p>\u00c7evresel sorumlulu\u011funuzu yerine getirmek i\u00e7in karbon emisyonlar\u0131n\u0131 azaltmak yaln\u0131zca d\u00fcnyan\u0131n ya\u015fanabilir bir yer olmas\u0131n\u0131 desteklemekle kalmaz, ayn\u0131 zamanda i\u015fletmenizin s\u00fcrd\u00fcr\u00fclebilirli\u011fini ve rekabet g\u00fcc\u00fcn\u00fc de art\u0131r\u0131r. Bu sebeple do\u011fru stratejiler geli\u015ftirmek i\u00e7in \u00f6ncelikle kurumsal ayak izinizi hesaplaman\u0131z gerekir. Siz de ISO 14064-1:2018 Standard\u0131 ve GHG Protocol\u2019e g\u00f6re hesaplama ve raporlama yapman\u0131z\u0131 sa\u011flayan kullan\u0131c\u0131 dostu QuickCarbon yaz\u0131l\u0131m\u0131m\u0131zla kurumsal karbon ayak izinizi hesaplayabilir, daha s\u00fcrd\u00fcr\u00fclebilir bir gelecek i\u00e7in en do\u011fru ad\u0131mlar\u0131 atabilirsiniz.<\/p>\n\n\n\n<div class=\"wp-block-columns is-layout-flex wp-container-core-columns-is-layout-9d6595d7 wp-block-columns-is-layout-flex\"><\/div>\n","protected":false},"excerpt":{"rendered":"<p>G\u00fcn i\u00e7erisinde yap\u0131lan yemek yemek veya du\u015f almak gibi s\u0131radan aktiviteler, \u00e7e\u015fitli firmalar\u0131n ve kurumlar\u0131n faaliyetleri \u00e7evreye olduk\u00e7a ciddi zararlar verebiliyor. \u00d6zellikle \u015firketlerin ger\u00e7ekle\u015ftirdi\u011fi \u00fcretim faaliyetleri sonucu atmosfere yay\u0131lan karbon miktar\u0131n\u0131n artmas\u0131, d\u00fcnyan\u0131n her ge\u00e7en g\u00fcn biraz daha \u0131s\u0131nmas\u0131na neden oluyor. Bu nedenle karbon ayak izinin azalt\u0131lmas\u0131 i\u00e7in bir an \u00f6nce ad\u0131m atmak gerekiyor. Bireylerin ve \u015firketlerin yapaca\u011f\u0131 k\u00fc\u00e7\u00fck de\u011fi\u015fiklikler bile bu konuda b\u00fcy\u00fck farklar yarat\u0131lmas\u0131n\u0131 sa\u011flayabilir.<\/p>\n","protected":false},"author":2,"featured_media":1266,"comment_status":"closed","ping_status":"open","sticky":false,"template":"","format":"standard","meta":{"footnotes":""},"categories":[1],"tags":[34,33],"class_list":["post-1265","post","type-post","status-publish","format-standard","has-post-thumbnail","hentry","category-genel","tag-karbon-ayak-izi","tag-karbon-emisyonu"],"yoast_head":"<!-- This site is optimized with the Yoast SEO plugin v25.6 - https:\/\/yoast.com\/wordpress\/plugins\/seo\/ -->\n<title>Karbon Ayak \u0130zi Nas\u0131l Azalt\u0131l\u0131r? - QuickCarbon<\/title>\n<meta name=\"description\" content=\"G\u00fcn i\u00e7erisinde yap\u0131lan yemek yemek veya du\u015f almak gibi s\u0131radan aktiviteler, \u00e7e\u015fitli firmalar\u0131n ve kurumlar\u0131n faaliyetleri \u00e7evreye olduk\u00e7a ciddi zararlar verebiliyor. \u00d6zellikle \u015firketlerin ger\u00e7ekle\u015ftirdi\u011fi \u00fcretim faaliyetleri sonucu atmosfere yay\u0131lan karbon miktar\u0131n\u0131n artmas\u0131, d\u00fcnyan\u0131n her ge\u00e7en g\u00fcn biraz daha \u0131s\u0131nmas\u0131na neden oluyor. Bu nedenle karbon ayak izinin azalt\u0131lmas\u0131 i\u00e7in bir an \u00f6nce ad\u0131m atmak gerekiyor. Bireylerin ve \u015firketlerin yapaca\u011f\u0131 k\u00fc\u00e7\u00fck de\u011fi\u015fiklikler bile bu konuda b\u00fcy\u00fck farklar yarat\u0131lmas\u0131n\u0131 sa\u011flayabilir.\" \/>\n<meta name=\"robots\" content=\"index, follow, max-snippet:-1, max-image-preview:large, max-video-preview:-1\" \/>\n<link rel=\"canonical\" href=\"https:\/\/www.quickcarbon.com\/tr\/blog\/karbon-ayak-izi-nasil-azaltilir\/\" \/>\n<meta property=\"og:locale\" content=\"tr_TR\" \/>\n<meta property=\"og:type\" content=\"article\" \/>\n<meta property=\"og:title\" content=\"Karbon Ayak \u0130zi Nas\u0131l Azalt\u0131l\u0131r? - QuickCarbon\" \/>\n<meta property=\"og:description\" content=\"G\u00fcn i\u00e7erisinde yap\u0131lan yemek yemek veya du\u015f almak gibi s\u0131radan aktiviteler, \u00e7e\u015fitli firmalar\u0131n ve kurumlar\u0131n faaliyetleri \u00e7evreye olduk\u00e7a ciddi zararlar verebiliyor. \u00d6zellikle \u015firketlerin ger\u00e7ekle\u015ftirdi\u011fi \u00fcretim faaliyetleri sonucu atmosfere yay\u0131lan karbon miktar\u0131n\u0131n artmas\u0131, d\u00fcnyan\u0131n her ge\u00e7en g\u00fcn biraz daha \u0131s\u0131nmas\u0131na neden oluyor. Bu nedenle karbon ayak izinin azalt\u0131lmas\u0131 i\u00e7in bir an \u00f6nce ad\u0131m atmak gerekiyor. Bireylerin ve \u015firketlerin yapaca\u011f\u0131 k\u00fc\u00e7\u00fck de\u011fi\u015fiklikler bile bu konuda b\u00fcy\u00fck farklar yarat\u0131lmas\u0131n\u0131 sa\u011flayabilir.\" \/>\n<meta property=\"og:url\" content=\"https:\/\/www.quickcarbon.com\/tr\/blog\/karbon-ayak-izi-nasil-azaltilir\/\" \/>\n<meta property=\"og:site_name\" content=\"QuickCarbon\" \/>\n<meta property=\"article:publisher\" content=\"https:\/\/www.facebook.com\/quickcarbon\/\" \/>\n<meta property=\"article:published_time\" content=\"2024-08-29T11:05:43+00:00\" \/>\n<meta property=\"article:modified_time\" content=\"2024-09-18T09:38:42+00:00\" \/>\n<meta property=\"og:image\" content=\"https:\/\/www.quickcarbon.com\/tr\/wp-content\/uploads\/2024\/08\/19_Kapak-Gorsel.jpg\" \/>\n\t<meta property=\"og:image:width\" content=\"1072\" \/>\n\t<meta property=\"og:image:height\" content=\"666\" \/>\n\t<meta property=\"og:image:type\" content=\"image\/jpeg\" \/>\n<meta name=\"author\" content=\"Ya\u011fmur \u00c7a\u011flayan\" \/>\n<meta name=\"twitter:card\" content=\"summary_large_image\" \/>\n<meta name=\"twitter:creator\" content=\"@QuickCarbon_Tr\" \/>\n<meta name=\"twitter:site\" content=\"@QuickCarbon_Tr\" \/>\n<meta name=\"twitter:label1\" content=\"Written by\" \/>\n\t<meta name=\"twitter:data1\" content=\"Ya\u011fmur \u00c7a\u011flayan\" \/>\n\t<meta name=\"twitter:label2\" content=\"Est. reading time\" \/>\n\t<meta name=\"twitter:data2\" content=\"9 dakika\" \/>\n<script type=\"application\/ld+json\" class=\"yoast-schema-graph\">{\"@context\":\"https:\/\/schema.org\",\"@graph\":[{\"@type\":[\"Article\",\"BlogPosting\"],\"@id\":\"https:\/\/www.quickcarbon.com\/tr\/blog\/karbon-ayak-izi-nasil-azaltilir\/#article\",\"isPartOf\":{\"@id\":\"https:\/\/www.quickcarbon.com\/tr\/blog\/karbon-ayak-izi-nasil-azaltilir\/\"},\"author\":{\"name\":\"Ya\u011fmur \u00c7a\u011flayan\",\"@id\":\"https:\/\/www.quickcarbon.com\/tr\/#\/schema\/person\/bd56ede95e452c0ac7e5c4cebb2b8a03\"},\"headline\":\"Karbon Ayak \u0130zi Nas\u0131l Azalt\u0131l\u0131r?\",\"datePublished\":\"2024-08-29T11:05:43+00:00\",\"dateModified\":\"2024-09-18T09:38:42+00:00\",\"mainEntityOfPage\":{\"@id\":\"https:\/\/www.quickcarbon.com\/tr\/blog\/karbon-ayak-izi-nasil-azaltilir\/\"},\"wordCount\":1815,\"publisher\":{\"@id\":\"https:\/\/www.quickcarbon.com\/tr\/#organization\"},\"image\":{\"@id\":\"https:\/\/www.quickcarbon.com\/tr\/blog\/karbon-ayak-izi-nasil-azaltilir\/#primaryimage\"},\"thumbnailUrl\":\"https:\/\/www.quickcarbon.com\/tr\/wp-content\/uploads\/2024\/08\/19_Kapak-Gorsel.jpg\",\"keywords\":[\"karbon ayak izi\",\"karbon emisyonu\"],\"inLanguage\":\"tr\"},{\"@type\":\"WebPage\",\"@id\":\"https:\/\/www.quickcarbon.com\/tr\/blog\/karbon-ayak-izi-nasil-azaltilir\/\",\"url\":\"https:\/\/www.quickcarbon.com\/tr\/blog\/karbon-ayak-izi-nasil-azaltilir\/\",\"name\":\"Karbon Ayak \u0130zi Nas\u0131l Azalt\u0131l\u0131r? - QuickCarbon\",\"isPartOf\":{\"@id\":\"https:\/\/www.quickcarbon.com\/tr\/#website\"},\"primaryImageOfPage\":{\"@id\":\"https:\/\/www.quickcarbon.com\/tr\/blog\/karbon-ayak-izi-nasil-azaltilir\/#primaryimage\"},\"image\":{\"@id\":\"https:\/\/www.quickcarbon.com\/tr\/blog\/karbon-ayak-izi-nasil-azaltilir\/#primaryimage\"},\"thumbnailUrl\":\"https:\/\/www.quickcarbon.com\/tr\/wp-content\/uploads\/2024\/08\/19_Kapak-Gorsel.jpg\",\"datePublished\":\"2024-08-29T11:05:43+00:00\",\"dateModified\":\"2024-09-18T09:38:42+00:00\",\"description\":\"G\u00fcn i\u00e7erisinde yap\u0131lan yemek yemek veya du\u015f almak gibi s\u0131radan aktiviteler, \u00e7e\u015fitli firmalar\u0131n ve kurumlar\u0131n faaliyetleri \u00e7evreye olduk\u00e7a ciddi zararlar verebiliyor. \u00d6zellikle \u015firketlerin ger\u00e7ekle\u015ftirdi\u011fi \u00fcretim faaliyetleri sonucu atmosfere yay\u0131lan karbon miktar\u0131n\u0131n artmas\u0131, d\u00fcnyan\u0131n her ge\u00e7en g\u00fcn biraz daha \u0131s\u0131nmas\u0131na neden oluyor. Bu nedenle karbon ayak izinin azalt\u0131lmas\u0131 i\u00e7in bir an \u00f6nce ad\u0131m atmak gerekiyor. Bireylerin ve \u015firketlerin yapaca\u011f\u0131 k\u00fc\u00e7\u00fck de\u011fi\u015fiklikler bile bu konuda b\u00fcy\u00fck farklar yarat\u0131lmas\u0131n\u0131 sa\u011flayabilir.\",\"breadcrumb\":{\"@id\":\"https:\/\/www.quickcarbon.com\/tr\/blog\/karbon-ayak-izi-nasil-azaltilir\/#breadcrumb\"},\"inLanguage\":\"tr\",\"potentialAction\":[{\"@type\":\"ReadAction\",\"target\":[\"https:\/\/www.quickcarbon.com\/tr\/blog\/karbon-ayak-izi-nasil-azaltilir\/\"]}]},{\"@type\":\"ImageObject\",\"inLanguage\":\"tr\",\"@id\":\"https:\/\/www.quickcarbon.com\/tr\/blog\/karbon-ayak-izi-nasil-azaltilir\/#primaryimage\",\"url\":\"https:\/\/www.quickcarbon.com\/tr\/wp-content\/uploads\/2024\/08\/19_Kapak-Gorsel.jpg\",\"contentUrl\":\"https:\/\/www.quickcarbon.com\/tr\/wp-content\/uploads\/2024\/08\/19_Kapak-Gorsel.jpg\",\"width\":1072,\"height\":666},{\"@type\":\"BreadcrumbList\",\"@id\":\"https:\/\/www.quickcarbon.com\/tr\/blog\/karbon-ayak-izi-nasil-azaltilir\/#breadcrumb\",\"itemListElement\":[{\"@type\":\"ListItem\",\"position\":1,\"name\":\"Ana Sayfa\",\"item\":\"https:\/\/www.quickcarbon.com\/tr\/\"},{\"@type\":\"ListItem\",\"position\":2,\"name\":\"Karbon Ayak \u0130zi Nas\u0131l Azalt\u0131l\u0131r?\"}]},{\"@type\":\"WebSite\",\"@id\":\"https:\/\/www.quickcarbon.com\/tr\/#website\",\"url\":\"https:\/\/www.quickcarbon.com\/tr\/\",\"name\":\"QuickCarbon\",\"description\":\"Take Control of Your Corporate Carbon Footprint\",\"publisher\":{\"@id\":\"https:\/\/www.quickcarbon.com\/tr\/#organization\"},\"alternateName\":\"QC\",\"potentialAction\":[{\"@type\":\"SearchAction\",\"target\":{\"@type\":\"EntryPoint\",\"urlTemplate\":\"https:\/\/www.quickcarbon.com\/tr\/?s={search_term_string}\"},\"query-input\":{\"@type\":\"PropertyValueSpecification\",\"valueRequired\":true,\"valueName\":\"search_term_string\"}}],\"inLanguage\":\"tr\"},{\"@type\":\"Organization\",\"@id\":\"https:\/\/www.quickcarbon.com\/tr\/#organization\",\"name\":\"QuickCarbon\",\"alternateName\":\"QC\",\"url\":\"https:\/\/www.quickcarbon.com\/tr\/\",\"logo\":{\"@type\":\"ImageObject\",\"inLanguage\":\"tr\",\"@id\":\"https:\/\/www.quickcarbon.com\/tr\/#\/schema\/logo\/image\/\",\"url\":\"https:\/\/www.quickcarbon.com\/tr\/wp-content\/uploads\/2023\/09\/cropped-qc_favicon-1.png\",\"contentUrl\":\"https:\/\/www.quickcarbon.com\/tr\/wp-content\/uploads\/2023\/09\/cropped-qc_favicon-1.png\",\"width\":512,\"height\":512,\"caption\":\"QuickCarbon\"},\"image\":{\"@id\":\"https:\/\/www.quickcarbon.com\/tr\/#\/schema\/logo\/image\/\"},\"sameAs\":[\"https:\/\/www.facebook.com\/quickcarbon\/\",\"https:\/\/x.com\/QuickCarbon_Tr\",\"https:\/\/www.instagram.com\/quickcarbon_official\/\",\"https:\/\/www.linkedin.com\/showcase\/quickcarbon-\/\"]},{\"@type\":\"Person\",\"@id\":\"https:\/\/www.quickcarbon.com\/tr\/#\/schema\/person\/bd56ede95e452c0ac7e5c4cebb2b8a03\",\"name\":\"Ya\u011fmur \u00c7a\u011flayan\",\"image\":{\"@type\":\"ImageObject\",\"inLanguage\":\"tr\",\"@id\":\"https:\/\/www.quickcarbon.com\/tr\/#\/schema\/person\/image\/\",\"url\":\"https:\/\/secure.gravatar.com\/avatar\/ec43c587f3616c1e2cb7b9b4e70d8edfdc2a98fbc7b503abc442f8621f5f5559?s=96&d=mm&r=g\",\"contentUrl\":\"https:\/\/secure.gravatar.com\/avatar\/ec43c587f3616c1e2cb7b9b4e70d8edfdc2a98fbc7b503abc442f8621f5f5559?s=96&d=mm&r=g\",\"caption\":\"Ya\u011fmur \u00c7a\u011flayan\"},\"sameAs\":[\"https:\/\/www.quickcarbon.com\"]}]}<\/script>\n<!-- \/ Yoast SEO plugin. -->","yoast_head_json":{"title":"Karbon Ayak \u0130zi Nas\u0131l Azalt\u0131l\u0131r? - QuickCarbon","description":"G\u00fcn i\u00e7erisinde yap\u0131lan yemek yemek veya du\u015f almak gibi s\u0131radan aktiviteler, \u00e7e\u015fitli firmalar\u0131n ve kurumlar\u0131n faaliyetleri \u00e7evreye olduk\u00e7a ciddi zararlar verebiliyor. \u00d6zellikle \u015firketlerin ger\u00e7ekle\u015ftirdi\u011fi \u00fcretim faaliyetleri sonucu atmosfere yay\u0131lan karbon miktar\u0131n\u0131n artmas\u0131, d\u00fcnyan\u0131n her ge\u00e7en g\u00fcn biraz daha \u0131s\u0131nmas\u0131na neden oluyor. Bu nedenle karbon ayak izinin azalt\u0131lmas\u0131 i\u00e7in bir an \u00f6nce ad\u0131m atmak gerekiyor. Bireylerin ve \u015firketlerin yapaca\u011f\u0131 k\u00fc\u00e7\u00fck de\u011fi\u015fiklikler bile bu konuda b\u00fcy\u00fck farklar yarat\u0131lmas\u0131n\u0131 sa\u011flayabilir.","robots":{"index":"index","follow":"follow","max-snippet":"max-snippet:-1","max-image-preview":"max-image-preview:large","max-video-preview":"max-video-preview:-1"},"canonical":"https:\/\/www.quickcarbon.com\/tr\/blog\/karbon-ayak-izi-nasil-azaltilir\/","og_locale":"tr_TR","og_type":"article","og_title":"Karbon Ayak \u0130zi Nas\u0131l Azalt\u0131l\u0131r? - QuickCarbon","og_description":"G\u00fcn i\u00e7erisinde yap\u0131lan yemek yemek veya du\u015f almak gibi s\u0131radan aktiviteler, \u00e7e\u015fitli firmalar\u0131n ve kurumlar\u0131n faaliyetleri \u00e7evreye olduk\u00e7a ciddi zararlar verebiliyor. \u00d6zellikle \u015firketlerin ger\u00e7ekle\u015ftirdi\u011fi \u00fcretim faaliyetleri sonucu atmosfere yay\u0131lan karbon miktar\u0131n\u0131n artmas\u0131, d\u00fcnyan\u0131n her ge\u00e7en g\u00fcn biraz daha \u0131s\u0131nmas\u0131na neden oluyor. Bu nedenle karbon ayak izinin azalt\u0131lmas\u0131 i\u00e7in bir an \u00f6nce ad\u0131m atmak gerekiyor. Bireylerin ve \u015firketlerin yapaca\u011f\u0131 k\u00fc\u00e7\u00fck de\u011fi\u015fiklikler bile bu konuda b\u00fcy\u00fck farklar yarat\u0131lmas\u0131n\u0131 sa\u011flayabilir.","og_url":"https:\/\/www.quickcarbon.com\/tr\/blog\/karbon-ayak-izi-nasil-azaltilir\/","og_site_name":"QuickCarbon","article_publisher":"https:\/\/www.facebook.com\/quickcarbon\/","article_published_time":"2024-08-29T11:05:43+00:00","article_modified_time":"2024-09-18T09:38:42+00:00","og_image":[{"width":1072,"height":666,"url":"https:\/\/www.quickcarbon.com\/tr\/wp-content\/uploads\/2024\/08\/19_Kapak-Gorsel.jpg","type":"image\/jpeg"}],"author":"Ya\u011fmur \u00c7a\u011flayan","twitter_card":"summary_large_image","twitter_creator":"@QuickCarbon_Tr","twitter_site":"@QuickCarbon_Tr","twitter_misc":{"Written by":"Ya\u011fmur \u00c7a\u011flayan","Est. reading time":"9 dakika"},"schema":{"@context":"https:\/\/schema.org","@graph":[{"@type":["Article","BlogPosting"],"@id":"https:\/\/www.quickcarbon.com\/tr\/blog\/karbon-ayak-izi-nasil-azaltilir\/#article","isPartOf":{"@id":"https:\/\/www.quickcarbon.com\/tr\/blog\/karbon-ayak-izi-nasil-azaltilir\/"},"author":{"name":"Ya\u011fmur \u00c7a\u011flayan","@id":"https:\/\/www.quickcarbon.com\/tr\/#\/schema\/person\/bd56ede95e452c0ac7e5c4cebb2b8a03"},"headline":"Karbon Ayak \u0130zi Nas\u0131l Azalt\u0131l\u0131r?","datePublished":"2024-08-29T11:05:43+00:00","dateModified":"2024-09-18T09:38:42+00:00","mainEntityOfPage":{"@id":"https:\/\/www.quickcarbon.com\/tr\/blog\/karbon-ayak-izi-nasil-azaltilir\/"},"wordCount":1815,"publisher":{"@id":"https:\/\/www.quickcarbon.com\/tr\/#organization"},"image":{"@id":"https:\/\/www.quickcarbon.com\/tr\/blog\/karbon-ayak-izi-nasil-azaltilir\/#primaryimage"},"thumbnailUrl":"https:\/\/www.quickcarbon.com\/tr\/wp-content\/uploads\/2024\/08\/19_Kapak-Gorsel.jpg","keywords":["karbon ayak izi","karbon emisyonu"],"inLanguage":"tr"},{"@type":"WebPage","@id":"https:\/\/www.quickcarbon.com\/tr\/blog\/karbon-ayak-izi-nasil-azaltilir\/","url":"https:\/\/www.quickcarbon.com\/tr\/blog\/karbon-ayak-izi-nasil-azaltilir\/","name":"Karbon Ayak \u0130zi Nas\u0131l Azalt\u0131l\u0131r? - QuickCarbon","isPartOf":{"@id":"https:\/\/www.quickcarbon.com\/tr\/#website"},"primaryImageOfPage":{"@id":"https:\/\/www.quickcarbon.com\/tr\/blog\/karbon-ayak-izi-nasil-azaltilir\/#primaryimage"},"image":{"@id":"https:\/\/www.quickcarbon.com\/tr\/blog\/karbon-ayak-izi-nasil-azaltilir\/#primaryimage"},"thumbnailUrl":"https:\/\/www.quickcarbon.com\/tr\/wp-content\/uploads\/2024\/08\/19_Kapak-Gorsel.jpg","datePublished":"2024-08-29T11:05:43+00:00","dateModified":"2024-09-18T09:38:42+00:00","description":"G\u00fcn i\u00e7erisinde yap\u0131lan yemek yemek veya du\u015f almak gibi s\u0131radan aktiviteler, \u00e7e\u015fitli firmalar\u0131n ve kurumlar\u0131n faaliyetleri \u00e7evreye olduk\u00e7a ciddi zararlar verebiliyor. \u00d6zellikle \u015firketlerin ger\u00e7ekle\u015ftirdi\u011fi \u00fcretim faaliyetleri sonucu atmosfere yay\u0131lan karbon miktar\u0131n\u0131n artmas\u0131, d\u00fcnyan\u0131n her ge\u00e7en g\u00fcn biraz daha \u0131s\u0131nmas\u0131na neden oluyor. Bu nedenle karbon ayak izinin azalt\u0131lmas\u0131 i\u00e7in bir an \u00f6nce ad\u0131m atmak gerekiyor. Bireylerin ve \u015firketlerin yapaca\u011f\u0131 k\u00fc\u00e7\u00fck de\u011fi\u015fiklikler bile bu konuda b\u00fcy\u00fck farklar yarat\u0131lmas\u0131n\u0131 sa\u011flayabilir.","breadcrumb":{"@id":"https:\/\/www.quickcarbon.com\/tr\/blog\/karbon-ayak-izi-nasil-azaltilir\/#breadcrumb"},"inLanguage":"tr","potentialAction":[{"@type":"ReadAction","target":["https:\/\/www.quickcarbon.com\/tr\/blog\/karbon-ayak-izi-nasil-azaltilir\/"]}]},{"@type":"ImageObject","inLanguage":"tr","@id":"https:\/\/www.quickcarbon.com\/tr\/blog\/karbon-ayak-izi-nasil-azaltilir\/#primaryimage","url":"https:\/\/www.quickcarbon.com\/tr\/wp-content\/uploads\/2024\/08\/19_Kapak-Gorsel.jpg","contentUrl":"https:\/\/www.quickcarbon.com\/tr\/wp-content\/uploads\/2024\/08\/19_Kapak-Gorsel.jpg","width":1072,"height":666},{"@type":"BreadcrumbList","@id":"https:\/\/www.quickcarbon.com\/tr\/blog\/karbon-ayak-izi-nasil-azaltilir\/#breadcrumb","itemListElement":[{"@type":"ListItem","position":1,"name":"Ana Sayfa","item":"https:\/\/www.quickcarbon.com\/tr\/"},{"@type":"ListItem","position":2,"name":"Karbon Ayak \u0130zi Nas\u0131l Azalt\u0131l\u0131r?"}]},{"@type":"WebSite","@id":"https:\/\/www.quickcarbon.com\/tr\/#website","url":"https:\/\/www.quickcarbon.com\/tr\/","name":"QuickCarbon","description":"Take Control of Your Corporate Carbon Footprint","publisher":{"@id":"https:\/\/www.quickcarbon.com\/tr\/#organization"},"alternateName":"QC","potentialAction":[{"@type":"SearchAction","target":{"@type":"EntryPoint","urlTemplate":"https:\/\/www.quickcarbon.com\/tr\/?s={search_term_string}"},"query-input":{"@type":"PropertyValueSpecification","valueRequired":true,"valueName":"search_term_string"}}],"inLanguage":"tr"},{"@type":"Organization","@id":"https:\/\/www.quickcarbon.com\/tr\/#organization","name":"QuickCarbon","alternateName":"QC","url":"https:\/\/www.quickcarbon.com\/tr\/","logo":{"@type":"ImageObject","inLanguage":"tr","@id":"https:\/\/www.quickcarbon.com\/tr\/#\/schema\/logo\/image\/","url":"https:\/\/www.quickcarbon.com\/tr\/wp-content\/uploads\/2023\/09\/cropped-qc_favicon-1.png","contentUrl":"https:\/\/www.quickcarbon.com\/tr\/wp-content\/uploads\/2023\/09\/cropped-qc_favicon-1.png","width":512,"height":512,"caption":"QuickCarbon"},"image":{"@id":"https:\/\/www.quickcarbon.com\/tr\/#\/schema\/logo\/image\/"},"sameAs":["https:\/\/www.facebook.com\/quickcarbon\/","https:\/\/x.com\/QuickCarbon_Tr","https:\/\/www.instagram.com\/quickcarbon_official\/","https:\/\/www.linkedin.com\/showcase\/quickcarbon-\/"]},{"@type":"Person","@id":"https:\/\/www.quickcarbon.com\/tr\/#\/schema\/person\/bd56ede95e452c0ac7e5c4cebb2b8a03","name":"Ya\u011fmur \u00c7a\u011flayan","image":{"@type":"ImageObject","inLanguage":"tr","@id":"https:\/\/www.quickcarbon.com\/tr\/#\/schema\/person\/image\/","url":"https:\/\/secure.gravatar.com\/avatar\/ec43c587f3616c1e2cb7b9b4e70d8edfdc2a98fbc7b503abc442f8621f5f5559?s=96&d=mm&r=g","contentUrl":"https:\/\/secure.gravatar.com\/avatar\/ec43c587f3616c1e2cb7b9b4e70d8edfdc2a98fbc7b503abc442f8621f5f5559?s=96&d=mm&r=g","caption":"Ya\u011fmur \u00c7a\u011flayan"},"sameAs":["https:\/\/www.quickcarbon.com"]}]}},"_links":{"self":[{"href":"https:\/\/www.quickcarbon.com\/tr\/wp-json\/wp\/v2\/posts\/1265","targetHints":{"allow":["GET"]}}],"collection":[{"href":"https:\/\/www.quickcarbon.com\/tr\/wp-json\/wp\/v2\/posts"}],"about":[{"href":"https:\/\/www.quickcarbon.com\/tr\/wp-json\/wp\/v2\/types\/post"}],"author":[{"embeddable":true,"href":"https:\/\/www.quickcarbon.com\/tr\/wp-json\/wp\/v2\/users\/2"}],"replies":[{"embeddable":true,"href":"https:\/\/www.quickcarbon.com\/tr\/wp-json\/wp\/v2\/comments?post=1265"}],"version-history":[{"count":5,"href":"https:\/\/www.quickcarbon.com\/tr\/wp-json\/wp\/v2\/posts\/1265\/revisions"}],"predecessor-version":[{"id":1469,"href":"https:\/\/www.quickcarbon.com\/tr\/wp-json\/wp\/v2\/posts\/1265\/revisions\/1469"}],"wp:featuredmedia":[{"embeddable":true,"href":"https:\/\/www.quickcarbon.com\/tr\/wp-json\/wp\/v2\/media\/1266"}],"wp:attachment":[{"href":"https:\/\/www.quickcarbon.com\/tr\/wp-json\/wp\/v2\/media?parent=1265"}],"wp:term":[{"taxonomy":"category","embeddable":true,"href":"https:\/\/www.quickcarbon.com\/tr\/wp-json\/wp\/v2\/categories?post=1265"},{"taxonomy":"post_tag","embeddable":true,"href":"https:\/\/www.quickcarbon.com\/tr\/wp-json\/wp\/v2\/tags?post=1265"}],"curies":[{"name":"wp","href":"https:\/\/api.w.org\/{rel}","templated":true}]}}