{"id":1442,"date":"2024-09-18T10:10:00","date_gmt":"2024-09-18T07:10:00","guid":{"rendered":"https:\/\/www.quickcarbon.com\/tr\/?p=1442"},"modified":"2024-09-19T11:15:40","modified_gmt":"2024-09-19T08:15:40","slug":"kalkinma-icin-buyuk-bir-adim-brundtland-raporu","status":"publish","type":"post","link":"https:\/\/www.quickcarbon.com\/tr\/blog\/kalkinma-icin-buyuk-bir-adim-brundtland-raporu\/","title":{"rendered":"Kalk\u0131nma \u0130\u00e7in B\u00fcy\u00fck Bir Ad\u0131m: Brundtland Raporu\u00a0"},"content":{"rendered":"\n<p>20. y\u00fczy\u0131l\u0131n sonlar\u0131na do\u011fru d\u00fcnyan\u0131n gidi\u015fat\u0131na dair duyulmaya ba\u015flayan endi\u015feler, bu gidi\u015fat\u0131 tersine \u00e7evirmek i\u00e7in baz\u0131 ad\u0131mlar atmay\u0131 zorunlu h\u00e2le getirdi. Gezegenin s\u0131cakl\u0131\u011f\u0131n\u0131n h\u0131zla artmas\u0131, ya\u015fanan ekstrem hava olaylar\u0131, ekosistemlerin ve biyo\u00e7e\u015fitlili\u011fin tehdit alt\u0131nda olmas\u0131 ve daha pek \u00e7ok fakt\u00f6r Birle\u015fmi\u015f Milletler&#8217;i bir komisyon kurmaya itti. Bug\u00fcn Brundtland olarak da bilinen bu komisyonun ortaya koydu\u011fu Brundtland Raporu, gezegenin korunmas\u0131 ad\u0131na k\u00fcresel bir m\u00fccadele ba\u015flatt\u0131.\u00a0<\/p>\n\n\n\n<h2 class=\"wp-block-heading\"><strong>Brundtland Raporu Nedir?<\/strong>&nbsp;<\/h2>\n\n\n\n<p>Ortak Gelece\u011fimiz (Our Common Future) olarak da bilinen Brundtland Raporu, &#8220;s\u00fcrd\u00fcr\u00fclebilir kalk\u0131nma&#8221; kavram\u0131n\u0131 tan\u0131tan, hayata ge\u00e7irilmesi i\u00e7in gerekli ad\u0131mlar\u0131 a\u00e7\u0131klayan ve s\u00fcrd\u00fcr\u00fclebilirli\u011fin d\u00fcnya i\u00e7in neden bu kadar \u00f6nemli oldu\u011funu anlatan ilk b\u00fcy\u00fck ad\u0131m olarak \u00f6nem ta\u015f\u0131r.&nbsp;<\/p>\n\n\n\n<p>Birle\u015fmi\u015f Milletler&#8217;in destekledi\u011fi D\u00fcnya \u00c7evre ve Kalk\u0131nma Komisyonu (WCED) taraf\u0131ndan 1987 y\u0131l\u0131nda haz\u0131rlanan rapor, Oxford University Press arac\u0131l\u0131\u011f\u0131yla yay\u0131mland\u0131. Brundtland Raporu&#8217;nda s\u00fcrd\u00fcr\u00fclebilir kalk\u0131nma, &#8220;Bug\u00fcn\u00fcn ihtiya\u00e7lar\u0131n\u0131, gelecek nesillerin kendi ihtiya\u00e7lar\u0131n\u0131 kar\u015f\u0131lama kabiliyetinden \u00f6d\u00fcn vermeden kar\u015f\u0131layan kalk\u0131nma&#8221; \u015feklinde tan\u0131mlan\u0131r.\u00a0<\/p>\n\n\n\n<figure class=\"wp-block-image\"><img loading=\"lazy\" decoding=\"async\" width=\"960\" height=\"596\" src=\"https:\/\/www.quickcarbon.com\/tr\/wp-content\/uploads\/2024\/09\/Brundtland-Raporu-Nedir-.jpg\" alt=\"\" class=\"wp-image-1445\"\/><\/figure>\n\n\n\n<p>\u00c7evreyi ve kalk\u0131nmay\u0131 tek bir \u00e7at\u0131 alt\u0131nda tart\u0131\u015fan Brundtland Raporu&#8217;nda \u00e7evresel bozulman\u0131n nedenleri ara\u015ft\u0131r\u0131lm\u0131\u015ft\u0131r. Brundtland Komisyonu olarak da adland\u0131r\u0131lan WCED taraf\u0131ndan y\u00fcr\u00fct\u00fclen \u00e7al\u0131\u015fmalar sayesinde \u00e7evre konular\u0131 siyasi g\u00fcndemde yer almay\u0131 ba\u015fard\u0131. Ekonomik b\u00fcy\u00fcme, sosyal e\u015fitlik ve \u00e7evre sorunlar\u0131 aras\u0131ndaki ba\u011flant\u0131lar\u0131 anlamaya \u00e7al\u0131\u015fan rapor, ayn\u0131 zamanda bu alanlara y\u00f6nelik politika \u00e7\u00f6z\u00fcmleri de geli\u015ftirdi. Uzun vadeli s\u00fcrd\u00fcr\u00fclebilir kalk\u0131nma planlar\u0131 yap\u0131lmas\u0131nda ve s\u00fcrd\u00fcr\u00fclebilir kalk\u0131nma i\u00e7in k\u00fcresel bir m\u00fccadele verilmesinde de \u00f6nc\u00fc oldu. Brundtland Raporu ayr\u0131ca &#8220;gelecek nesillere kar\u015f\u0131 adil olabilmek ad\u0131na kaynaklar\u0131n korunmas\u0131&#8221; fikrinin etraf\u0131nda birle\u015fti.&nbsp;<\/p>\n\n\n\n<p>Brundtland Komisyonu asl\u0131nda 1983 y\u0131l\u0131n\u0131n sonlar\u0131nda toplanm\u0131\u015ft\u0131. \u00dclkelerin \u00fcst d\u00fczey h\u00fck\u00fbmet temsilcilerinin, ara\u015ft\u0131rma enstit\u00fclerinin, sanayicilerin, bilim insanlar\u0131n\u0131n ve uzmanlar\u0131n, genel halk\u0131n ve sivil toplum kurulu\u015fu temsilcilerinin yaz\u0131l\u0131 sunumlar\u0131 ve ifadelerinden elde edilen verilerin analiz edilmesi ve sentezlenmesiyle ortaya \u00e7\u0131kan Brundtland Raporu, yakla\u015f\u0131k 900 g\u00fcnl\u00fck bir \u00e7al\u0131\u015fman\u0131n \u00fcr\u00fcn\u00fcd\u00fcr.&nbsp;<\/p>\n\n\n\n<h2 class=\"wp-block-heading\"><strong>Brundtland Raporu&#8217;nun \u0130\u00e7eri\u011fi<\/strong>&nbsp;<\/h2>\n\n\n\n<p>Brundtland Raporu&#8217;nda ekonomik de\u011ferlerin kalk\u0131nma i\u00e7in yeterli olmad\u0131\u011f\u0131 ifade edilir. Bu nedenle s\u00fcrd\u00fcr\u00fclebilir kalk\u0131nma \u00e7evresel, ekonomik ve sosyal boyutlar\u0131yla de\u011ferlendirilir. Gro Harlem Brundtland, raporun yay\u0131mlanmas\u0131n\u0131n ard\u0131ndan ABD&#8217;deki Ulusal Bilimler Akademisinde yapm\u0131\u015f oldu\u011fu bir konu\u015fmada &#8220;raporlar\u0131n temel kavramlar\u0131n\u0131n milliyet, ideoloji, \u0131rk ve k\u00fclt\u00fcr\u00fcn \u00f6tesine ge\u00e7ti\u011fini&#8221; dile getirir. Brundtland Raporu&#8217;nda da k\u00fcresel \u00e7evre sorunlar\u0131n\u0131n ele al\u0131nmas\u0131 i\u00e7in ortak sorumluluk al\u0131nmas\u0131 ve uluslararas\u0131 i\u015f birli\u011fi yap\u0131lmas\u0131 gerekti\u011fi belirtildi.&nbsp;<\/p>\n\n\n\n<p>Raporun temel ilkeleri \u015fu \u015fekilde listelenebilir:&nbsp;&nbsp;<\/p>\n\n\n\n<p class=\"has-medium-font-size\"><strong>N\u00fcfus<\/strong>&nbsp;<\/p>\n\n\n\n<p>Brundtland Raporu d\u00fcnyadaki n\u00fcfus art\u0131\u015f\u0131n\u0131n s\u00fcrekli devam edemeyece\u011fini ve do\u011furganl\u0131k yenilenme d\u00fczeyine ula\u015f\u0131l\u0131rsa k\u00fcresel n\u00fcfusun 2060 y\u0131l\u0131na kadar istikrara kavu\u015faca\u011f\u0131n\u0131 ifade eder. Raporda, 21. y\u00fczy\u0131lda insan pop\u00fclasyonunun 7.7 ile 14.2 milyar aras\u0131nda bir noktada sabitlenece\u011fi, \u015fehirlerde ya\u015fayan insanlar\u0131n k\u0131rsala oranla daha fazla olaca\u011f\u0131 da \u00f6ng\u00f6r\u00fcl\u00fcr. \u00d6zellikle geli\u015fmekte olan \u00fclkelerde y\u00fcksek do\u011fum oranlar\u0131 nedeniyle ya\u015fanan kaynak sorununun ve demografik zorluklar\u0131n \u00e7\u00f6z\u00fcm\u00fc olarak kad\u0131nlar aras\u0131nda sa\u011fl\u0131\u011f\u0131n ve e\u011fitimin iyile\u015ftirilmesi sunulur. Ayr\u0131ca do\u011fal kaynaklar\u0131n reg\u00fcle edilmemesi durumunda yoksullu\u011fun \u00e7ok daha ciddi bir orana ula\u015faca\u011f\u0131 da belirtilir.\u00a0\u00a0<\/p>\n\n\n\n<figure class=\"wp-block-image\"><img loading=\"lazy\" decoding=\"async\" width=\"1072\" height=\"666\" src=\"https:\/\/www.quickcarbon.com\/tr\/wp-content\/uploads\/2024\/09\/Nu\u2560efus.jpg\" alt=\"\" class=\"wp-image-1446\"\/><\/figure>\n\n\n\n<p>Brundtland Raporu yoksullu\u011fun s\u00fcrd\u00fcr\u00fclebilirli\u011fi azaltt\u0131\u011f\u0131n\u0131 s\u00f6yler. Yani yoksullu\u011fun azalmas\u0131 ve toplumda adaletin sa\u011flanmas\u0131, s\u00fcrd\u00fcr\u00fclebilir kalk\u0131nma i\u00e7in bir gerekliliktir. \u00c7evreyi korumak ve ekonomiyi b\u00fcy\u00fctmek i\u00e7in yoksullukla ve e\u015fitsizlikle m\u00fccadele edilmelidir.&nbsp;<\/p>\n\n\n\n<p class=\"has-medium-font-size\"><strong>G\u0131da G\u00fcvenli\u011fi<\/strong>&nbsp;<\/p>\n\n\n\n<p>Brundtland Komisyonu&#8217;na sunulan &#8220;G\u0131da G\u00fcvenli\u011fi, Tar\u0131m, Ormanc\u0131l\u0131k ve \u00c7evre&#8221; konulu raporu inceleyen <a href=\"https:\/\/www.sciencedirect.com\/sdfe\/pdf\/download\/eid\/1-s2.0-0264837788900336\/first-page-pdf\" target=\"_blank\" rel=\"noreferrer noopener\">bir \u00e7al\u0131\u015fma<\/a>, ki\u015fi ba\u015f\u0131na d\u00fc\u015fen tah\u0131l \u00fcretiminin k\u00fcresel olarak artmas\u0131na ra\u011fmen Afrika ve Orta Do\u011fu&#8217;da d\u00fc\u015f\u00fc\u015f ya\u015fand\u0131\u011f\u0131n\u0131 s\u00f6yler. S\u00f6z konusu fazla \u00fcretim, y\u00fcksek ekonomik ve ekolojik maliyetlerle elde edildi\u011fi i\u00e7in geli\u015fmekte olan ekonomileri olumsuz etkilemi\u015fti. Yani yoksulluk ve \u00e7evresel bozulma aras\u0131nda do\u011frudan bir ba\u011flant\u0131 bulunur. Bu y\u00fczden tar\u0131msal ara\u015ft\u0131rma sistemlerinde yeni yakla\u015f\u0131mlar geli\u015ftirilmelidir.&nbsp;&nbsp;<\/p>\n\n\n\n<p>Brundtland Raporu, yeterli \u00fcretim potansiyeli olmas\u0131na ra\u011fmen bir da\u011f\u0131t\u0131m sorunu nedeniyle g\u0131da g\u00fcvenli\u011finin sa\u011flanamad\u0131\u011f\u0131n\u0131 s\u00f6yler. Bunu a\u015fmak i\u00e7in toprak reformlar\u0131yla k\u00fc\u00e7\u00fck \u00e7ift\u00e7ilerin korunmas\u0131 \u00f6nerisinde bulunur. Rapor, baz\u0131 \u00fclkelerin mukayeseli \u00fcst\u00fcnl\u00fcklerini koruyamad\u0131klar\u0131n\u0131, bunun nedeninin de \u00fcretim fazlas\u0131 oldu\u011funu belirtir. Ayr\u0131ca ticaret ama\u00e7l\u0131 g\u0131da \u00fcretiminin azalt\u0131lmas\u0131 konusunu da sorgular.&nbsp;&nbsp;<\/p>\n\n\n\n<p class=\"has-medium-font-size\"><strong>T\u00fcrlerin ve Genetik Kaynaklar\u0131n Kayb\u0131<\/strong>&nbsp;<\/p>\n\n\n\n<p>Brundtland Raporu; genetik kaynaklar, ekosistemler ve biyo\u00e7e\u015fitlilik \u00fczerindeki tehdidin her ge\u00e7en g\u00fcn artt\u0131\u011f\u0131n\u0131 ve bunun k\u00fcresel bir sorun olarak ele al\u0131nmas\u0131 gerekti\u011fini s\u00f6yler. T\u00fcrlerin, genetik kaynaklar\u0131n ve ekosistemlerin varl\u0131\u011f\u0131n\u0131 s\u00fcrd\u00fcrebilmesi i\u00e7in geni\u015f do\u011fal koruma alanlar\u0131n\u0131n a\u00e7\u0131lmas\u0131 gerekti\u011fini vurgular. Ayr\u0131ca bile\u015fenler s\u00fcrd\u00fcr\u00fclebilir \u015fekilde kullan\u0131lmal\u0131, genetik kaynaklara uygun eri\u015fim sa\u011flanmal\u0131, genetik kaynaklar\u0131n kullan\u0131m\u0131ndan do\u011fan faydalar adil \u015fekilde payla\u015f\u0131lmal\u0131d\u0131r.&nbsp;<\/p>\n\n\n\n<p class=\"has-medium-font-size\"><strong>Enerji<\/strong>&nbsp;<\/p>\n\n\n\n<p>N\u00fcfusun, sanayinin ve \u00fcretim kapasitesinin artmas\u0131 ortaya daha b\u00fcy\u00fck bir enerji ihtiyac\u0131 \u00e7\u0131kard\u0131. Bu enerji ihtiyac\u0131n\u0131n \u00e7ok \u00f6nemli bir k\u0131sm\u0131n\u0131n fosil yak\u0131tlardan kar\u015f\u0131lan\u0131yor olmas\u0131, karbon emisyonlar\u0131n\u0131n artmas\u0131na da neden oldu.&nbsp;<\/p>\n\n\n\n<p>Brundtland Raporu&#8217;nun yapt\u0131\u011f\u0131 s\u00fcrd\u00fcr\u00fclebilir kalk\u0131nma \u00e7a\u011fr\u0131s\u0131yla birlikte pek \u00e7ok \u00fclke r\u00fczg\u00e2r, g\u00fcne\u015f ve hidroelektrik gibi yenilenebilir enerji kaynaklar\u0131na ge\u00e7i\u015f i\u00e7in \u00f6nemli ad\u0131mlar att\u0131. Fakat fosil yak\u0131t kullan\u0131m\u0131n\u0131n tamamen durdurulabilmesi i\u00e7in h\u00fck\u00fbmetlere \u00f6nemli bir rol d\u00fc\u015f\u00fcyor. \u00d6rne\u011fin, yenilenebilir enerjiye ge\u00e7i\u015f s\u00fcrecinde fiyatlar\u0131n arz talep dengesine g\u00f6re d\u00fczenlenmesi, s\u00fcrd\u00fcr\u00fclebilirli\u011fin \u00f6n\u00fcnde \u00f6nemli bir engeldir ve h\u00fck\u00fbmetler taraf\u0131ndan gerekli tedbirlerin uygulanmas\u0131 gerekir. S\u00fcrd\u00fcr\u00fclebilir enerji kaynaklar\u0131na ge\u00e7i\u015fle birlikte karbon emisyonlar\u0131n\u0131n azalt\u0131lmas\u0131 ve do\u011fal kaynaklar\u0131n gelecek nesiller i\u00e7in korunmas\u0131 m\u00fcmk\u00fcn olabilecektir.&nbsp;&nbsp;<\/p>\n\n\n\n<p class=\"has-medium-font-size\"><strong>Sanayi<\/strong>\u00a0<\/p>\n\n\n\n<figure class=\"wp-block-image\"><img loading=\"lazy\" decoding=\"async\" width=\"1072\" height=\"666\" src=\"https:\/\/www.quickcarbon.com\/tr\/wp-content\/uploads\/2024\/09\/Sanayi.jpg\" alt=\"\" class=\"wp-image-1447\"\/><\/figure>\n\n\n\n<p>Sanayinin ekonomik b\u00fcy\u00fcme ve geli\u015fme \u00fczerinde \u00f6nemli bir rol\u00fc bulunur. Ayr\u0131ca artan ihtiya\u00e7lar\u0131 kar\u015f\u0131lamak konusunda motor g\u00f6revi g\u00f6r\u00fcr. Fakat sanayinin do\u011fal kaynaklar\u0131 t\u00fcketme ve \u00e7evreye zarar verme potansiyeli de yads\u0131namaz. Brundtland Raporu s\u00fcrd\u00fcr\u00fclebilir bir sanayi i\u00e7in temiz \u00fcretim teknolojileri, at\u0131k y\u00f6netimi, \u00e7evresel etki de\u011ferlendirmesi gibi \u00f6nlemlerin al\u0131nmas\u0131 gerekti\u011fini vurgular. S\u00fcrd\u00fcr\u00fclebilir bir sanayi i\u00e7in k\u00fcresel bir \u00e7aba gerekir ve uluslararas\u0131 i\u015f birlikleri bu s\u00fcreci kolayla\u015ft\u0131racakt\u0131r.&nbsp;<\/p>\n\n\n\n<p class=\"has-medium-font-size\"><strong>\u0130nsan Yerle\u015fimleri<\/strong>&nbsp;<\/p>\n\n\n\n<p>Brundtland Raporu&#8217;na g\u00f6re artan n\u00fcfusla birlikte \u015fehir y\u00f6netimleri; kentle\u015fme, altyap\u0131 ve hizmet kapasitelerini art\u0131rmal\u0131d\u0131r. H\u0131zl\u0131 b\u00fcy\u00fcmenin ve kentle\u015fmenin bir sonucu olan ka\u00e7ak yap\u0131lara ve kalitesiz altyap\u0131lara kar\u015f\u0131 m\u00fccadele verilmelidir. Yerel ihtiya\u00e7lara daha h\u0131zl\u0131 yan\u0131t verilebilmesi ad\u0131na yerel y\u00f6netimlere verilen kaynaklar\u0131n iyile\u015ftirilmesi ve g\u00fcc\u00fcn art\u0131r\u0131lmas\u0131 da yine Brundtland Raporu&#8217;nda vurgulan\u0131r.&nbsp;<\/p>\n\n\n\n<h2 class=\"wp-block-heading\"><strong>Brundtland Raporu&#8217;nun I\u015f\u0131\u011f\u0131nda: Rio Zirvesi ve G\u00fcndem 21<\/strong>&nbsp;<\/h2>\n\n\n\n<p>Brundtland Raporu&#8217;nun yay\u0131mlanmas\u0131ndan yakla\u015f\u0131k 5 sene sonra Rio Yery\u00fcz\u00fc Zirvesi (The Rio Earth Summit) olarak da bilinen Birle\u015fmi\u015f Milletler \u00c7evre ve Kalk\u0131nma Konferans\u0131 topland\u0131. Konferansa 178 \u00fclkenin temsilcisi ve 100&#8217;den fazla \u00fclkenin devlet ba\u015fkan\u0131 kat\u0131ld\u0131.&nbsp;<\/p>\n\n\n\n<p>Bir d\u00f6n\u00fcm noktas\u0131 olarak de\u011ferlendirilen bu etkinlikte Biyolojik \u00c7e\u015fitlilik S\u00f6zle\u015fmesi (Convention on Biological Diversity) ve Birle\u015fmi\u015f Milletler \u0130klim De\u011fi\u015fikli\u011fi \u00c7er\u00e7eve S\u00f6zle\u015fmesi (United Nations Framework Convention on Climate Change) olmak \u00fczere iki \u00f6nemli s\u00f6zle\u015fme imzalan\u0131r. Ayn\u0131 zamanda G\u00fcndem 21, bir ilkeler beyan\u0131 olan Rio Deklarasyonu ve Ormanlar Hakk\u0131nda \u0130lkeler Bildirgesi de yine Rio Yery\u00fcz\u00fc Zirvesi&#8217;nde imzaland\u0131.&nbsp;<\/p>\n\n\n\n<p>\u00d6zellikle G\u00fcndem 21, s\u00fcrd\u00fcr\u00fclebilir kalk\u0131nma hedefleri konusunda \u00f6nemli bir noktada durur. G\u00fcndem 21 ile birlikte 21. y\u00fczy\u0131la y\u00f6nelik faaliyetler i\u00e7in bir \u00e7er\u00e7eve olu\u015fturulmu\u015f oldu. Bu \u00e7er\u00e7eve \u00e7evrenin korunmas\u0131, herkes i\u00e7in e\u015fit ve adil kalk\u0131nma konular\u0131n\u0131 birlikte ele alan yeni bir S\u00fcrd\u00fcr\u00fclebilir Kalk\u0131nma Komisyonunun kurulmas\u0131n\u0131 i\u00e7erir. G\u00fcndem 21 g\u00fcn\u00fcm\u00fczde h\u00e2l\u00e2 Birle\u015fmi\u015f Milletler&#8217;in mevcut s\u00fcrd\u00fcr\u00fclebilir kalk\u0131nma hedeflerinin temelini olu\u015fturuyor.&nbsp;&nbsp;<\/p>\n\n\n\n<h2 class=\"wp-block-heading\"><strong>S\u00fcrd\u00fcr\u00fclebilirlik \u0130\u00e7in K\u0131ymetli Bir Miras: Brundtland Raporu<\/strong>&nbsp;<\/h2>\n\n\n\n<p>Brundtland Raporu temel olarak yenilenebilir enerji kaynaklar\u0131na ge\u00e7ilmesini, do\u011fal kaynaklar\u0131n korunmas\u0131n\u0131 ve kaynaklar\u0131n adil bir \u015fekilde payla\u015f\u0131lmas\u0131n\u0131 s\u00f6yler. T\u00fcm bu \u00f6nlemler sayesinde d\u00fcnyan\u0131n iyile\u015fti\u011fini g\u00f6rmek m\u00fcmk\u00fcn olabilir. Ancak bunun i\u00e7in \u00fclkelere, \u015firketlere ve bireylere \u00e7ok b\u00fcy\u00fck sorumluluklar d\u00fc\u015f\u00fcyor.&nbsp;<\/p>\n\n\n\n<p>QuickCarbon olarak s\u00fcrd\u00fcr\u00fclebilir kalk\u0131nma hedeflerini desteklemek ad\u0131na kurumsal ayak izinizi \u00f6l\u00e7menizi ve hesaplaman\u0131z\u0131 sa\u011flayan kullan\u0131c\u0131 dostu \u00e7\u00f6z\u00fcmler geli\u015ftiriyoruz. ISO 14064-1:2018 Standard\u0131 ve GHG Protocol\u2019e g\u00f6re hesaplama ve raporlama yapman\u0131z\u0131 sa\u011flayan QuickCarbon yaz\u0131l\u0131m\u0131m\u0131zla siz de kurumsal karbon ayak izinizi hesaplayabilir, s\u00fcrd\u00fcr\u00fclebilir kalk\u0131nma hedefleri i\u00e7in b\u00fcy\u00fck bir ad\u0131m atabilirsiniz.&nbsp;&nbsp;<\/p>\n","protected":false},"excerpt":{"rendered":"<p>20. y\u00fczy\u0131l\u0131n sonlar\u0131na do\u011fru d\u00fcnyan\u0131n gidi\u015fat\u0131na dair duyulmaya ba\u015flayan endi\u015feler, bu gidi\u015fat\u0131 tersine \u00e7evirmek i\u00e7in baz\u0131 ad\u0131mlar atmay\u0131 zorunlu h\u00e2le getirdi. Gezegenin s\u0131cakl\u0131\u011f\u0131n\u0131n h\u0131zla artmas\u0131, ya\u015fanan ekstrem hava olaylar\u0131, ekosistemlerin ve biyo\u00e7e\u015fitlili\u011fin tehdit alt\u0131nda olmas\u0131 ve daha pek \u00e7ok fakt\u00f6r Birle\u015fmi\u015f Milletler&#8217;i bir komisyon kurmaya itti. Bug\u00fcn Brundtland olarak da bilinen bu komisyonun ortaya koydu\u011fu Brundtland Raporu, gezegenin korunmas\u0131 ad\u0131na k\u00fcresel bir m\u00fccadele ba\u015flatt\u0131.\u00a0<\/p>\n","protected":false},"author":3,"featured_media":1444,"comment_status":"closed","ping_status":"open","sticky":false,"template":"","format":"standard","meta":{"footnotes":""},"categories":[1],"tags":[62,61,64,71,70,67,69,66,65,55,31,68,63],"class_list":["post-1442","post","type-post","status-publish","format-standard","has-post-thumbnail","hentry","category-genel","tag-birlesmis-milletler","tag-brundtland-raporu","tag-enerji","tag-enerji-guvenligi","tag-gida-guvenligi","tag-gundem-21","tag-nufus","tag-rio-zirvesi","tag-sanayi","tag-surdurulebilir-kalkinma","tag-surdurulebilir-kalkinma-hedefleri","tag-surdurulebilirlik","tag-wced"],"yoast_head":"<!-- This site is optimized with the Yoast SEO plugin v25.6 - https:\/\/yoast.com\/wordpress\/plugins\/seo\/ -->\n<title>Kalk\u0131nma \u0130\u00e7in B\u00fcy\u00fck Bir Ad\u0131m: Brundtland Raporu\u00a0 - QuickCarbon<\/title>\n<meta name=\"description\" content=\"20. y\u00fczy\u0131l\u0131n sonlar\u0131na do\u011fru d\u00fcnyan\u0131n gidi\u015fat\u0131na dair duyulmaya ba\u015flayan endi\u015feler, bu gidi\u015fat\u0131 tersine \u00e7evirmek i\u00e7in baz\u0131 ad\u0131mlar atmay\u0131 zorunlu h\u00e2le getirdi. Gezegenin s\u0131cakl\u0131\u011f\u0131n\u0131n h\u0131zla artmas\u0131, ya\u015fanan ekstrem hava olaylar\u0131, ekosistemlerin ve biyo\u00e7e\u015fitlili\u011fin tehdit alt\u0131nda olmas\u0131 ve daha pek \u00e7ok fakt\u00f6r Birle\u015fmi\u015f Milletler&#039;i bir komisyon kurmaya itti. Bug\u00fcn Brundtland olarak da bilinen bu komisyonun ortaya koydu\u011fu Brundtland Raporu, gezegenin korunmas\u0131 ad\u0131na k\u00fcresel bir m\u00fccadele ba\u015flatt\u0131.\u00a0\" \/>\n<meta name=\"robots\" content=\"index, follow, max-snippet:-1, max-image-preview:large, max-video-preview:-1\" \/>\n<link rel=\"canonical\" href=\"https:\/\/www.quickcarbon.com\/tr\/blog\/kalkinma-icin-buyuk-bir-adim-brundtland-raporu\/\" \/>\n<meta property=\"og:locale\" content=\"tr_TR\" \/>\n<meta property=\"og:type\" content=\"article\" \/>\n<meta property=\"og:title\" content=\"Kalk\u0131nma \u0130\u00e7in B\u00fcy\u00fck Bir Ad\u0131m: Brundtland Raporu\u00a0 - QuickCarbon\" \/>\n<meta property=\"og:description\" content=\"20. y\u00fczy\u0131l\u0131n sonlar\u0131na do\u011fru d\u00fcnyan\u0131n gidi\u015fat\u0131na dair duyulmaya ba\u015flayan endi\u015feler, bu gidi\u015fat\u0131 tersine \u00e7evirmek i\u00e7in baz\u0131 ad\u0131mlar atmay\u0131 zorunlu h\u00e2le getirdi. Gezegenin s\u0131cakl\u0131\u011f\u0131n\u0131n h\u0131zla artmas\u0131, ya\u015fanan ekstrem hava olaylar\u0131, ekosistemlerin ve biyo\u00e7e\u015fitlili\u011fin tehdit alt\u0131nda olmas\u0131 ve daha pek \u00e7ok fakt\u00f6r Birle\u015fmi\u015f Milletler&#039;i bir komisyon kurmaya itti. Bug\u00fcn Brundtland olarak da bilinen bu komisyonun ortaya koydu\u011fu Brundtland Raporu, gezegenin korunmas\u0131 ad\u0131na k\u00fcresel bir m\u00fccadele ba\u015flatt\u0131.\u00a0\" \/>\n<meta property=\"og:url\" content=\"https:\/\/www.quickcarbon.com\/tr\/blog\/kalkinma-icin-buyuk-bir-adim-brundtland-raporu\/\" \/>\n<meta property=\"og:site_name\" content=\"QuickCarbon\" \/>\n<meta property=\"article:publisher\" content=\"https:\/\/www.facebook.com\/quickcarbon\/\" \/>\n<meta property=\"article:published_time\" content=\"2024-09-18T07:10:00+00:00\" \/>\n<meta property=\"article:modified_time\" content=\"2024-09-19T08:15:40+00:00\" \/>\n<meta property=\"og:image\" content=\"https:\/\/www.quickcarbon.com\/tr\/wp-content\/uploads\/2024\/09\/24_Kapak-Gorsel.jpg\" \/>\n\t<meta property=\"og:image:width\" content=\"1072\" \/>\n\t<meta property=\"og:image:height\" content=\"666\" \/>\n\t<meta property=\"og:image:type\" content=\"image\/jpeg\" \/>\n<meta name=\"author\" content=\"Elif Akko\u00e7\" \/>\n<meta name=\"twitter:card\" content=\"summary_large_image\" \/>\n<meta name=\"twitter:creator\" content=\"@QuickCarbon_Tr\" \/>\n<meta name=\"twitter:site\" content=\"@QuickCarbon_Tr\" \/>\n<meta name=\"twitter:label1\" content=\"Written by\" \/>\n\t<meta name=\"twitter:data1\" content=\"Elif Akko\u00e7\" \/>\n\t<meta name=\"twitter:label2\" content=\"Est. reading time\" \/>\n\t<meta name=\"twitter:data2\" content=\"8 dakika\" \/>\n<script type=\"application\/ld+json\" class=\"yoast-schema-graph\">{\"@context\":\"https:\/\/schema.org\",\"@graph\":[{\"@type\":[\"Article\",\"BlogPosting\"],\"@id\":\"https:\/\/www.quickcarbon.com\/tr\/blog\/kalkinma-icin-buyuk-bir-adim-brundtland-raporu\/#article\",\"isPartOf\":{\"@id\":\"https:\/\/www.quickcarbon.com\/tr\/blog\/kalkinma-icin-buyuk-bir-adim-brundtland-raporu\/\"},\"author\":{\"name\":\"Elif Akko\u00e7\",\"@id\":\"https:\/\/www.quickcarbon.com\/tr\/#\/schema\/person\/e9ff9b7b560010798b00c0355cb606f1\"},\"headline\":\"Kalk\u0131nma \u0130\u00e7in B\u00fcy\u00fck Bir Ad\u0131m: Brundtland Raporu\u00a0\",\"datePublished\":\"2024-09-18T07:10:00+00:00\",\"dateModified\":\"2024-09-19T08:15:40+00:00\",\"mainEntityOfPage\":{\"@id\":\"https:\/\/www.quickcarbon.com\/tr\/blog\/kalkinma-icin-buyuk-bir-adim-brundtland-raporu\/\"},\"wordCount\":1732,\"publisher\":{\"@id\":\"https:\/\/www.quickcarbon.com\/tr\/#organization\"},\"image\":{\"@id\":\"https:\/\/www.quickcarbon.com\/tr\/blog\/kalkinma-icin-buyuk-bir-adim-brundtland-raporu\/#primaryimage\"},\"thumbnailUrl\":\"https:\/\/www.quickcarbon.com\/tr\/wp-content\/uploads\/2024\/09\/24_Kapak-Gorsel.jpg\",\"keywords\":[\"birle\u015fmi\u015f milletler\",\"brundtland raporu\",\"enerji\",\"enerji g\u00fcvenli\u011fi\",\"g\u0131da g\u00fcvenli\u011fi\",\"G\u00fcndem 21\",\"n\u00fcfus\",\"Rio zirvesi\",\"sanayi\",\"s\u00fcrd\u00fcr\u00fclebilir kalk\u0131nma\",\"s\u00fcrd\u00fcr\u00fclebilir kalk\u0131nma hedefleri\",\"s\u00fcrd\u00fcr\u00fclebilirlik\",\"WCED\"],\"inLanguage\":\"tr\"},{\"@type\":\"WebPage\",\"@id\":\"https:\/\/www.quickcarbon.com\/tr\/blog\/kalkinma-icin-buyuk-bir-adim-brundtland-raporu\/\",\"url\":\"https:\/\/www.quickcarbon.com\/tr\/blog\/kalkinma-icin-buyuk-bir-adim-brundtland-raporu\/\",\"name\":\"Kalk\u0131nma \u0130\u00e7in B\u00fcy\u00fck Bir Ad\u0131m: Brundtland Raporu\u00a0 - QuickCarbon\",\"isPartOf\":{\"@id\":\"https:\/\/www.quickcarbon.com\/tr\/#website\"},\"primaryImageOfPage\":{\"@id\":\"https:\/\/www.quickcarbon.com\/tr\/blog\/kalkinma-icin-buyuk-bir-adim-brundtland-raporu\/#primaryimage\"},\"image\":{\"@id\":\"https:\/\/www.quickcarbon.com\/tr\/blog\/kalkinma-icin-buyuk-bir-adim-brundtland-raporu\/#primaryimage\"},\"thumbnailUrl\":\"https:\/\/www.quickcarbon.com\/tr\/wp-content\/uploads\/2024\/09\/24_Kapak-Gorsel.jpg\",\"datePublished\":\"2024-09-18T07:10:00+00:00\",\"dateModified\":\"2024-09-19T08:15:40+00:00\",\"description\":\"20. y\u00fczy\u0131l\u0131n sonlar\u0131na do\u011fru d\u00fcnyan\u0131n gidi\u015fat\u0131na dair duyulmaya ba\u015flayan endi\u015feler, bu gidi\u015fat\u0131 tersine \u00e7evirmek i\u00e7in baz\u0131 ad\u0131mlar atmay\u0131 zorunlu h\u00e2le getirdi. Gezegenin s\u0131cakl\u0131\u011f\u0131n\u0131n h\u0131zla artmas\u0131, ya\u015fanan ekstrem hava olaylar\u0131, ekosistemlerin ve biyo\u00e7e\u015fitlili\u011fin tehdit alt\u0131nda olmas\u0131 ve daha pek \u00e7ok fakt\u00f6r Birle\u015fmi\u015f Milletler'i bir komisyon kurmaya itti. Bug\u00fcn Brundtland olarak da bilinen bu komisyonun ortaya koydu\u011fu Brundtland Raporu, gezegenin korunmas\u0131 ad\u0131na k\u00fcresel bir m\u00fccadele ba\u015flatt\u0131.\u00a0\",\"breadcrumb\":{\"@id\":\"https:\/\/www.quickcarbon.com\/tr\/blog\/kalkinma-icin-buyuk-bir-adim-brundtland-raporu\/#breadcrumb\"},\"inLanguage\":\"tr\",\"potentialAction\":[{\"@type\":\"ReadAction\",\"target\":[\"https:\/\/www.quickcarbon.com\/tr\/blog\/kalkinma-icin-buyuk-bir-adim-brundtland-raporu\/\"]}]},{\"@type\":\"ImageObject\",\"inLanguage\":\"tr\",\"@id\":\"https:\/\/www.quickcarbon.com\/tr\/blog\/kalkinma-icin-buyuk-bir-adim-brundtland-raporu\/#primaryimage\",\"url\":\"https:\/\/www.quickcarbon.com\/tr\/wp-content\/uploads\/2024\/09\/24_Kapak-Gorsel.jpg\",\"contentUrl\":\"https:\/\/www.quickcarbon.com\/tr\/wp-content\/uploads\/2024\/09\/24_Kapak-Gorsel.jpg\",\"width\":1072,\"height\":666},{\"@type\":\"BreadcrumbList\",\"@id\":\"https:\/\/www.quickcarbon.com\/tr\/blog\/kalkinma-icin-buyuk-bir-adim-brundtland-raporu\/#breadcrumb\",\"itemListElement\":[{\"@type\":\"ListItem\",\"position\":1,\"name\":\"Ana Sayfa\",\"item\":\"https:\/\/www.quickcarbon.com\/tr\/\"},{\"@type\":\"ListItem\",\"position\":2,\"name\":\"Kalk\u0131nma \u0130\u00e7in B\u00fcy\u00fck Bir Ad\u0131m: Brundtland Raporu\u00a0\"}]},{\"@type\":\"WebSite\",\"@id\":\"https:\/\/www.quickcarbon.com\/tr\/#website\",\"url\":\"https:\/\/www.quickcarbon.com\/tr\/\",\"name\":\"QuickCarbon\",\"description\":\"Take Control of Your Corporate Carbon Footprint\",\"publisher\":{\"@id\":\"https:\/\/www.quickcarbon.com\/tr\/#organization\"},\"alternateName\":\"QC\",\"potentialAction\":[{\"@type\":\"SearchAction\",\"target\":{\"@type\":\"EntryPoint\",\"urlTemplate\":\"https:\/\/www.quickcarbon.com\/tr\/?s={search_term_string}\"},\"query-input\":{\"@type\":\"PropertyValueSpecification\",\"valueRequired\":true,\"valueName\":\"search_term_string\"}}],\"inLanguage\":\"tr\"},{\"@type\":\"Organization\",\"@id\":\"https:\/\/www.quickcarbon.com\/tr\/#organization\",\"name\":\"QuickCarbon\",\"alternateName\":\"QC\",\"url\":\"https:\/\/www.quickcarbon.com\/tr\/\",\"logo\":{\"@type\":\"ImageObject\",\"inLanguage\":\"tr\",\"@id\":\"https:\/\/www.quickcarbon.com\/tr\/#\/schema\/logo\/image\/\",\"url\":\"https:\/\/www.quickcarbon.com\/tr\/wp-content\/uploads\/2023\/09\/cropped-qc_favicon-1.png\",\"contentUrl\":\"https:\/\/www.quickcarbon.com\/tr\/wp-content\/uploads\/2023\/09\/cropped-qc_favicon-1.png\",\"width\":512,\"height\":512,\"caption\":\"QuickCarbon\"},\"image\":{\"@id\":\"https:\/\/www.quickcarbon.com\/tr\/#\/schema\/logo\/image\/\"},\"sameAs\":[\"https:\/\/www.facebook.com\/quickcarbon\/\",\"https:\/\/x.com\/QuickCarbon_Tr\",\"https:\/\/www.instagram.com\/quickcarbon_official\/\",\"https:\/\/www.linkedin.com\/showcase\/quickcarbon-\/\"]},{\"@type\":\"Person\",\"@id\":\"https:\/\/www.quickcarbon.com\/tr\/#\/schema\/person\/e9ff9b7b560010798b00c0355cb606f1\",\"name\":\"Elif Akko\u00e7\",\"image\":{\"@type\":\"ImageObject\",\"inLanguage\":\"tr\",\"@id\":\"https:\/\/www.quickcarbon.com\/tr\/#\/schema\/person\/image\/\",\"url\":\"https:\/\/secure.gravatar.com\/avatar\/1419d3d4829046468ad9f261eb84b5e321805c1b4084d3d1c85c0de62b0330de?s=96&d=mm&r=g\",\"contentUrl\":\"https:\/\/secure.gravatar.com\/avatar\/1419d3d4829046468ad9f261eb84b5e321805c1b4084d3d1c85c0de62b0330de?s=96&d=mm&r=g\",\"caption\":\"Elif Akko\u00e7\"},\"sameAs\":[\"https:\/\/www.quickcarbon.com\/\"]}]}<\/script>\n<!-- \/ Yoast SEO plugin. -->","yoast_head_json":{"title":"Kalk\u0131nma \u0130\u00e7in B\u00fcy\u00fck Bir Ad\u0131m: Brundtland Raporu\u00a0 - QuickCarbon","description":"20. y\u00fczy\u0131l\u0131n sonlar\u0131na do\u011fru d\u00fcnyan\u0131n gidi\u015fat\u0131na dair duyulmaya ba\u015flayan endi\u015feler, bu gidi\u015fat\u0131 tersine \u00e7evirmek i\u00e7in baz\u0131 ad\u0131mlar atmay\u0131 zorunlu h\u00e2le getirdi. Gezegenin s\u0131cakl\u0131\u011f\u0131n\u0131n h\u0131zla artmas\u0131, ya\u015fanan ekstrem hava olaylar\u0131, ekosistemlerin ve biyo\u00e7e\u015fitlili\u011fin tehdit alt\u0131nda olmas\u0131 ve daha pek \u00e7ok fakt\u00f6r Birle\u015fmi\u015f Milletler'i bir komisyon kurmaya itti. Bug\u00fcn Brundtland olarak da bilinen bu komisyonun ortaya koydu\u011fu Brundtland Raporu, gezegenin korunmas\u0131 ad\u0131na k\u00fcresel bir m\u00fccadele ba\u015flatt\u0131.\u00a0","robots":{"index":"index","follow":"follow","max-snippet":"max-snippet:-1","max-image-preview":"max-image-preview:large","max-video-preview":"max-video-preview:-1"},"canonical":"https:\/\/www.quickcarbon.com\/tr\/blog\/kalkinma-icin-buyuk-bir-adim-brundtland-raporu\/","og_locale":"tr_TR","og_type":"article","og_title":"Kalk\u0131nma \u0130\u00e7in B\u00fcy\u00fck Bir Ad\u0131m: Brundtland Raporu\u00a0 - QuickCarbon","og_description":"20. y\u00fczy\u0131l\u0131n sonlar\u0131na do\u011fru d\u00fcnyan\u0131n gidi\u015fat\u0131na dair duyulmaya ba\u015flayan endi\u015feler, bu gidi\u015fat\u0131 tersine \u00e7evirmek i\u00e7in baz\u0131 ad\u0131mlar atmay\u0131 zorunlu h\u00e2le getirdi. Gezegenin s\u0131cakl\u0131\u011f\u0131n\u0131n h\u0131zla artmas\u0131, ya\u015fanan ekstrem hava olaylar\u0131, ekosistemlerin ve biyo\u00e7e\u015fitlili\u011fin tehdit alt\u0131nda olmas\u0131 ve daha pek \u00e7ok fakt\u00f6r Birle\u015fmi\u015f Milletler'i bir komisyon kurmaya itti. Bug\u00fcn Brundtland olarak da bilinen bu komisyonun ortaya koydu\u011fu Brundtland Raporu, gezegenin korunmas\u0131 ad\u0131na k\u00fcresel bir m\u00fccadele ba\u015flatt\u0131.\u00a0","og_url":"https:\/\/www.quickcarbon.com\/tr\/blog\/kalkinma-icin-buyuk-bir-adim-brundtland-raporu\/","og_site_name":"QuickCarbon","article_publisher":"https:\/\/www.facebook.com\/quickcarbon\/","article_published_time":"2024-09-18T07:10:00+00:00","article_modified_time":"2024-09-19T08:15:40+00:00","og_image":[{"width":1072,"height":666,"url":"https:\/\/www.quickcarbon.com\/tr\/wp-content\/uploads\/2024\/09\/24_Kapak-Gorsel.jpg","type":"image\/jpeg"}],"author":"Elif Akko\u00e7","twitter_card":"summary_large_image","twitter_creator":"@QuickCarbon_Tr","twitter_site":"@QuickCarbon_Tr","twitter_misc":{"Written by":"Elif Akko\u00e7","Est. reading time":"8 dakika"},"schema":{"@context":"https:\/\/schema.org","@graph":[{"@type":["Article","BlogPosting"],"@id":"https:\/\/www.quickcarbon.com\/tr\/blog\/kalkinma-icin-buyuk-bir-adim-brundtland-raporu\/#article","isPartOf":{"@id":"https:\/\/www.quickcarbon.com\/tr\/blog\/kalkinma-icin-buyuk-bir-adim-brundtland-raporu\/"},"author":{"name":"Elif Akko\u00e7","@id":"https:\/\/www.quickcarbon.com\/tr\/#\/schema\/person\/e9ff9b7b560010798b00c0355cb606f1"},"headline":"Kalk\u0131nma \u0130\u00e7in B\u00fcy\u00fck Bir Ad\u0131m: Brundtland Raporu\u00a0","datePublished":"2024-09-18T07:10:00+00:00","dateModified":"2024-09-19T08:15:40+00:00","mainEntityOfPage":{"@id":"https:\/\/www.quickcarbon.com\/tr\/blog\/kalkinma-icin-buyuk-bir-adim-brundtland-raporu\/"},"wordCount":1732,"publisher":{"@id":"https:\/\/www.quickcarbon.com\/tr\/#organization"},"image":{"@id":"https:\/\/www.quickcarbon.com\/tr\/blog\/kalkinma-icin-buyuk-bir-adim-brundtland-raporu\/#primaryimage"},"thumbnailUrl":"https:\/\/www.quickcarbon.com\/tr\/wp-content\/uploads\/2024\/09\/24_Kapak-Gorsel.jpg","keywords":["birle\u015fmi\u015f milletler","brundtland raporu","enerji","enerji g\u00fcvenli\u011fi","g\u0131da g\u00fcvenli\u011fi","G\u00fcndem 21","n\u00fcfus","Rio zirvesi","sanayi","s\u00fcrd\u00fcr\u00fclebilir kalk\u0131nma","s\u00fcrd\u00fcr\u00fclebilir kalk\u0131nma hedefleri","s\u00fcrd\u00fcr\u00fclebilirlik","WCED"],"inLanguage":"tr"},{"@type":"WebPage","@id":"https:\/\/www.quickcarbon.com\/tr\/blog\/kalkinma-icin-buyuk-bir-adim-brundtland-raporu\/","url":"https:\/\/www.quickcarbon.com\/tr\/blog\/kalkinma-icin-buyuk-bir-adim-brundtland-raporu\/","name":"Kalk\u0131nma \u0130\u00e7in B\u00fcy\u00fck Bir Ad\u0131m: Brundtland Raporu\u00a0 - QuickCarbon","isPartOf":{"@id":"https:\/\/www.quickcarbon.com\/tr\/#website"},"primaryImageOfPage":{"@id":"https:\/\/www.quickcarbon.com\/tr\/blog\/kalkinma-icin-buyuk-bir-adim-brundtland-raporu\/#primaryimage"},"image":{"@id":"https:\/\/www.quickcarbon.com\/tr\/blog\/kalkinma-icin-buyuk-bir-adim-brundtland-raporu\/#primaryimage"},"thumbnailUrl":"https:\/\/www.quickcarbon.com\/tr\/wp-content\/uploads\/2024\/09\/24_Kapak-Gorsel.jpg","datePublished":"2024-09-18T07:10:00+00:00","dateModified":"2024-09-19T08:15:40+00:00","description":"20. y\u00fczy\u0131l\u0131n sonlar\u0131na do\u011fru d\u00fcnyan\u0131n gidi\u015fat\u0131na dair duyulmaya ba\u015flayan endi\u015feler, bu gidi\u015fat\u0131 tersine \u00e7evirmek i\u00e7in baz\u0131 ad\u0131mlar atmay\u0131 zorunlu h\u00e2le getirdi. Gezegenin s\u0131cakl\u0131\u011f\u0131n\u0131n h\u0131zla artmas\u0131, ya\u015fanan ekstrem hava olaylar\u0131, ekosistemlerin ve biyo\u00e7e\u015fitlili\u011fin tehdit alt\u0131nda olmas\u0131 ve daha pek \u00e7ok fakt\u00f6r Birle\u015fmi\u015f Milletler'i bir komisyon kurmaya itti. Bug\u00fcn Brundtland olarak da bilinen bu komisyonun ortaya koydu\u011fu Brundtland Raporu, gezegenin korunmas\u0131 ad\u0131na k\u00fcresel bir m\u00fccadele ba\u015flatt\u0131.\u00a0","breadcrumb":{"@id":"https:\/\/www.quickcarbon.com\/tr\/blog\/kalkinma-icin-buyuk-bir-adim-brundtland-raporu\/#breadcrumb"},"inLanguage":"tr","potentialAction":[{"@type":"ReadAction","target":["https:\/\/www.quickcarbon.com\/tr\/blog\/kalkinma-icin-buyuk-bir-adim-brundtland-raporu\/"]}]},{"@type":"ImageObject","inLanguage":"tr","@id":"https:\/\/www.quickcarbon.com\/tr\/blog\/kalkinma-icin-buyuk-bir-adim-brundtland-raporu\/#primaryimage","url":"https:\/\/www.quickcarbon.com\/tr\/wp-content\/uploads\/2024\/09\/24_Kapak-Gorsel.jpg","contentUrl":"https:\/\/www.quickcarbon.com\/tr\/wp-content\/uploads\/2024\/09\/24_Kapak-Gorsel.jpg","width":1072,"height":666},{"@type":"BreadcrumbList","@id":"https:\/\/www.quickcarbon.com\/tr\/blog\/kalkinma-icin-buyuk-bir-adim-brundtland-raporu\/#breadcrumb","itemListElement":[{"@type":"ListItem","position":1,"name":"Ana Sayfa","item":"https:\/\/www.quickcarbon.com\/tr\/"},{"@type":"ListItem","position":2,"name":"Kalk\u0131nma \u0130\u00e7in B\u00fcy\u00fck Bir Ad\u0131m: Brundtland Raporu\u00a0"}]},{"@type":"WebSite","@id":"https:\/\/www.quickcarbon.com\/tr\/#website","url":"https:\/\/www.quickcarbon.com\/tr\/","name":"QuickCarbon","description":"Take Control of Your Corporate Carbon Footprint","publisher":{"@id":"https:\/\/www.quickcarbon.com\/tr\/#organization"},"alternateName":"QC","potentialAction":[{"@type":"SearchAction","target":{"@type":"EntryPoint","urlTemplate":"https:\/\/www.quickcarbon.com\/tr\/?s={search_term_string}"},"query-input":{"@type":"PropertyValueSpecification","valueRequired":true,"valueName":"search_term_string"}}],"inLanguage":"tr"},{"@type":"Organization","@id":"https:\/\/www.quickcarbon.com\/tr\/#organization","name":"QuickCarbon","alternateName":"QC","url":"https:\/\/www.quickcarbon.com\/tr\/","logo":{"@type":"ImageObject","inLanguage":"tr","@id":"https:\/\/www.quickcarbon.com\/tr\/#\/schema\/logo\/image\/","url":"https:\/\/www.quickcarbon.com\/tr\/wp-content\/uploads\/2023\/09\/cropped-qc_favicon-1.png","contentUrl":"https:\/\/www.quickcarbon.com\/tr\/wp-content\/uploads\/2023\/09\/cropped-qc_favicon-1.png","width":512,"height":512,"caption":"QuickCarbon"},"image":{"@id":"https:\/\/www.quickcarbon.com\/tr\/#\/schema\/logo\/image\/"},"sameAs":["https:\/\/www.facebook.com\/quickcarbon\/","https:\/\/x.com\/QuickCarbon_Tr","https:\/\/www.instagram.com\/quickcarbon_official\/","https:\/\/www.linkedin.com\/showcase\/quickcarbon-\/"]},{"@type":"Person","@id":"https:\/\/www.quickcarbon.com\/tr\/#\/schema\/person\/e9ff9b7b560010798b00c0355cb606f1","name":"Elif Akko\u00e7","image":{"@type":"ImageObject","inLanguage":"tr","@id":"https:\/\/www.quickcarbon.com\/tr\/#\/schema\/person\/image\/","url":"https:\/\/secure.gravatar.com\/avatar\/1419d3d4829046468ad9f261eb84b5e321805c1b4084d3d1c85c0de62b0330de?s=96&d=mm&r=g","contentUrl":"https:\/\/secure.gravatar.com\/avatar\/1419d3d4829046468ad9f261eb84b5e321805c1b4084d3d1c85c0de62b0330de?s=96&d=mm&r=g","caption":"Elif Akko\u00e7"},"sameAs":["https:\/\/www.quickcarbon.com\/"]}]}},"_links":{"self":[{"href":"https:\/\/www.quickcarbon.com\/tr\/wp-json\/wp\/v2\/posts\/1442","targetHints":{"allow":["GET"]}}],"collection":[{"href":"https:\/\/www.quickcarbon.com\/tr\/wp-json\/wp\/v2\/posts"}],"about":[{"href":"https:\/\/www.quickcarbon.com\/tr\/wp-json\/wp\/v2\/types\/post"}],"author":[{"embeddable":true,"href":"https:\/\/www.quickcarbon.com\/tr\/wp-json\/wp\/v2\/users\/3"}],"replies":[{"embeddable":true,"href":"https:\/\/www.quickcarbon.com\/tr\/wp-json\/wp\/v2\/comments?post=1442"}],"version-history":[{"count":3,"href":"https:\/\/www.quickcarbon.com\/tr\/wp-json\/wp\/v2\/posts\/1442\/revisions"}],"predecessor-version":[{"id":1449,"href":"https:\/\/www.quickcarbon.com\/tr\/wp-json\/wp\/v2\/posts\/1442\/revisions\/1449"}],"wp:featuredmedia":[{"embeddable":true,"href":"https:\/\/www.quickcarbon.com\/tr\/wp-json\/wp\/v2\/media\/1444"}],"wp:attachment":[{"href":"https:\/\/www.quickcarbon.com\/tr\/wp-json\/wp\/v2\/media?parent=1442"}],"wp:term":[{"taxonomy":"category","embeddable":true,"href":"https:\/\/www.quickcarbon.com\/tr\/wp-json\/wp\/v2\/categories?post=1442"},{"taxonomy":"post_tag","embeddable":true,"href":"https:\/\/www.quickcarbon.com\/tr\/wp-json\/wp\/v2\/tags?post=1442"}],"curies":[{"name":"wp","href":"https:\/\/api.w.org\/{rel}","templated":true}]}}