{"id":1451,"date":"2024-09-19T09:00:00","date_gmt":"2024-09-19T06:00:00","guid":{"rendered":"https:\/\/www.quickcarbon.com\/tr\/?p=1451"},"modified":"2024-09-19T11:19:18","modified_gmt":"2024-09-19T08:19:18","slug":"karbondioksitin-iklim-uzerindeki-etkileri-ve-atmosferdeki-karbondioksiti-temizleme-yontemleri","status":"publish","type":"post","link":"https:\/\/www.quickcarbon.com\/tr\/blog\/karbondioksitin-iklim-uzerindeki-etkileri-ve-atmosferdeki-karbondioksiti-temizleme-yontemleri\/","title":{"rendered":"Karbondioksitin \u0130klim \u00dczerindeki Etkileri ve Atmosferdeki Karbondioksiti Temizleme Y\u00f6ntemleri\u00a0"},"content":{"rendered":"\n<p>Sanayi Devrimi&#8217;nin ger\u00e7ekle\u015fti\u011fi 18. y\u00fczy\u0131ldan bu yana atmosferdeki karbondioksit miktar\u0131 %50 oran\u0131nda artt\u0131. Bu art\u0131\u015f d\u00fcnyan\u0131n daha fazla \u0131s\u0131nmas\u0131na ve iklim de\u011fi\u015fikli\u011fine neden oldu. Toprak alt\u0131nda ya da okyanus taban\u0131nda bulunan fosil yak\u0131tlar\u0131n \u00e7\u0131kar\u0131l\u0131p yak\u0131lmas\u0131 sonucu fosil yak\u0131tlarda depolanan karbondioksit de a\u00e7\u0131\u011fa \u00e7\u0131kmaya ve atmosfere kar\u0131\u015fmaya ba\u015flad\u0131. Bu durum karbondioksit oran\u0131ndaki art\u0131\u015f\u0131n en \u00f6nemli nedenleri aras\u0131nda g\u00f6sterilebilir. D\u00fcnyan\u0131n do\u011fal karbon d\u00f6ng\u00fcs\u00fcn\u00fcn bozulmas\u0131 da artan karbondioksit miktar\u0131n\u0131n ka\u00e7\u0131n\u0131lmaz bir sonucudur.&nbsp;<\/p>\n\n\n\n<figure class=\"wp-block-image\"><img loading=\"lazy\" decoding=\"async\" width=\"960\" height=\"596\" src=\"https:\/\/www.quickcarbon.com\/tr\/wp-content\/uploads\/2024\/09\/Karbondioksitin-I\u2560cklim-U\u2560ezerindeki-Etkileri-ve-Atmosferdeki-Karbondioksiti-Temizleme-Yo\u2560entemleri.jpg\" alt=\"\" class=\"wp-image-1457\"\/><\/figure>\n\n\n\n<h2 class=\"wp-block-heading\"><strong>Karbondioksit Nedir?<\/strong>&nbsp;<\/h2>\n\n\n\n<p>Karbondioksit; k\u00f6m\u00fcr, petrol ve do\u011fal gaz gibi fosil yak\u0131tlar\u0131n \u00e7\u0131kar\u0131lmas\u0131 ve yak\u0131lmas\u0131 gibi faaliyetlerle orman yang\u0131nlar\u0131 ya da volkanik patlamalar gibi do\u011fal \u00e2laylar\u0131n bir sonucu olarak ortaya \u00e7\u0131kan \u0131s\u0131 tutucu bir gazd\u0131r. Bir karbon atomundan ve iki oksijen atomundan olu\u015fan karbondioksit (CO2), fermantasyon ya da hayvanlar\u0131n solunumu s\u0131ras\u0131nda da olu\u015fur. K\u00fcresel \u0131s\u0131nmayla olan ili\u015fkisi nedeniyle de son derece \u00f6nemli olan bu renksiz gaz, kokusuz ve renksizdir. Ancak daha y\u00fcksek konsantrasyon h\u00e2linde bulunan karbondioksit gaz\u0131, asidik bir kokuya sahiptir. Birincil sera gaz\u0131 durumunda bulunan karbondioksiti olu\u015fturan element karbondur. Ametal bir kimyasal element olan karbon, periyodik tablonun 14. grubunda yer al\u0131r.&nbsp;<\/p>\n\n\n\n<p>Karbondioksitin atmosferde birikmesi, d\u00fcnyadan gelen radyant enerjinin bir k\u0131sm\u0131n\u0131n uzaya geri d\u00f6nmesini engeller. Bu durum \u0131s\u0131n\u0131n i\u00e7eride hapsedilmesi, bir sera etkisi olu\u015fmas\u0131 ve d\u00fcnyan\u0131n daha fazla \u0131s\u0131nmas\u0131 anlam\u0131na gelir. Ancak atmosferdeki karbon varl\u0131\u011f\u0131n\u0131n tamamen olumsuz bir durum oldu\u011funu ve bu karbon olu\u015fumunun yaln\u0131zca fosil yak\u0131tlar\u0131n yak\u0131lmas\u0131ndan kaynakland\u0131\u011f\u0131n\u0131 d\u00fc\u015f\u00fcnmek do\u011fru de\u011fildir. \u00c7\u00fcnk\u00fc karbondioksit hem do\u011fal yollarla hem antropojenik yollarla yani insanlar\u0131n eylemlerinin ya da eylemsizliklerinin bir sonucu olarak ortaya \u00e7\u0131kar. Buradaki olumsuz nokta, karbon d\u00f6ng\u00fcs\u00fcn\u00fcn bozulmas\u0131na neden olacak faaliyetlerin insanlar taraf\u0131ndan ger\u00e7ekle\u015ftiriliyor olmas\u0131d\u0131r.&nbsp;&nbsp;<\/p>\n\n\n\n<h2 class=\"wp-block-heading\"><strong>Karbon D\u00f6ng\u00fcs\u00fc Nedir?<\/strong>&nbsp;<\/h2>\n\n\n\n<p>Karbon d\u00f6ng\u00fcs\u00fc, karbon elementinin atmosfer, yery\u00fcz\u00fc ve su ekosistemleri aras\u0131ndaki ge\u00e7i\u015fini ifade eder. Bir di\u011fer ifadeyle karbonun hava, bitkiler, toprak, hayvanlar ve fosil yak\u0131tlar arac\u0131l\u0131\u011f\u0131yla \u00e7evrimidir. Bitkiler fotosentez yapmak i\u00e7in atmosferdeki karbondioksiti ve suyu kullanarak oksijen \u00fcretir, hayvanlar ve insanlar da havadan oksijen al\u0131p karbondioksit verirler. Karbondioksit benzer \u015fekilde okyanuslar ve atmosfer aras\u0131nda da ge\u00e7i\u015f h\u00e2lindedir. Bu d\u00f6ng\u00fc, d\u00fcnyadaki ya\u015fam\u0131n devam edebilmesi i\u00e7in zorunlu bir s\u00fcre\u00e7tir.&nbsp;&nbsp;<\/p>\n\n\n\n<figure class=\"wp-block-image\"><img loading=\"lazy\" decoding=\"async\" width=\"1072\" height=\"666\" src=\"https:\/\/www.quickcarbon.com\/tr\/wp-content\/uploads\/2024\/09\/Karbon-Do\u2560engu\u2560esu\u2560e-Nedir-.jpg\" alt=\"\" class=\"wp-image-1455\"\/><\/figure>\n\n\n\n<p>D\u00fcnyadaki karbonun \u00e7ok b\u00fcy\u00fck bir k\u0131sm\u0131 tortularda ya da kayalarda depolanm\u0131\u015f h\u00e2ldedir. Ayr\u0131ca atmosfer, canl\u0131 organizmalar ve okyanus da karbon i\u00e7erir. Batakl\u0131k bitkileri, bal\u0131klar, ku\u015flar, deniz organizmalar\u0131 ya\u015famlar\u0131n\u0131 noktalad\u0131klar\u0131nda milyonlarca y\u0131l bas\u0131nca maruz kalarak karbon i\u00e7eren fosil yak\u0131tlara d\u00f6n\u00fc\u015f\u00fcrler. \u0130nsanlar enerji \u00fcretmek i\u00e7in bu fosil yak\u0131tlar\u0131 kulland\u0131klar\u0131 zaman okyanus taban\u0131nda, tortularda ya da kayalarda birikmi\u015f olan karbondioksit yeniden atmosfere sal\u0131n\u0131r.&nbsp;<\/p>\n\n\n\n<p><a href=\"https:\/\/www.oxfordreference.com\/display\/10.1093\/oi\/authority.20110803095548825\" target=\"_blank\" rel=\"noreferrer noopener\">Oxford Reference<\/a>, karbon d\u00f6ng\u00fcs\u00fcn\u00fcn tan\u0131m\u0131n\u0131 \u015fu \u015fekilde yapar: &#8220;Karbonun d\u00fcnyan\u0131n y\u00fczeyinde, i\u00e7 k\u0131sm\u0131nda ve atmosferindeki hareketi.&#8221; <a href=\"https:\/\/oceanservice.noaa.gov\/facts\/carbon-cycle.html#transcript\" target=\"_blank\" rel=\"noreferrer noopener\">National Ocean Service<\/a> de karbon d\u00f6ng\u00fcs\u00fcn\u00fc &#8220;Do\u011fan\u0131n, atmosferden d\u00fcnyadaki organizmalara ve oradan da tekrar atmosfere giden karbon atomlar\u0131n\u0131 geri d\u00f6n\u00fc\u015ft\u00fcrme yolu.&#8221; olarak tan\u0131mlar.&nbsp;<\/p>\n\n\n\n<h2 class=\"wp-block-heading\"><strong>Karbondioksitin \u0130klim De\u011fi\u015fikli\u011fi \u00dczerindeki Etkileri<\/strong>&nbsp;<\/h2>\n\n\n\n<p>Bug\u00fcn iklim de\u011fi\u015fikli\u011fine neden olan ba\u015fl\u0131ca sera gaz\u0131 karbondioksittir. D\u00fcnya ve atmosfer kapal\u0131 bir ortam oldu\u011fu i\u00e7in i\u00e7erideki karbon miktar\u0131, insan faaliyetleri olmad\u0131\u011f\u0131 s\u00fcrece sabittir. Karbon miktar\u0131n\u0131n b\u00fcy\u00fck bir k\u0131sm\u0131 toprak alt\u0131nda ya da okyanus taban\u0131nda, \u00f6l\u00fc organizmalar\u0131n i\u00e7inde depolan\u0131r. Ancak insan faaliyetleri nedeniyle bu karbonun \u00e7\u0131kar\u0131lmas\u0131 ve yak\u0131lmas\u0131 atmosferde biriken karbondioksit miktar\u0131n\u0131n artmas\u0131 sonucunu do\u011furdu.&nbsp;<\/p>\n\n\n\n<figure class=\"wp-block-image\"><img loading=\"lazy\" decoding=\"async\" width=\"1072\" height=\"666\" src=\"https:\/\/www.quickcarbon.com\/tr\/wp-content\/uploads\/2024\/09\/Karbondioksitin-I\u2560cklim-Deg\u2560ais\u2560giklig\u2560ai-U\u2560ezerindeki-Etkileri.jpg\" alt=\"\" class=\"wp-image-1456\"\/><\/figure>\n\n\n\n<p>Karbon d\u00f6ng\u00fcs\u00fc, d\u00fcnyadaki farkl\u0131 karbon rezervuarlar\u0131ndaki (yutak) karbon konsantrasyonunun dengede kalmas\u0131n\u0131 sa\u011flar. Fakat herhangi bir karbon yuta\u011f\u0131nda bir de\u011fi\u015fiklik meydana gelmesi, di\u011fer karbon yutaklar\u0131nda da de\u011fi\u015fiklik olmas\u0131 anlam\u0131na gelir. G\u00fcn\u00fcm\u00fczde insanlar atmosfere fazla miktarda karbondioksit sal\u0131nmas\u0131na neden olan fosil yak\u0131tlar\u0131 yakarak ve atmosferdeki karbondioksiti emen a\u011fa\u00e7lar\u0131n ya da bitkilerin bulundu\u011fu arazileri yok ederek karbon d\u00f6ng\u00fcs\u00fcn\u00fcn bozulmas\u0131na yol a\u00e7ar.&nbsp;<\/p>\n\n\n\n<p>Sera gazlar\u0131, atmosferin b\u00fcy\u00fck bir k\u0131sm\u0131n\u0131 olu\u015fturan nitrojenden ve oksijenden farkl\u0131 olarak d\u00fcnya y\u00fczeyinden yay\u0131lan \u0131s\u0131y\u0131 emer. Fakat emdi\u011fi \u0131s\u0131y\u0131 tamamen d\u00fcnyaya geri g\u00f6ndermez. Yans\u0131tma her y\u00f6ne do\u011frudur. Bu durum d\u00fcnyadaki \u0131s\u0131n\u0131n insanlar, ekosistemler ve biyo\u00e7e\u015fitlilik i\u00e7in ideal bir seviyede kalmas\u0131n\u0131 sa\u011flar. Fakat atmosferdeki karbondioksit miktar\u0131n\u0131n artmas\u0131yla birlikte sera etkisi de artar. Bu da atmosferde tutulan ve d\u00fcnyaya g\u00f6nderilen s\u0131cakl\u0131\u011f\u0131n artmas\u0131 anlam\u0131na gelir.&nbsp;&nbsp;<\/p>\n\n\n\n<p>Karbondioksit miktar\u0131n\u0131n artmas\u0131 yaln\u0131zca d\u00fcnyan\u0131n y\u00fczey s\u0131cakl\u0131\u011f\u0131n\u0131n artmas\u0131na neden olmaz. Ayn\u0131 zamanda okyanuslardaki su kalitesinin d\u00fc\u015fmesi de bunun bir sonucudur. Atmosferdeki karbondioksitin suyla tepkimeye girmesi ortaya karbonik asit \u00e7\u0131kar\u0131r. Karbonik asit de okyanuslardaki pH seviyesini d\u00fc\u015f\u00fcrerek okyanus asitlenmesi olarak ifade edilen bir duruma sebebiyet verir.&nbsp;<\/p>\n\n\n\n<p>Ulusal Okyanus ve Atmosfer Dairesi NOOA (National Oceanic and Atmospheric Administration) taraf\u0131ndan a\u00e7\u0131klanan <a href=\"https:\/\/www.climate.gov\/news-features\/understanding-climate\/climate-change-annual-greenhouse-gas-index\" target=\"_blank\" rel=\"noreferrer noopener\">verilere<\/a> g\u00f6re, insan kaynakl\u0131 sera gazlar\u0131n\u0131n k\u00fcresel \u0131s\u0131nmaya do\u011frudan etkisi 1990 y\u0131l\u0131ndan bu yana %49 oran\u0131nda artt\u0131. Bu \u0131s\u0131nma etkisinin %64&#8217;l\u00fck k\u0131sm\u0131ysa karbondioksitten kaynaklan\u0131r.&nbsp;<\/p>\n\n\n\n<h2 class=\"wp-block-heading\"><strong>Atmosferdeki Karbondioksit Nas\u0131l Temizlenir?<\/strong>&nbsp;<\/h2>\n\n\n\n<figure class=\"wp-block-image\"><img loading=\"lazy\" decoding=\"async\" width=\"1072\" height=\"666\" src=\"https:\/\/www.quickcarbon.com\/tr\/wp-content\/uploads\/2024\/09\/Atmosferdeki-Karbondioksit-Nas\u2500\u2592l-Temizlenir-.jpg\" alt=\"\" class=\"wp-image-1454\"\/><\/figure>\n\n\n\n<p><a href=\"https:\/\/www.weforum.org\/agenda\/2023\/09\/carbon-removal-climate-crisis\/\" target=\"_blank\" rel=\"noreferrer noopener\">D\u00fcnya Ekonomik Forumu<\/a>&#8216;na (World Economic Forum) g\u00f6re atmosferdeki karbondioksiti azaltman\u0131n ve 2050 y\u0131l\u0131na kadar s\u0131f\u0131r karbon emisyonu hedeflerine ula\u015fman\u0131n 5 ana y\u00f6ntemi bulunuyor. WEF taraf\u0131ndan a\u00e7\u0131klanan bu y\u00f6ntemler \u015fu \u015fekilde s\u0131ralanabilir:&nbsp;&nbsp;<\/p>\n\n\n\n<p class=\"has-medium-font-size\"><strong>A\u011fa\u00e7land\u0131rma<\/strong>&nbsp;<\/p>\n\n\n\n<p>Yeni a\u011fa\u00e7lar dikmek, a\u011fa\u00e7land\u0131rma projelerine yat\u0131r\u0131m yapmak, mevcut ormanlar\u0131 restore etmek ve orman y\u00f6netimi uygulamalar\u0131na \u00f6nem vermek atmosferdeki karbondioksit miktar\u0131n\u0131n azalt\u0131lmas\u0131na yard\u0131mc\u0131 olabilir.&nbsp;&nbsp;<\/p>\n\n\n\n<p class=\"has-medium-font-size\"><strong>Toprak Karbon Sekestrasyonu<\/strong>&nbsp;<\/p>\n\n\n\n<p>S\u0131f\u0131r toprak i\u015flemeli tar\u0131m (toprak i\u015flemesiz tar\u0131m), \u00f6rt\u00fc alt\u0131 yeti\u015ftiricili\u011fi ya da tar\u0131msal ormanc\u0131l\u0131k gibi faaliyetler karbondioksiti atmosferden uzakla\u015ft\u0131r\u0131rken topraktaki karbon i\u00e7eri\u011finin art\u0131r\u0131lmas\u0131n\u0131 sa\u011flar.&nbsp;<\/p>\n\n\n\n<p class=\"has-medium-font-size\"><strong>Mavi Karbon Ekosistemleri ve Okyanus Tabanl\u0131 Uzakla\u015ft\u0131rma<\/strong>&nbsp;<\/p>\n\n\n\n<p>Su ekosistemlerinde depolanan karbon, mavi karbon olarak adland\u0131r\u0131l\u0131r. Kara ekosistemleriyle mukayese edildi\u011finde su ekosistemleri her metrekarede 5 kat daha fazla karbon depolama kapasitesine sahiptir. Dolay\u0131s\u0131yla bu gibi ekosistemler do\u011fal bir karbon yuta\u011f\u0131 olarak de\u011ferlendirilebilir. Deniz ekosistemleri ya da denizde ya\u015fayan organizmalar taraf\u0131ndan karbondioksit al\u0131m\u0131n\u0131n te\u015fvik edilmesi i\u00e7in tuz batakl\u0131klar\u0131, mangrovlar (gelgit olaylar\u0131n\u0131n s\u0131k\u00e7a ya\u015fand\u0131\u011f\u0131 okyanus k\u0131y\u0131lar\u0131nda yeti\u015fen a\u011fa\u00e7 ve bitki topluluklar\u0131) ya da deniz \u00e7ay\u0131rlar\u0131 korunabilir ve restore edilebilir. Bu durum yaln\u0131zca deniz ekosistemleri i\u00e7in de\u011fil, t\u00fcm sulak alanlar i\u00e7in ge\u00e7erlidir.&nbsp;<\/p>\n\n\n\n<p class=\"has-medium-font-size\"><strong>Do\u011frudan Hava Yakalama<\/strong>&nbsp;<\/p>\n\n\n\n<p>Direct Air Capture (DAC) olarak adland\u0131r\u0131lan teknolojiler, karbondioksiti do\u011frudan atmosferden \u00e7ekerek kal\u0131c\u0131 olarak depolayabilir ya da farkl\u0131 uygulamalarda kullan\u0131lmak \u00fczere i\u015fleyebilir. DAC teknolojilerinin geli\u015ftirilmesi i\u00e7in \u00e7al\u0131\u015fan \u015firketler bug\u00fcn \u00e7e\u015fitli \u00fclkeler taraf\u0131ndan fonlan\u0131yor.&nbsp;&nbsp;<\/p>\n\n\n\n<p class=\"has-medium-font-size\"><strong>Karbon Mineralizasyonu<\/strong>&nbsp;<\/p>\n\n\n\n<p>Karbon mineralizasyonu, kayalar\u0131n i\u00e7erisinde bulunan minerallerin atmosferde bulunan karbondioksitle tepkimeye girerek kat\u0131 mineraller olan karbonatlar\u0131 olu\u015fturmas\u0131 durumudur. Bilim insanlar\u0131 g\u00fcn\u00fcm\u00fczde bu do\u011fal s\u00fcrecin yapay olarak ger\u00e7ekle\u015ftirilebilmesi i\u00e7in \u00e7al\u0131\u015fmalar\u0131n\u0131 s\u00fcrd\u00fcr\u00fcyor.&nbsp;<\/p>\n\n\n\n<h2 class=\"wp-block-heading\"><strong>Daha Ya\u015fanabilir Bir D\u00fcnya \u0130\u00e7in Karbon Ayak \u0130zinizi Azalt\u0131n!<\/strong>&nbsp;<\/h2>\n\n\n\n<p>Ba\u015fta karbondioksit olmak \u00fczere atmosfere yay\u0131lan t\u00fcm sera gazlar\u0131n\u0131n ton cinsinden miktar\u0131 karbon ayak izini olu\u015fturur. Karbon ayak izinin artmas\u0131 ekosistemlerin, biyo\u00e7e\u015fitlili\u011fin ve do\u011fal kaynaklar\u0131n gittik\u00e7e azalmas\u0131 anlam\u0131na gelir. Bu durum d\u00fcnyay\u0131 gelecek nesiller i\u00e7in ya\u015fanabilir bir gezegen olmaktan \u00e7\u0131karabilir. Bu nedenle karbon ayak izinin fark\u0131nda olarak hareket etmek son derece \u00f6nemlidir.&nbsp;<\/p>\n\n\n\n<p>Kurumsal karbon ayak izinizi hesaplayarak s\u00fcrd\u00fcr\u00fclebilir ad\u0131mlar atmak isterseniz kullan\u0131c\u0131 dostu QuickCarbon yaz\u0131l\u0131m\u0131m\u0131zla ISO 14064-1:2018 Standard\u0131 ve GHG Protocol\u2019e g\u00f6re karbon hesaplamalar\u0131 yapabilir ve raporlar haz\u0131rlayabilirsiniz.&nbsp;<\/p>\n","protected":false},"excerpt":{"rendered":"<p>Sanayi Devrimi&#8217;nin ger\u00e7ekle\u015fti\u011fi 18. y\u00fczy\u0131ldan bu yana atmosferdeki karbondioksit miktar\u0131 %50 oran\u0131nda artt\u0131. Bu art\u0131\u015f d\u00fcnyan\u0131n daha fazla \u0131s\u0131nmas\u0131na ve iklim de\u011fi\u015fikli\u011fine neden oldu. Toprak alt\u0131nda ya da okyanus taban\u0131nda bulunan fosil yak\u0131tlar\u0131n \u00e7\u0131kar\u0131l\u0131p yak\u0131lmas\u0131 sonucu fosil yak\u0131tlarda depolanan karbondioksit de a\u00e7\u0131\u011fa \u00e7\u0131kmaya ve atmosfere kar\u0131\u015fmaya ba\u015flad\u0131. Bu durum karbondioksit oran\u0131ndaki art\u0131\u015f\u0131n en \u00f6nemli nedenleri aras\u0131nda g\u00f6sterilebilir. D\u00fcnyan\u0131n do\u011fal karbon d\u00f6ng\u00fcs\u00fcn\u00fcn bozulmas\u0131 da artan karbondioksit miktar\u0131n\u0131n ka\u00e7\u0131n\u0131lmaz bir sonucudur.\u00a0<\/p>\n","protected":false},"author":3,"featured_media":1453,"comment_status":"closed","ping_status":"open","sticky":false,"template":"","format":"standard","meta":{"footnotes":""},"categories":[1],"tags":[78,77,74,56,52,73,72,76,79,82,68],"class_list":["post-1451","post","type-post","status-publish","format-standard","has-post-thumbnail","hentry","category-genel","tag-agaclandirma","tag-atmosfer","tag-dogrudan-hava-yakalama","tag-iklim-degisikligi","tag-karbon-dongusu","tag-karbon-mineralizasyonu","tag-karbondioksit","tag-karbondioksit-temizleme-yontemleri","tag-mavi-karbon-ekosistemleri","tag-surdurulebilir-dunya","tag-surdurulebilirlik"],"yoast_head":"<!-- This site is optimized with the Yoast SEO plugin v25.6 - https:\/\/yoast.com\/wordpress\/plugins\/seo\/ -->\n<title>Karbondioksitin \u0130klim \u00dczerindeki Etkileri ve Atmosferdeki Karbondioksiti Temizleme Y\u00f6ntemleri\u00a0 - QuickCarbon<\/title>\n<meta name=\"description\" content=\"Sanayi Devrimi&#039;nin ger\u00e7ekle\u015fti\u011fi 18. y\u00fczy\u0131ldan bu yana atmosferdeki karbondioksit miktar\u0131 oran\u0131nda artt\u0131. Bu art\u0131\u015f d\u00fcnyan\u0131n daha fazla \u0131s\u0131nmas\u0131na ve iklim de\u011fi\u015fikli\u011fine neden oldu. Toprak alt\u0131nda ya da okyanus taban\u0131nda bulunan fosil yak\u0131tlar\u0131n \u00e7\u0131kar\u0131l\u0131p yak\u0131lmas\u0131 sonucu fosil yak\u0131tlarda depolanan karbondioksit de a\u00e7\u0131\u011fa \u00e7\u0131kmaya ve atmosfere kar\u0131\u015fmaya ba\u015flad\u0131. Bu durum karbondioksit oran\u0131ndaki art\u0131\u015f\u0131n en \u00f6nemli nedenleri aras\u0131nda g\u00f6sterilebilir. D\u00fcnyan\u0131n do\u011fal karbon d\u00f6ng\u00fcs\u00fcn\u00fcn bozulmas\u0131 da artan karbondioksit miktar\u0131n\u0131n ka\u00e7\u0131n\u0131lmaz bir sonucudur.\u00a0\" \/>\n<meta name=\"robots\" content=\"index, follow, max-snippet:-1, max-image-preview:large, max-video-preview:-1\" \/>\n<link rel=\"canonical\" href=\"https:\/\/www.quickcarbon.com\/tr\/blog\/karbondioksitin-iklim-uzerindeki-etkileri-ve-atmosferdeki-karbondioksiti-temizleme-yontemleri\/\" \/>\n<meta property=\"og:locale\" content=\"tr_TR\" \/>\n<meta property=\"og:type\" content=\"article\" \/>\n<meta property=\"og:title\" content=\"Karbondioksitin \u0130klim \u00dczerindeki Etkileri ve Atmosferdeki Karbondioksiti Temizleme Y\u00f6ntemleri\u00a0 - QuickCarbon\" \/>\n<meta property=\"og:description\" content=\"Sanayi Devrimi&#039;nin ger\u00e7ekle\u015fti\u011fi 18. y\u00fczy\u0131ldan bu yana atmosferdeki karbondioksit miktar\u0131 oran\u0131nda artt\u0131. Bu art\u0131\u015f d\u00fcnyan\u0131n daha fazla \u0131s\u0131nmas\u0131na ve iklim de\u011fi\u015fikli\u011fine neden oldu. Toprak alt\u0131nda ya da okyanus taban\u0131nda bulunan fosil yak\u0131tlar\u0131n \u00e7\u0131kar\u0131l\u0131p yak\u0131lmas\u0131 sonucu fosil yak\u0131tlarda depolanan karbondioksit de a\u00e7\u0131\u011fa \u00e7\u0131kmaya ve atmosfere kar\u0131\u015fmaya ba\u015flad\u0131. Bu durum karbondioksit oran\u0131ndaki art\u0131\u015f\u0131n en \u00f6nemli nedenleri aras\u0131nda g\u00f6sterilebilir. D\u00fcnyan\u0131n do\u011fal karbon d\u00f6ng\u00fcs\u00fcn\u00fcn bozulmas\u0131 da artan karbondioksit miktar\u0131n\u0131n ka\u00e7\u0131n\u0131lmaz bir sonucudur.\u00a0\" \/>\n<meta property=\"og:url\" content=\"https:\/\/www.quickcarbon.com\/tr\/blog\/karbondioksitin-iklim-uzerindeki-etkileri-ve-atmosferdeki-karbondioksiti-temizleme-yontemleri\/\" \/>\n<meta property=\"og:site_name\" content=\"QuickCarbon\" \/>\n<meta property=\"article:publisher\" content=\"https:\/\/www.facebook.com\/quickcarbon\/\" \/>\n<meta property=\"article:published_time\" content=\"2024-09-19T06:00:00+00:00\" \/>\n<meta property=\"article:modified_time\" content=\"2024-09-19T08:19:18+00:00\" \/>\n<meta property=\"og:image\" content=\"https:\/\/www.quickcarbon.com\/tr\/wp-content\/uploads\/2024\/09\/25_Kapak-Gorsel.jpg\" \/>\n\t<meta property=\"og:image:width\" content=\"960\" \/>\n\t<meta property=\"og:image:height\" content=\"596\" \/>\n\t<meta property=\"og:image:type\" content=\"image\/jpeg\" \/>\n<meta name=\"author\" content=\"Elif Akko\u00e7\" \/>\n<meta name=\"twitter:card\" content=\"summary_large_image\" \/>\n<meta name=\"twitter:creator\" content=\"@QuickCarbon_Tr\" \/>\n<meta name=\"twitter:site\" content=\"@QuickCarbon_Tr\" \/>\n<meta name=\"twitter:label1\" content=\"Written by\" \/>\n\t<meta name=\"twitter:data1\" content=\"Elif Akko\u00e7\" \/>\n\t<meta name=\"twitter:label2\" content=\"Est. reading time\" \/>\n\t<meta name=\"twitter:data2\" content=\"7 dakika\" \/>\n<script type=\"application\/ld+json\" class=\"yoast-schema-graph\">{\"@context\":\"https:\/\/schema.org\",\"@graph\":[{\"@type\":[\"Article\",\"BlogPosting\"],\"@id\":\"https:\/\/www.quickcarbon.com\/tr\/blog\/karbondioksitin-iklim-uzerindeki-etkileri-ve-atmosferdeki-karbondioksiti-temizleme-yontemleri\/#article\",\"isPartOf\":{\"@id\":\"https:\/\/www.quickcarbon.com\/tr\/blog\/karbondioksitin-iklim-uzerindeki-etkileri-ve-atmosferdeki-karbondioksiti-temizleme-yontemleri\/\"},\"author\":{\"name\":\"Elif Akko\u00e7\",\"@id\":\"https:\/\/www.quickcarbon.com\/tr\/#\/schema\/person\/e9ff9b7b560010798b00c0355cb606f1\"},\"headline\":\"Karbondioksitin \u0130klim \u00dczerindeki Etkileri ve Atmosferdeki Karbondioksiti Temizleme Y\u00f6ntemleri\u00a0\",\"datePublished\":\"2024-09-19T06:00:00+00:00\",\"dateModified\":\"2024-09-19T08:19:18+00:00\",\"mainEntityOfPage\":{\"@id\":\"https:\/\/www.quickcarbon.com\/tr\/blog\/karbondioksitin-iklim-uzerindeki-etkileri-ve-atmosferdeki-karbondioksiti-temizleme-yontemleri\/\"},\"wordCount\":1491,\"publisher\":{\"@id\":\"https:\/\/www.quickcarbon.com\/tr\/#organization\"},\"image\":{\"@id\":\"https:\/\/www.quickcarbon.com\/tr\/blog\/karbondioksitin-iklim-uzerindeki-etkileri-ve-atmosferdeki-karbondioksiti-temizleme-yontemleri\/#primaryimage\"},\"thumbnailUrl\":\"https:\/\/www.quickcarbon.com\/tr\/wp-content\/uploads\/2024\/09\/25_Kapak-Gorsel.jpg\",\"keywords\":[\"a\u011fa\u00e7land\u0131rma\",\"atmosfer\",\"do\u011frudan hava yakalama\",\"iklim de\u011fi\u015fikli\u011fi\",\"karbon d\u00f6ng\u00fcs\u00fc\",\"karbon mineralizasyonu\",\"karbondioksit\",\"karbondioksit temizleme y\u00f6ntemleri\",\"mavi karbon ekosistemleri\",\"s\u00fcrd\u00fcr\u00fclebilir d\u00fcnya\",\"s\u00fcrd\u00fcr\u00fclebilirlik\"],\"inLanguage\":\"tr\"},{\"@type\":\"WebPage\",\"@id\":\"https:\/\/www.quickcarbon.com\/tr\/blog\/karbondioksitin-iklim-uzerindeki-etkileri-ve-atmosferdeki-karbondioksiti-temizleme-yontemleri\/\",\"url\":\"https:\/\/www.quickcarbon.com\/tr\/blog\/karbondioksitin-iklim-uzerindeki-etkileri-ve-atmosferdeki-karbondioksiti-temizleme-yontemleri\/\",\"name\":\"Karbondioksitin \u0130klim \u00dczerindeki Etkileri ve Atmosferdeki Karbondioksiti Temizleme Y\u00f6ntemleri\u00a0 - QuickCarbon\",\"isPartOf\":{\"@id\":\"https:\/\/www.quickcarbon.com\/tr\/#website\"},\"primaryImageOfPage\":{\"@id\":\"https:\/\/www.quickcarbon.com\/tr\/blog\/karbondioksitin-iklim-uzerindeki-etkileri-ve-atmosferdeki-karbondioksiti-temizleme-yontemleri\/#primaryimage\"},\"image\":{\"@id\":\"https:\/\/www.quickcarbon.com\/tr\/blog\/karbondioksitin-iklim-uzerindeki-etkileri-ve-atmosferdeki-karbondioksiti-temizleme-yontemleri\/#primaryimage\"},\"thumbnailUrl\":\"https:\/\/www.quickcarbon.com\/tr\/wp-content\/uploads\/2024\/09\/25_Kapak-Gorsel.jpg\",\"datePublished\":\"2024-09-19T06:00:00+00:00\",\"dateModified\":\"2024-09-19T08:19:18+00:00\",\"description\":\"Sanayi Devrimi'nin ger\u00e7ekle\u015fti\u011fi 18. y\u00fczy\u0131ldan bu yana atmosferdeki karbondioksit miktar\u0131 oran\u0131nda artt\u0131. Bu art\u0131\u015f d\u00fcnyan\u0131n daha fazla \u0131s\u0131nmas\u0131na ve iklim de\u011fi\u015fikli\u011fine neden oldu. Toprak alt\u0131nda ya da okyanus taban\u0131nda bulunan fosil yak\u0131tlar\u0131n \u00e7\u0131kar\u0131l\u0131p yak\u0131lmas\u0131 sonucu fosil yak\u0131tlarda depolanan karbondioksit de a\u00e7\u0131\u011fa \u00e7\u0131kmaya ve atmosfere kar\u0131\u015fmaya ba\u015flad\u0131. Bu durum karbondioksit oran\u0131ndaki art\u0131\u015f\u0131n en \u00f6nemli nedenleri aras\u0131nda g\u00f6sterilebilir. D\u00fcnyan\u0131n do\u011fal karbon d\u00f6ng\u00fcs\u00fcn\u00fcn bozulmas\u0131 da artan karbondioksit miktar\u0131n\u0131n ka\u00e7\u0131n\u0131lmaz bir sonucudur.\u00a0\",\"breadcrumb\":{\"@id\":\"https:\/\/www.quickcarbon.com\/tr\/blog\/karbondioksitin-iklim-uzerindeki-etkileri-ve-atmosferdeki-karbondioksiti-temizleme-yontemleri\/#breadcrumb\"},\"inLanguage\":\"tr\",\"potentialAction\":[{\"@type\":\"ReadAction\",\"target\":[\"https:\/\/www.quickcarbon.com\/tr\/blog\/karbondioksitin-iklim-uzerindeki-etkileri-ve-atmosferdeki-karbondioksiti-temizleme-yontemleri\/\"]}]},{\"@type\":\"ImageObject\",\"inLanguage\":\"tr\",\"@id\":\"https:\/\/www.quickcarbon.com\/tr\/blog\/karbondioksitin-iklim-uzerindeki-etkileri-ve-atmosferdeki-karbondioksiti-temizleme-yontemleri\/#primaryimage\",\"url\":\"https:\/\/www.quickcarbon.com\/tr\/wp-content\/uploads\/2024\/09\/25_Kapak-Gorsel.jpg\",\"contentUrl\":\"https:\/\/www.quickcarbon.com\/tr\/wp-content\/uploads\/2024\/09\/25_Kapak-Gorsel.jpg\",\"width\":960,\"height\":596},{\"@type\":\"BreadcrumbList\",\"@id\":\"https:\/\/www.quickcarbon.com\/tr\/blog\/karbondioksitin-iklim-uzerindeki-etkileri-ve-atmosferdeki-karbondioksiti-temizleme-yontemleri\/#breadcrumb\",\"itemListElement\":[{\"@type\":\"ListItem\",\"position\":1,\"name\":\"Ana Sayfa\",\"item\":\"https:\/\/www.quickcarbon.com\/tr\/\"},{\"@type\":\"ListItem\",\"position\":2,\"name\":\"Karbondioksitin \u0130klim \u00dczerindeki Etkileri ve Atmosferdeki Karbondioksiti Temizleme Y\u00f6ntemleri\u00a0\"}]},{\"@type\":\"WebSite\",\"@id\":\"https:\/\/www.quickcarbon.com\/tr\/#website\",\"url\":\"https:\/\/www.quickcarbon.com\/tr\/\",\"name\":\"QuickCarbon\",\"description\":\"Take Control of Your Corporate Carbon Footprint\",\"publisher\":{\"@id\":\"https:\/\/www.quickcarbon.com\/tr\/#organization\"},\"alternateName\":\"QC\",\"potentialAction\":[{\"@type\":\"SearchAction\",\"target\":{\"@type\":\"EntryPoint\",\"urlTemplate\":\"https:\/\/www.quickcarbon.com\/tr\/?s={search_term_string}\"},\"query-input\":{\"@type\":\"PropertyValueSpecification\",\"valueRequired\":true,\"valueName\":\"search_term_string\"}}],\"inLanguage\":\"tr\"},{\"@type\":\"Organization\",\"@id\":\"https:\/\/www.quickcarbon.com\/tr\/#organization\",\"name\":\"QuickCarbon\",\"alternateName\":\"QC\",\"url\":\"https:\/\/www.quickcarbon.com\/tr\/\",\"logo\":{\"@type\":\"ImageObject\",\"inLanguage\":\"tr\",\"@id\":\"https:\/\/www.quickcarbon.com\/tr\/#\/schema\/logo\/image\/\",\"url\":\"https:\/\/www.quickcarbon.com\/tr\/wp-content\/uploads\/2023\/09\/cropped-qc_favicon-1.png\",\"contentUrl\":\"https:\/\/www.quickcarbon.com\/tr\/wp-content\/uploads\/2023\/09\/cropped-qc_favicon-1.png\",\"width\":512,\"height\":512,\"caption\":\"QuickCarbon\"},\"image\":{\"@id\":\"https:\/\/www.quickcarbon.com\/tr\/#\/schema\/logo\/image\/\"},\"sameAs\":[\"https:\/\/www.facebook.com\/quickcarbon\/\",\"https:\/\/x.com\/QuickCarbon_Tr\",\"https:\/\/www.instagram.com\/quickcarbon_official\/\",\"https:\/\/www.linkedin.com\/showcase\/quickcarbon-\/\"]},{\"@type\":\"Person\",\"@id\":\"https:\/\/www.quickcarbon.com\/tr\/#\/schema\/person\/e9ff9b7b560010798b00c0355cb606f1\",\"name\":\"Elif Akko\u00e7\",\"image\":{\"@type\":\"ImageObject\",\"inLanguage\":\"tr\",\"@id\":\"https:\/\/www.quickcarbon.com\/tr\/#\/schema\/person\/image\/\",\"url\":\"https:\/\/secure.gravatar.com\/avatar\/1419d3d4829046468ad9f261eb84b5e321805c1b4084d3d1c85c0de62b0330de?s=96&d=mm&r=g\",\"contentUrl\":\"https:\/\/secure.gravatar.com\/avatar\/1419d3d4829046468ad9f261eb84b5e321805c1b4084d3d1c85c0de62b0330de?s=96&d=mm&r=g\",\"caption\":\"Elif Akko\u00e7\"},\"sameAs\":[\"https:\/\/www.quickcarbon.com\/\"]}]}<\/script>\n<!-- \/ Yoast SEO plugin. -->","yoast_head_json":{"title":"Karbondioksitin \u0130klim \u00dczerindeki Etkileri ve Atmosferdeki Karbondioksiti Temizleme Y\u00f6ntemleri\u00a0 - QuickCarbon","description":"Sanayi Devrimi'nin ger\u00e7ekle\u015fti\u011fi 18. y\u00fczy\u0131ldan bu yana atmosferdeki karbondioksit miktar\u0131 oran\u0131nda artt\u0131. Bu art\u0131\u015f d\u00fcnyan\u0131n daha fazla \u0131s\u0131nmas\u0131na ve iklim de\u011fi\u015fikli\u011fine neden oldu. Toprak alt\u0131nda ya da okyanus taban\u0131nda bulunan fosil yak\u0131tlar\u0131n \u00e7\u0131kar\u0131l\u0131p yak\u0131lmas\u0131 sonucu fosil yak\u0131tlarda depolanan karbondioksit de a\u00e7\u0131\u011fa \u00e7\u0131kmaya ve atmosfere kar\u0131\u015fmaya ba\u015flad\u0131. Bu durum karbondioksit oran\u0131ndaki art\u0131\u015f\u0131n en \u00f6nemli nedenleri aras\u0131nda g\u00f6sterilebilir. D\u00fcnyan\u0131n do\u011fal karbon d\u00f6ng\u00fcs\u00fcn\u00fcn bozulmas\u0131 da artan karbondioksit miktar\u0131n\u0131n ka\u00e7\u0131n\u0131lmaz bir sonucudur.\u00a0","robots":{"index":"index","follow":"follow","max-snippet":"max-snippet:-1","max-image-preview":"max-image-preview:large","max-video-preview":"max-video-preview:-1"},"canonical":"https:\/\/www.quickcarbon.com\/tr\/blog\/karbondioksitin-iklim-uzerindeki-etkileri-ve-atmosferdeki-karbondioksiti-temizleme-yontemleri\/","og_locale":"tr_TR","og_type":"article","og_title":"Karbondioksitin \u0130klim \u00dczerindeki Etkileri ve Atmosferdeki Karbondioksiti Temizleme Y\u00f6ntemleri\u00a0 - QuickCarbon","og_description":"Sanayi Devrimi'nin ger\u00e7ekle\u015fti\u011fi 18. y\u00fczy\u0131ldan bu yana atmosferdeki karbondioksit miktar\u0131 oran\u0131nda artt\u0131. Bu art\u0131\u015f d\u00fcnyan\u0131n daha fazla \u0131s\u0131nmas\u0131na ve iklim de\u011fi\u015fikli\u011fine neden oldu. Toprak alt\u0131nda ya da okyanus taban\u0131nda bulunan fosil yak\u0131tlar\u0131n \u00e7\u0131kar\u0131l\u0131p yak\u0131lmas\u0131 sonucu fosil yak\u0131tlarda depolanan karbondioksit de a\u00e7\u0131\u011fa \u00e7\u0131kmaya ve atmosfere kar\u0131\u015fmaya ba\u015flad\u0131. Bu durum karbondioksit oran\u0131ndaki art\u0131\u015f\u0131n en \u00f6nemli nedenleri aras\u0131nda g\u00f6sterilebilir. D\u00fcnyan\u0131n do\u011fal karbon d\u00f6ng\u00fcs\u00fcn\u00fcn bozulmas\u0131 da artan karbondioksit miktar\u0131n\u0131n ka\u00e7\u0131n\u0131lmaz bir sonucudur.\u00a0","og_url":"https:\/\/www.quickcarbon.com\/tr\/blog\/karbondioksitin-iklim-uzerindeki-etkileri-ve-atmosferdeki-karbondioksiti-temizleme-yontemleri\/","og_site_name":"QuickCarbon","article_publisher":"https:\/\/www.facebook.com\/quickcarbon\/","article_published_time":"2024-09-19T06:00:00+00:00","article_modified_time":"2024-09-19T08:19:18+00:00","og_image":[{"width":960,"height":596,"url":"https:\/\/www.quickcarbon.com\/tr\/wp-content\/uploads\/2024\/09\/25_Kapak-Gorsel.jpg","type":"image\/jpeg"}],"author":"Elif Akko\u00e7","twitter_card":"summary_large_image","twitter_creator":"@QuickCarbon_Tr","twitter_site":"@QuickCarbon_Tr","twitter_misc":{"Written by":"Elif Akko\u00e7","Est. reading time":"7 dakika"},"schema":{"@context":"https:\/\/schema.org","@graph":[{"@type":["Article","BlogPosting"],"@id":"https:\/\/www.quickcarbon.com\/tr\/blog\/karbondioksitin-iklim-uzerindeki-etkileri-ve-atmosferdeki-karbondioksiti-temizleme-yontemleri\/#article","isPartOf":{"@id":"https:\/\/www.quickcarbon.com\/tr\/blog\/karbondioksitin-iklim-uzerindeki-etkileri-ve-atmosferdeki-karbondioksiti-temizleme-yontemleri\/"},"author":{"name":"Elif Akko\u00e7","@id":"https:\/\/www.quickcarbon.com\/tr\/#\/schema\/person\/e9ff9b7b560010798b00c0355cb606f1"},"headline":"Karbondioksitin \u0130klim \u00dczerindeki Etkileri ve Atmosferdeki Karbondioksiti Temizleme Y\u00f6ntemleri\u00a0","datePublished":"2024-09-19T06:00:00+00:00","dateModified":"2024-09-19T08:19:18+00:00","mainEntityOfPage":{"@id":"https:\/\/www.quickcarbon.com\/tr\/blog\/karbondioksitin-iklim-uzerindeki-etkileri-ve-atmosferdeki-karbondioksiti-temizleme-yontemleri\/"},"wordCount":1491,"publisher":{"@id":"https:\/\/www.quickcarbon.com\/tr\/#organization"},"image":{"@id":"https:\/\/www.quickcarbon.com\/tr\/blog\/karbondioksitin-iklim-uzerindeki-etkileri-ve-atmosferdeki-karbondioksiti-temizleme-yontemleri\/#primaryimage"},"thumbnailUrl":"https:\/\/www.quickcarbon.com\/tr\/wp-content\/uploads\/2024\/09\/25_Kapak-Gorsel.jpg","keywords":["a\u011fa\u00e7land\u0131rma","atmosfer","do\u011frudan hava yakalama","iklim de\u011fi\u015fikli\u011fi","karbon d\u00f6ng\u00fcs\u00fc","karbon mineralizasyonu","karbondioksit","karbondioksit temizleme y\u00f6ntemleri","mavi karbon ekosistemleri","s\u00fcrd\u00fcr\u00fclebilir d\u00fcnya","s\u00fcrd\u00fcr\u00fclebilirlik"],"inLanguage":"tr"},{"@type":"WebPage","@id":"https:\/\/www.quickcarbon.com\/tr\/blog\/karbondioksitin-iklim-uzerindeki-etkileri-ve-atmosferdeki-karbondioksiti-temizleme-yontemleri\/","url":"https:\/\/www.quickcarbon.com\/tr\/blog\/karbondioksitin-iklim-uzerindeki-etkileri-ve-atmosferdeki-karbondioksiti-temizleme-yontemleri\/","name":"Karbondioksitin \u0130klim \u00dczerindeki Etkileri ve Atmosferdeki Karbondioksiti Temizleme Y\u00f6ntemleri\u00a0 - QuickCarbon","isPartOf":{"@id":"https:\/\/www.quickcarbon.com\/tr\/#website"},"primaryImageOfPage":{"@id":"https:\/\/www.quickcarbon.com\/tr\/blog\/karbondioksitin-iklim-uzerindeki-etkileri-ve-atmosferdeki-karbondioksiti-temizleme-yontemleri\/#primaryimage"},"image":{"@id":"https:\/\/www.quickcarbon.com\/tr\/blog\/karbondioksitin-iklim-uzerindeki-etkileri-ve-atmosferdeki-karbondioksiti-temizleme-yontemleri\/#primaryimage"},"thumbnailUrl":"https:\/\/www.quickcarbon.com\/tr\/wp-content\/uploads\/2024\/09\/25_Kapak-Gorsel.jpg","datePublished":"2024-09-19T06:00:00+00:00","dateModified":"2024-09-19T08:19:18+00:00","description":"Sanayi Devrimi'nin ger\u00e7ekle\u015fti\u011fi 18. y\u00fczy\u0131ldan bu yana atmosferdeki karbondioksit miktar\u0131 oran\u0131nda artt\u0131. Bu art\u0131\u015f d\u00fcnyan\u0131n daha fazla \u0131s\u0131nmas\u0131na ve iklim de\u011fi\u015fikli\u011fine neden oldu. Toprak alt\u0131nda ya da okyanus taban\u0131nda bulunan fosil yak\u0131tlar\u0131n \u00e7\u0131kar\u0131l\u0131p yak\u0131lmas\u0131 sonucu fosil yak\u0131tlarda depolanan karbondioksit de a\u00e7\u0131\u011fa \u00e7\u0131kmaya ve atmosfere kar\u0131\u015fmaya ba\u015flad\u0131. Bu durum karbondioksit oran\u0131ndaki art\u0131\u015f\u0131n en \u00f6nemli nedenleri aras\u0131nda g\u00f6sterilebilir. D\u00fcnyan\u0131n do\u011fal karbon d\u00f6ng\u00fcs\u00fcn\u00fcn bozulmas\u0131 da artan karbondioksit miktar\u0131n\u0131n ka\u00e7\u0131n\u0131lmaz bir sonucudur.\u00a0","breadcrumb":{"@id":"https:\/\/www.quickcarbon.com\/tr\/blog\/karbondioksitin-iklim-uzerindeki-etkileri-ve-atmosferdeki-karbondioksiti-temizleme-yontemleri\/#breadcrumb"},"inLanguage":"tr","potentialAction":[{"@type":"ReadAction","target":["https:\/\/www.quickcarbon.com\/tr\/blog\/karbondioksitin-iklim-uzerindeki-etkileri-ve-atmosferdeki-karbondioksiti-temizleme-yontemleri\/"]}]},{"@type":"ImageObject","inLanguage":"tr","@id":"https:\/\/www.quickcarbon.com\/tr\/blog\/karbondioksitin-iklim-uzerindeki-etkileri-ve-atmosferdeki-karbondioksiti-temizleme-yontemleri\/#primaryimage","url":"https:\/\/www.quickcarbon.com\/tr\/wp-content\/uploads\/2024\/09\/25_Kapak-Gorsel.jpg","contentUrl":"https:\/\/www.quickcarbon.com\/tr\/wp-content\/uploads\/2024\/09\/25_Kapak-Gorsel.jpg","width":960,"height":596},{"@type":"BreadcrumbList","@id":"https:\/\/www.quickcarbon.com\/tr\/blog\/karbondioksitin-iklim-uzerindeki-etkileri-ve-atmosferdeki-karbondioksiti-temizleme-yontemleri\/#breadcrumb","itemListElement":[{"@type":"ListItem","position":1,"name":"Ana Sayfa","item":"https:\/\/www.quickcarbon.com\/tr\/"},{"@type":"ListItem","position":2,"name":"Karbondioksitin \u0130klim \u00dczerindeki Etkileri ve Atmosferdeki Karbondioksiti Temizleme Y\u00f6ntemleri\u00a0"}]},{"@type":"WebSite","@id":"https:\/\/www.quickcarbon.com\/tr\/#website","url":"https:\/\/www.quickcarbon.com\/tr\/","name":"QuickCarbon","description":"Take Control of Your Corporate Carbon Footprint","publisher":{"@id":"https:\/\/www.quickcarbon.com\/tr\/#organization"},"alternateName":"QC","potentialAction":[{"@type":"SearchAction","target":{"@type":"EntryPoint","urlTemplate":"https:\/\/www.quickcarbon.com\/tr\/?s={search_term_string}"},"query-input":{"@type":"PropertyValueSpecification","valueRequired":true,"valueName":"search_term_string"}}],"inLanguage":"tr"},{"@type":"Organization","@id":"https:\/\/www.quickcarbon.com\/tr\/#organization","name":"QuickCarbon","alternateName":"QC","url":"https:\/\/www.quickcarbon.com\/tr\/","logo":{"@type":"ImageObject","inLanguage":"tr","@id":"https:\/\/www.quickcarbon.com\/tr\/#\/schema\/logo\/image\/","url":"https:\/\/www.quickcarbon.com\/tr\/wp-content\/uploads\/2023\/09\/cropped-qc_favicon-1.png","contentUrl":"https:\/\/www.quickcarbon.com\/tr\/wp-content\/uploads\/2023\/09\/cropped-qc_favicon-1.png","width":512,"height":512,"caption":"QuickCarbon"},"image":{"@id":"https:\/\/www.quickcarbon.com\/tr\/#\/schema\/logo\/image\/"},"sameAs":["https:\/\/www.facebook.com\/quickcarbon\/","https:\/\/x.com\/QuickCarbon_Tr","https:\/\/www.instagram.com\/quickcarbon_official\/","https:\/\/www.linkedin.com\/showcase\/quickcarbon-\/"]},{"@type":"Person","@id":"https:\/\/www.quickcarbon.com\/tr\/#\/schema\/person\/e9ff9b7b560010798b00c0355cb606f1","name":"Elif Akko\u00e7","image":{"@type":"ImageObject","inLanguage":"tr","@id":"https:\/\/www.quickcarbon.com\/tr\/#\/schema\/person\/image\/","url":"https:\/\/secure.gravatar.com\/avatar\/1419d3d4829046468ad9f261eb84b5e321805c1b4084d3d1c85c0de62b0330de?s=96&d=mm&r=g","contentUrl":"https:\/\/secure.gravatar.com\/avatar\/1419d3d4829046468ad9f261eb84b5e321805c1b4084d3d1c85c0de62b0330de?s=96&d=mm&r=g","caption":"Elif Akko\u00e7"},"sameAs":["https:\/\/www.quickcarbon.com\/"]}]}},"_links":{"self":[{"href":"https:\/\/www.quickcarbon.com\/tr\/wp-json\/wp\/v2\/posts\/1451","targetHints":{"allow":["GET"]}}],"collection":[{"href":"https:\/\/www.quickcarbon.com\/tr\/wp-json\/wp\/v2\/posts"}],"about":[{"href":"https:\/\/www.quickcarbon.com\/tr\/wp-json\/wp\/v2\/types\/post"}],"author":[{"embeddable":true,"href":"https:\/\/www.quickcarbon.com\/tr\/wp-json\/wp\/v2\/users\/3"}],"replies":[{"embeddable":true,"href":"https:\/\/www.quickcarbon.com\/tr\/wp-json\/wp\/v2\/comments?post=1451"}],"version-history":[{"count":3,"href":"https:\/\/www.quickcarbon.com\/tr\/wp-json\/wp\/v2\/posts\/1451\/revisions"}],"predecessor-version":[{"id":1459,"href":"https:\/\/www.quickcarbon.com\/tr\/wp-json\/wp\/v2\/posts\/1451\/revisions\/1459"}],"wp:featuredmedia":[{"embeddable":true,"href":"https:\/\/www.quickcarbon.com\/tr\/wp-json\/wp\/v2\/media\/1453"}],"wp:attachment":[{"href":"https:\/\/www.quickcarbon.com\/tr\/wp-json\/wp\/v2\/media?parent=1451"}],"wp:term":[{"taxonomy":"category","embeddable":true,"href":"https:\/\/www.quickcarbon.com\/tr\/wp-json\/wp\/v2\/categories?post=1451"},{"taxonomy":"post_tag","embeddable":true,"href":"https:\/\/www.quickcarbon.com\/tr\/wp-json\/wp\/v2\/tags?post=1451"}],"curies":[{"name":"wp","href":"https:\/\/api.w.org\/{rel}","templated":true}]}}