{"id":1615,"date":"2024-10-31T15:01:21","date_gmt":"2024-10-31T12:01:21","guid":{"rendered":"https:\/\/www.quickcarbon.com\/tr\/?p=1615"},"modified":"2024-10-31T15:03:27","modified_gmt":"2024-10-31T12:03:27","slug":"yesil-lojistik","status":"publish","type":"post","link":"https:\/\/www.quickcarbon.com\/tr\/blog\/yesil-lojistik\/","title":{"rendered":"Ye\u015fil Lojistik\u00a0"},"content":{"rendered":"\n<p>End\u00fcstriyelle\u015fmenin merkez\u00ee konumda oldu\u011fu bir \u00e7a\u011fda \u00e7evresel s\u00fcrd\u00fcr\u00fclebilirlik k\u00fcresel d\u00fczeyde \u00f6nem arz eder. Lojistik sekt\u00f6r\u00fc de bu sorunun gerektirdi\u011fi \u00f6nlemleri alabilmek amac\u0131yla daha ye\u015fil uygulamalar\u0131 entegre etmek \u00fczere bir d\u00f6n\u00fc\u015f\u00fcm ge\u00e7iriyor. S\u00fcrd\u00fcr\u00fclebilir lojistik olarak da bilinen ye\u015fil lojistik, lojistik faaliyetlerinin \u00e7evreye y\u00f6nelik zararl\u0131 etkisini en aza indirmeyi ama\u00e7layan bir dizi stratejiyi kapsar. Gelin, ye\u015fil lojisti\u011fin faydalar\u0131n\u0131 ve zorluklar\u0131n\u0131 beraber \u00f6\u011frenelim.&nbsp;<\/p>\n\n\n\n<h2 class=\"wp-block-heading\"><strong>Ye\u015fil Lojistik Nedir?<\/strong>&nbsp;<\/h2>\n\n\n\n<figure class=\"wp-block-image\"><img loading=\"lazy\" decoding=\"async\" width=\"1072\" height=\"666\" src=\"https:\/\/www.quickcarbon.com\/tr\/wp-content\/uploads\/2024\/10\/Yes\u2560gil-Lojistik-Nedir-.jpg\" alt=\"\" class=\"wp-image-1617\" srcset=\"https:\/\/www.quickcarbon.com\/tr\/wp-content\/uploads\/2024\/10\/Yes\u2560gil-Lojistik-Nedir-.jpg 1072w, https:\/\/www.quickcarbon.com\/tr\/wp-content\/uploads\/2024\/10\/Yes\u2560gil-Lojistik-Nedir--300x186.jpg 300w, https:\/\/www.quickcarbon.com\/tr\/wp-content\/uploads\/2024\/10\/Yes\u2560gil-Lojistik-Nedir--1024x636.jpg 1024w, https:\/\/www.quickcarbon.com\/tr\/wp-content\/uploads\/2024\/10\/Yes\u2560gil-Lojistik-Nedir--768x477.jpg 768w\" sizes=\"auto, (max-width: 1072px) 100vw, 1072px\" \/><\/figure>\n\n\n\n<p>Ye\u015fil lojistik, \u00fcr\u00fcnlerin veya i\u015f s\u00fcre\u00e7lerinin \u00e7evre \u00fczerindeki olumsuz etkilerini azaltmak i\u00e7in kullan\u0131lan y\u00f6ntem ve stratejileri ifade eder. \u0130\u015f operasyonlar\u0131 ka\u00e7\u0131n\u0131lmaz olarak lojisti\u011fi i\u00e7erir. Lojistik \u015firketlerinin iklim acil durumuna yan\u0131t vermesi ve m\u00fc\u015fteri beklentilerini kar\u015f\u0131lamas\u0131 gerekir. Ye\u015fil lojistik, \u015firketlerin kar\u015f\u0131la\u015ft\u0131klar\u0131 bu zorluklar\u0131 gidermeyi ama\u00e7layan bir paradigma de\u011fi\u015fimidir. Ekonomik sekt\u00f6rler aras\u0131nda en y\u00fcksek kirlilik seviyelerine sahip olan ula\u015f\u0131m sekt\u00f6r\u00fcd\u00fcr. Bu sekt\u00f6r sera gaz\u0131 emisyonlar\u0131na \u00f6nemli \u00f6l\u00e7\u00fcde katk\u0131da bulunur. Hafif ticari ara\u00e7lar ula\u015f\u0131mla ilgili sera gaz\u0131 emisyonlar\u0131n\u0131n yakla\u015f\u0131k %20&#8217;sini olu\u015ftururken a\u011f\u0131r y\u00fck kamyonlar\u0131 %22&#8217;sini olu\u015fturur.&nbsp;<\/p>\n\n\n\n<p>Geleneksel lojistikte \u00e7evre dostu uygulamalar ve s\u00fcrd\u00fcr\u00fclebilirlik \u00f6nemli fakt\u00f6rler de\u011fildir. \u00c7evreyle ilgili kayg\u0131lar\u0131 minimum d\u00fczeyde olan geleneksel lojistik uygulamalar\u0131nda \u00e7ok fazla \u00e7\u00f6p \u00fcretilir, a\u015f\u0131r\u0131 miktarda enerji kullan\u0131l\u0131r ve operasyonlar \u00f6nemli d\u00fczeyde karbon ayak izine sahiptir. Ye\u015fil lojistik \u00e7evre dostu uygulamalarla ilerleyerek \u00f6ncelikli olarak ekolojik sorunlarla ilgilenir.&nbsp;<\/p>\n\n\n\n<p>\u00c7evre bilincinin geli\u015fti\u011fi g\u00fcn\u00fcm\u00fczde ye\u015fil lojistik art\u0131k sadece bir s\u00f6zc\u00fck olmaktan \u00e7\u0131karak her i\u015fletmenin benimsemesi gereken \u00f6nemli bir fikir h\u00e2line geliyor. K\u00fcresel d\u00fczeyde \u015firketler hem kendi i\u015fleri hem \u00e7evre i\u00e7in avantajl\u0131 olan s\u00fcrd\u00fcr\u00fclebilir operasyonlar\u0131n ve ye\u015fil lojisti\u011fin de\u011ferini anl\u0131yor. Bir \u015firketin kurumsal sosyal sorumluluk \u00e7abalar\u0131 kapsam\u0131nda de\u011ferlendirilebilecek olan ye\u015fil lojistik uygulamalar\u0131, \u015firketi rakiplerinden ay\u0131rabilecek \u00f6nemli bir ad\u0131md\u0131r. S\u00fcrd\u00fcr\u00fclebilir lojistik m\u00fc\u015fteri memnuniyetinden veya \u00e7evrenin korunmas\u0131ndan \u00f6d\u00fcn vermeden g\u00fc\u00e7l\u00fc bir k\u00e2r marj\u0131 elde edilmesini sa\u011flar.&nbsp;<\/p>\n\n\n\n<h2 class=\"wp-block-heading\"><strong>S\u00fcrd\u00fcr\u00fclebilir Ye\u015fil Lojistik Stratejileri<\/strong><\/h2>\n\n\n\n<figure class=\"wp-block-image\"><img loading=\"lazy\" decoding=\"async\" width=\"1072\" height=\"666\" src=\"https:\/\/www.quickcarbon.com\/tr\/wp-content\/uploads\/2024\/10\/Su\u2560erdu\u2560eru\u2560elebilir-Yes\u2560gil-Lojistik-Stratejileri.jpg\" alt=\"\" class=\"wp-image-1618\" srcset=\"https:\/\/www.quickcarbon.com\/tr\/wp-content\/uploads\/2024\/10\/Su\u2560erdu\u2560eru\u2560elebilir-Yes\u2560gil-Lojistik-Stratejileri.jpg 1072w, https:\/\/www.quickcarbon.com\/tr\/wp-content\/uploads\/2024\/10\/Su\u2560erdu\u2560eru\u2560elebilir-Yes\u2560gil-Lojistik-Stratejileri-300x186.jpg 300w, https:\/\/www.quickcarbon.com\/tr\/wp-content\/uploads\/2024\/10\/Su\u2560erdu\u2560eru\u2560elebilir-Yes\u2560gil-Lojistik-Stratejileri-1024x636.jpg 1024w, https:\/\/www.quickcarbon.com\/tr\/wp-content\/uploads\/2024\/10\/Su\u2560erdu\u2560eru\u2560elebilir-Yes\u2560gil-Lojistik-Stratejileri-768x477.jpg 768w\" sizes=\"auto, (max-width: 1072px) 100vw, 1072px\" \/><\/figure>\n\n\n\n<p>End\u00fcstriyel ve toplumsal d\u00fczeyde \u00e7evrecilik bilinci geli\u015ftik\u00e7e s\u00fcrd\u00fcr\u00fclebilir lojistik \u00e7\u00f6z\u00fcmlerine olan talep de artar. Ye\u015fil lojistik, lojistik s\u00fcre\u00e7lerine \u00e7evre dostu uygulamalar\u0131 entegre ederek s\u00fcrd\u00fcr\u00fclebilirlik hedeflerine ula\u015fmay\u0131 sa\u011flar. K\u00e2r\u0131 maksimize ederken \u00e7evreyi korumay\u0131 te\u015fvik eden bu stratejilerden baz\u0131lar\u0131 \u015funlard\u0131r:&nbsp;<\/p>\n\n\n\n<ul class=\"wp-block-list\">\n<li><strong>Alternatif ara\u00e7 ve yak\u0131t teknolojileri kullanmak: <\/strong>Dizel yak\u0131t uygun fiyatl\u0131 oldu\u011fundan bir\u00e7ok teslimat kamyonu filosu taraf\u0131ndan kullan\u0131l\u0131r. Dizel motorlar benzinli motorlara k\u0131yasla %13 daha fazla karbondioksit yayar. \u015eirketler daha d\u00fc\u015f\u00fck karbon sal\u0131n\u0131m\u0131 yapan kamyonlar tercih ederek ekolojik s\u00fcrd\u00fcr\u00fclebilirli\u011fe katk\u0131 sa\u011flayabilir. Bu ama\u00e7la \u00f6ncelikli olarak biyoyak\u0131tlara y\u00f6nelmek iyi bir ad\u0131m olabilir. Hibrit veya elektrikli arabalar ve \u00e7evre dostu tren sistemleri gibi ula\u015f\u0131m se\u00e7enekleri s\u00fcrd\u00fcr\u00fclebilirli\u011fe \u00f6nem veren bir\u00e7ok end\u00fcstride tercih edilir. Temiz enerjiyle \u00e7al\u0131\u015fan elektrik ve su geri d\u00f6n\u00fc\u015f\u00fcm teknolojilerini kullanmak da da\u011f\u0131t\u0131m tesislerinin emisyonlar\u0131n\u0131n azalt\u0131lmas\u0131na yard\u0131mc\u0131 olur.&nbsp;<\/li>\n\n\n\n<li><strong>Depolarda \u00e7evre dostu \u0131\u015f\u0131kland\u0131rma kullanmak:<\/strong> Depolarda \u00e7evre dostu ayd\u0131nlatmaya ge\u00e7erek s\u00fcrd\u00fcr\u00fclebilirli\u011fe katk\u0131da bulunmak m\u00fcmk\u00fcnd\u00fcr. I\u015f\u0131k yayan diyot (LED) ampuller standart floresan ampullere k\u0131yasla %75&#8217;e kadar daha az elektrik kullan\u0131r. Bu da s\u00fcrd\u00fcr\u00fclebilir enerji se\u00e7iminde etkili bir stratejidir. Enerji t\u00fcketimini azaltan bu ampuller karbon ayak izini de azalt\u0131r.&nbsp;<\/li>\n\n\n\n<li><strong>Verimli at\u0131k y\u00f6netimi uygulamak:<\/strong> Verimli at\u0131k y\u00f6netimi uygulamak s\u00fcrd\u00fcr\u00fclebilirli\u011fi te\u015fvik etmek i\u00e7in etkili bir stratejidir. Verimli at\u0131k y\u00f6netimi uygulamalar\u0131 i\u00e7in \u00f6ncelikle i\u015fletme at\u0131klar\u0131n\u0131 belirlemek gerekir. Daha sonra tesisteki at\u0131k ak\u0131\u015flar\u0131n\u0131 belirlemek y\u00f6netim plan\u0131n\u0131n \u00f6nemli bir bile\u015fenidir. Her at\u0131k t\u00fcr\u00fcn\u00fc d\u00fczenlemelerle uyumlu olarak ortadan kald\u0131rma uygulamalar\u0131n\u0131 hayata ge\u00e7irebilmek i\u00e7in bu bilgiler gereklidir. \u00d6zel bir ekip kapsaml\u0131 ve g\u00fcvenilir bir y\u00f6netim i\u00e7in protokollere ve uygulama tarihlerine dikkat eder. Bu a\u015famadan sonra mevcut at\u0131k bertaraf y\u00f6ntemlerini de\u011ferlendirmek \u00f6nemlidir. Tesiste uygun yerlere \u00e7\u00f6p ve geri d\u00f6n\u00fc\u015f\u00fcm kutular\u0131 yerle\u015ftirilebilir ve etiketlenebilir. Be\u015finci a\u015famada at\u0131k hiyerar\u015fisi de\u011ferlendirilir. Bu noktada yeniden kullanma ve geri d\u00f6n\u00fc\u015ft\u00fcrme gibi s\u00fcrd\u00fcr\u00fclebilir s\u00fcre\u00e7ler at\u0131k bertaraf\u0131ndan daha \u00f6nceliklidir. Daha sonra birlikte \u00e7al\u0131\u015f\u0131lacak \u015firket se\u00e7ilir. \u015eirket tesisin \u00fcretti\u011fi at\u0131k t\u00fcrlerini ele alma konusunda deneyim sahibi olmal\u0131 ve s\u00fcrd\u00fcr\u00fclebilirlik hedeflerine ula\u015fmaya katk\u0131 sa\u011flamal\u0131d\u0131r. At\u0131klar\u0131 azaltmak i\u00e7in hedefler belirlemek ve bir at\u0131k y\u00f6netim plan\u0131 haz\u0131rlamak da \u00f6nemlidir.&nbsp;&nbsp;<\/li>\n\n\n\n<li><strong>Operasyonel g\u00f6r\u00fcn\u00fcrl\u00fc\u011f\u00fc artt\u0131rmak i\u00e7in verilerden yararlanmak: <\/strong>Tedarik zinciri operasyonlar\u0131n\u0131n merkezine verileri koymak daha etkili ve verimli bir \u015fekilde \u00e7al\u0131\u015fmaya olanak tan\u0131r. Ortaklar a\u00e7\u0131k bir lojistik ekosistem sayesinde operasyonlar\u0131 daha iyi y\u00f6netebilirler. Bu \u015fekilde ger\u00e7ek zamanl\u0131 transit y\u00f6ntemlerini takip etmek ve en iyi se\u00e7enekleri tercih etmek m\u00fcmk\u00fcn h\u00e2le gelir. Y\u00fck koordinasyonu, malzeme ve mal takibi iyile\u015fir. B\u00f6ylece kamyonlar dolu olaca\u011f\u0131ndan \u015firketler arac\u0131n bo\u015f gitme riskini d\u00fc\u015f\u00fcrerek hem \u00e7evre dostu hem k\u00e2rl\u0131 bir uygulama yapabilir.&nbsp;&nbsp;<\/li>\n<\/ul>\n\n\n\n<h2 class=\"wp-block-heading\"><strong>S\u00fcrd\u00fcr\u00fclebilir Lojistikte Teknolojik \u0130novasyonlar<\/strong>&nbsp;<\/h2>\n\n\n\n<figure class=\"wp-block-image\"><img loading=\"lazy\" decoding=\"async\" width=\"1072\" height=\"666\" src=\"https:\/\/www.quickcarbon.com\/tr\/wp-content\/uploads\/2024\/10\/Su\u2560erdu\u2560eru\u2560elebilir-Lojistikte-Teknolojik-I\u2560cnovasyonlar.jpg\" alt=\"\" class=\"wp-image-1619\" srcset=\"https:\/\/www.quickcarbon.com\/tr\/wp-content\/uploads\/2024\/10\/Su\u2560erdu\u2560eru\u2560elebilir-Lojistikte-Teknolojik-I\u2560cnovasyonlar.jpg 1072w, https:\/\/www.quickcarbon.com\/tr\/wp-content\/uploads\/2024\/10\/Su\u2560erdu\u2560eru\u2560elebilir-Lojistikte-Teknolojik-I\u2560cnovasyonlar-300x186.jpg 300w, https:\/\/www.quickcarbon.com\/tr\/wp-content\/uploads\/2024\/10\/Su\u2560erdu\u2560eru\u2560elebilir-Lojistikte-Teknolojik-I\u2560cnovasyonlar-1024x636.jpg 1024w, https:\/\/www.quickcarbon.com\/tr\/wp-content\/uploads\/2024\/10\/Su\u2560erdu\u2560eru\u2560elebilir-Lojistikte-Teknolojik-I\u2560cnovasyonlar-768x477.jpg 768w\" sizes=\"auto, (max-width: 1072px) 100vw, 1072px\" \/><\/figure>\n\n\n\n<p>S\u00fcrd\u00fcr\u00fclebilir lojistik uygulamalar\u0131nda teknolojik yeniliklerden faydalanmak m\u00fcmk\u00fcnd\u00fcr. Teknolojideki geli\u015fmeler tedarik zinciri y\u00f6netimi ve s\u00fcrd\u00fcr\u00fclebilir lojistik i\u00e7in bir\u00e7ok ara\u00e7 ve y\u00f6ntem sunar. Lojistik sekt\u00f6r\u00fcn\u00fc d\u00f6n\u00fc\u015ft\u00fcren teknolojik inovasyonlardan baz\u0131lar\u0131 \u015funlard\u0131r:&nbsp;<\/p>\n\n\n\n<ul class=\"wp-block-list\">\n<li><strong>Nesnelerin \u0130nterneti (IoT):<\/strong> Sens\u00f6rler ve RFID etiketleri gibi IoT cihazlar\u0131yla mallar veya altyap\u0131 ger\u00e7ek zamanl\u0131 olarak izlenebilir. Bu sayede tedarik zincirini kolayl\u0131kla takip etmek, israf\u0131 ve verimsizli\u011fi azaltmak m\u00fcmk\u00fcn h\u00e2le gelir.&nbsp;<\/li>\n\n\n\n<li><strong>B\u00fcy\u00fck Veri Analiti\u011fi:<\/strong> Farkl\u0131 kaynaklardan toplanan b\u00fcy\u00fck ve \u00e7e\u015fitli veri setlerini analiz etmek gizli \u00f6r\u00fcnt\u00fcleri ortaya \u00e7\u0131karmada fayda sa\u011flar. Bu sayede i\u015fletmeler s\u00fcre\u00e7lerini optimize edebilir ve veri odakl\u0131 kararlar alabilir. Optimizasyon sayesinde yak\u0131t t\u00fcketimi en aza indirilebilir ve karbon emisyonlar\u0131 azalt\u0131labilir.&nbsp;<\/li>\n\n\n\n<li><strong>Yapay Zeka (AI):<\/strong> AI destekli algoritmalar sayesinde israf\u0131 azaltmak, verimlili\u011fi art\u0131rmak ve maliyetleri d\u00fc\u015f\u00fcrmek m\u00fcmk\u00fcnd\u00fcr. S\u00f6z konusu algoritmalar talebi tahmin edebilir, envanter seviyelerini optimize edebilir ve rota planlamas\u0131n\u0131 geli\u015ftirebilir. Bu sayede lojistik operasyonlar\u0131n\u0131 optimize etmek kolayla\u015f\u0131r.&nbsp;<\/li>\n<\/ul>\n\n\n\n<p>Lojistik sekt\u00f6r\u00fcnde devrim niteli\u011findeki bu teknolojik yenilikleri kendi sistemlerine entegre edebilen i\u015fletmeler, s\u00fcrd\u00fcr\u00fclebilir ve verimli operasyonlar ger\u00e7ekle\u015ftirebilir.&nbsp;<\/p>\n\n\n\n<h2 class=\"wp-block-heading\"><strong>Ye\u015fil Lojisti\u011fin Avantajlar\u0131 Nelerdir?<\/strong>&nbsp;<\/h2>\n\n\n\n<figure class=\"wp-block-image\"><img loading=\"lazy\" decoding=\"async\" width=\"1072\" height=\"666\" src=\"https:\/\/www.quickcarbon.com\/tr\/wp-content\/uploads\/2024\/10\/Yes\u2560gil-Lojistig\u2560ain-Avantajlar\u2500\u2592-Nelerdir-.jpg\" alt=\"\" class=\"wp-image-1620\" srcset=\"https:\/\/www.quickcarbon.com\/tr\/wp-content\/uploads\/2024\/10\/Yes\u2560gil-Lojistig\u2560ain-Avantajlar\u2500\u2592-Nelerdir-.jpg 1072w, https:\/\/www.quickcarbon.com\/tr\/wp-content\/uploads\/2024\/10\/Yes\u2560gil-Lojistig\u2560ain-Avantajlar\u2500\u2592-Nelerdir--300x186.jpg 300w, https:\/\/www.quickcarbon.com\/tr\/wp-content\/uploads\/2024\/10\/Yes\u2560gil-Lojistig\u2560ain-Avantajlar\u2500\u2592-Nelerdir--1024x636.jpg 1024w, https:\/\/www.quickcarbon.com\/tr\/wp-content\/uploads\/2024\/10\/Yes\u2560gil-Lojistig\u2560ain-Avantajlar\u2500\u2592-Nelerdir--768x477.jpg 768w\" sizes=\"auto, (max-width: 1072px) 100vw, 1072px\" \/><\/figure>\n\n\n\n<p>Lojistik sekt\u00f6r\u00fcne yeni bir y\u00f6n kazand\u0131ran ye\u015fil lojistik \u00e7e\u015fitli avantajlar\u0131 da beraberinde getiren uygulamalar b\u00fct\u00fcn\u00fcd\u00fcr. Ye\u015fil lojistik kavram\u0131n\u0131n ve uygulamalar\u0131n\u0131n ba\u015fl\u0131ca avantajlar\u0131n\u0131 \u015fu \u015fekilde s\u0131ralayabiliriz:&nbsp;<\/p>\n\n\n\n<ul class=\"wp-block-list\">\n<li><strong>Emisyonlar azal\u0131r:<\/strong> Ye\u015fil lojistik kavram\u0131n\u0131n ve uygulamalar\u0131n\u0131n ba\u015fl\u0131ca avantaj\u0131 sera gaz\u0131n\u0131n olu\u015fturdu\u011fu emisyonun azalt\u0131lmas\u0131d\u0131r. Kaynaklar\u0131n verimli kullan\u0131m\u0131, tasarruf planlar\u0131, yeniden olu\u015fturulan rota planlamalar\u0131 ve fosil yak\u0131tlar\u0131n devre d\u0131\u015f\u0131 b\u0131rak\u0131lmas\u0131 emisyonlar\u0131 azaltan fakt\u00f6rlerdir.&nbsp;<\/li>\n\n\n\n<li><strong>Marka imaj\u0131 iyile\u015fir:<\/strong> Ye\u015fil lojistik kavram\u0131n\u0131n ba\u015far\u0131yla uygulanmas\u0131 kurum imaj\u0131n\u0131n ve dolay\u0131s\u0131yla itibar\u0131n iyile\u015ftirilmesiyle do\u011frudan ili\u015fkilidir. Etik gerekliliklere uymay\u0131 ve sosyal taahh\u00fctlere dikkat etmeyi g\u00f6zler \u00f6n\u00fcne seren bu tutum yasa uygulay\u0131c\u0131lar\u0131n\u0131n, t\u00fcketicilerin, yat\u0131r\u0131mc\u0131lar\u0131n ve t\u00fcm toplumun g\u00f6z\u00fcnde \u015firketin alg\u0131s\u0131n\u0131 iyi bir noktaya ta\u015f\u0131r. Bu da uzun vadede g\u00fcven, itibar ve marka sadakati olu\u015fturmaya katk\u0131da bulunur. G\u00fcn\u00fcm\u00fczde pek \u00e7ok lojistikle ilgili mevzuat \u00e7evresel unsurlar\u0131 g\u00f6z \u00f6n\u00fcnde bulundurur. Bu noktada t\u00fcm bu kurallara uymak yasal gereklilikleri ba\u015far\u0131yla kar\u015f\u0131lama ve muhtemel yapt\u0131r\u0131mlardan korunma konusunda \u015firketi avantajl\u0131 konuma getirir.&nbsp;<\/li>\n\n\n\n<li><strong>Paketleme masraflar\u0131 azal\u0131r: <\/strong>Ye\u015fil lojistik politikalar\u0131 paketleme masraflar\u0131n\u0131 \u00f6nemli \u00f6l\u00e7\u00fcde azalt\u0131r. Bunu sa\u011flayan prosed\u00fcr biyolojik olarak ayr\u0131\u015ft\u0131r\u0131labilir, yeniden kullan\u0131labilir ve geri d\u00f6n\u00fc\u015ft\u00fcr\u00fclebilir paketleme malzemelerinin kullan\u0131lmas\u0131n\u0131 i\u00e7erir. Tek ya da birka\u00e7 kullan\u0131ml\u0131k ambalajlar\u0131 geri d\u00f6n\u00fc\u015ft\u00fcr\u00fclebilir k\u0131lmak uzun vadede maliyetleri d\u00fc\u015f\u00fcr\u00fcr. Ah\u015fap palet yerine karton kullan\u0131m\u0131 ve geri d\u00f6n\u00fc\u015ft\u00fcr\u00fclebilir plastik tercihi gibi uygulamalarla paketleme masraflar\u0131 minimuma indirilebilir.&nbsp;<\/li>\n\n\n\n<li><strong>Ula\u015ft\u0131rma masraflar\u0131 azal\u0131r: <\/strong>Ye\u015fil lojistik d\u00fczenlemeleri genel verimlilikte art\u0131\u015f sa\u011flaman\u0131n anahtarlar\u0131ndan biridir. S\u00fcrd\u00fcr\u00fclebilir \u00e7evre dostu uygulamalar ayn\u0131 zamanda b\u00fct\u00e7e dostu politikalar anlam\u0131na gelir. Ye\u015fil lojistik sayesinde ak\u0131c\u0131 operasyonlar\u0131 ray\u0131na oturtmak ve minimum at\u0131kla lojistik sa\u011flamak m\u00fcmk\u00fcn olur. Bu da hem zamandan hem maliyetten tasarruf anlam\u0131 ta\u015f\u0131r.&nbsp;<\/li>\n\n\n\n<li><strong>Depo otomasyonu sa\u011flan\u0131r:<\/strong> Depo otomasyonu ye\u015fil lojisti\u011fin en \u00f6nemli bile\u015fenlerinden biridir. Rota planlaman\u0131n ve envanter y\u00f6netiminin yan\u0131 s\u0131ra otomatik sistemler enerji verimlili\u011fini art\u0131rarak ve elektrik t\u00fcketimini azaltarak etkili bir lojistik s\u00fcre\u00e7 sa\u011flar. \u0130nsan hatas\u0131 riskini minimuma indirmek de hem operasyonel verimlili\u011fi hem kaynak kullan\u0131m\u0131n\u0131 optimize eder.&nbsp;<\/li>\n<\/ul>\n\n\n\n<h2 class=\"wp-block-heading\"><strong>Ye\u015fil Lojistikte Uygulama Zorluklar\u0131<\/strong>&nbsp;<\/h2>\n\n\n\n<p>Ye\u015fil lojistik uygulamalar\u0131n\u0131 ger\u00e7ekle\u015ftirme konusunda ya\u015fanabilecek zorluklardan biri maliyettir. K\u0131sa vadede masrafl\u0131 g\u00f6r\u00fclebilen ye\u015fil lojistik uzun vadede k\u00e2r sa\u011flar. Yine de \u015firketler s\u00f6z konusu maliyetler nedeniyle yeni s\u00fcrd\u00fcr\u00fclebilir ula\u015f\u0131m metodolojilerine yat\u0131r\u0131m yapma konusunda \u00e7ekinceli olabilir. Bu zorluklar uzun vadeli stratejik d\u00fc\u015f\u00fcnme, azalt\u0131lm\u0131\u015f bak\u0131m maliyetlerini hesaba katma ve \u00e7evre dostu imaj\u0131n olu\u015fturdu\u011fu marka itibar\u0131 gibi konular sayesinde giderilebilir.&nbsp;<\/p>\n\n\n\n<p>Ye\u015fil lojisti\u011fin uygulanmas\u0131nda g\u00f6r\u00fclebilen di\u011fer bir engel s\u00fcrd\u00fcr\u00fclebilir malzemelerin toplu ve sistematik tedarikidir. Do\u011fada \u00e7\u00f6z\u00fcnebilir plastikler gibi baz\u0131 ambalaj malzemelerine her ko\u015fulda ula\u015fmak m\u00fcmk\u00fcn olmayabilir. Di\u011fer bir ye\u015fil lojistik uygulama engeli de i\u015f birli\u011fi konusudur. Tedarik zincirini olu\u015fturan farkl\u0131 payda\u015flardan bir ya da birka\u00e7\u0131 ye\u015fil lojistik uygulamalar\u0131n\u0131 i\u00e7selle\u015ftirme konusunda yeterince istekli olmayabilir. Bu payda\u015flar aras\u0131nda tedarik\u00e7iler, lojistik sa\u011flay\u0131c\u0131lar ya da m\u00fc\u015fteriler bulunabilir. Bu noktada \u015firketler ortakl\u0131klar kurarak ve payda\u015flar\u0131n t\u00fcm\u00fcn\u00fc ikna ederek i\u015f birli\u011fi sorununu \u00e7\u00f6z\u00fcme kavu\u015fturabilir.&nbsp;<\/p>\n\n\n\n<h2 class=\"wp-block-heading\"><strong>QuickCarbon ile Karbon Ayak \u0130zine H\u00fckmedin<\/strong>&nbsp;<\/h2>\n\n\n\n<p><a href=\"https:\/\/www.quickcarbon.com\/\" target=\"_blank\" rel=\"noreferrer noopener\">QuickCarbon<\/a> karbon emisyonu y\u00f6netimini kolay ve kullan\u0131\u015fl\u0131 k\u0131lan bir \u00e7\u00f6z\u00fcm sunar. \u015eirketlerin kurumsal karbon ayak izlerini yasal standart ve protokoller kapsam\u0131nda verile\u015ftiren ve rapora d\u00f6ken QuickCarbon bu konuda yeni stratejiler olu\u015fturmaya da olanak tan\u0131r. Kullan\u0131c\u0131 dostu yaz\u0131l\u0131m\u0131yla web tabanl\u0131 eri\u015fim, g\u00fcvenli veri depolama, an\u0131nda raporlama ve kolay veri giri\u015fi gibi avantajlar sunar. Siz de \u015firketinizin karbon ayak izi y\u00f6netimini zahmetsiz ve etkili bir kullan\u0131m sa\u011flayan QuickCarbon yaz\u0131l\u0131m\u0131yla ger\u00e7ekle\u015ftirebilirsiniz.&nbsp;<\/p>\n","protected":false},"excerpt":{"rendered":"<p>End\u00fcstriyelle\u015fmenin merkez\u00ee konumda oldu\u011fu bir \u00e7a\u011fda \u00e7evresel s\u00fcrd\u00fcr\u00fclebilirlik k\u00fcresel d\u00fczeyde \u00f6nem arz eder. Lojistik sekt\u00f6r\u00fc de bu sorunun gerektirdi\u011fi \u00f6nlemleri alabilmek amac\u0131yla daha ye\u015fil uygulamalar\u0131 entegre etmek \u00fczere bir d\u00f6n\u00fc\u015f\u00fcm ge\u00e7iriyor. S\u00fcrd\u00fcr\u00fclebilir lojistik olarak da bilinen ye\u015fil lojistik, lojistik faaliyetlerinin \u00e7evreye y\u00f6nelik zararl\u0131 etkisini en aza indirmeyi ama\u00e7layan bir dizi stratejiyi kapsar. Gelin, ye\u015fil lojisti\u011fin faydalar\u0131n\u0131 ve zorluklar\u0131n\u0131 beraber \u00f6\u011frenelim.\u00a0<\/p>\n","protected":false},"author":3,"featured_media":1616,"comment_status":"closed","ping_status":"open","sticky":false,"template":"","format":"standard","meta":{"footnotes":""},"categories":[1],"tags":[124],"class_list":["post-1615","post","type-post","status-publish","format-standard","has-post-thumbnail","hentry","category-genel","tag-yesil-lojistik"],"yoast_head":"<!-- This site is optimized with the Yoast SEO plugin v25.6 - https:\/\/yoast.com\/wordpress\/plugins\/seo\/ -->\n<title>Ye\u015fil Lojistik\u00a0 - QuickCarbon<\/title>\n<meta name=\"description\" content=\"End\u00fcstriyelle\u015fmenin merkez\u00ee konumda oldu\u011fu bir \u00e7a\u011fda \u00e7evresel s\u00fcrd\u00fcr\u00fclebilirlik k\u00fcresel d\u00fczeyde \u00f6nem arz eder. Lojistik sekt\u00f6r\u00fc de bu sorunun gerektirdi\u011fi \u00f6nlemleri alabilmek amac\u0131yla daha ye\u015fil uygulamalar\u0131 entegre etmek \u00fczere bir d\u00f6n\u00fc\u015f\u00fcm ge\u00e7iriyor. S\u00fcrd\u00fcr\u00fclebilir lojistik olarak da bilinen ye\u015fil lojistik, lojistik faaliyetlerinin \u00e7evreye y\u00f6nelik zararl\u0131 etkisini en aza indirmeyi ama\u00e7layan bir dizi stratejiyi kapsar. Gelin, ye\u015fil lojisti\u011fin faydalar\u0131n\u0131 ve zorluklar\u0131n\u0131 beraber \u00f6\u011frenelim.\u00a0\" \/>\n<meta name=\"robots\" content=\"index, follow, max-snippet:-1, max-image-preview:large, max-video-preview:-1\" \/>\n<link rel=\"canonical\" href=\"https:\/\/www.quickcarbon.com\/tr\/blog\/yesil-lojistik\/\" \/>\n<meta property=\"og:locale\" content=\"tr_TR\" \/>\n<meta property=\"og:type\" content=\"article\" \/>\n<meta property=\"og:title\" content=\"Ye\u015fil Lojistik\u00a0 - QuickCarbon\" \/>\n<meta property=\"og:description\" content=\"End\u00fcstriyelle\u015fmenin merkez\u00ee konumda oldu\u011fu bir \u00e7a\u011fda \u00e7evresel s\u00fcrd\u00fcr\u00fclebilirlik k\u00fcresel d\u00fczeyde \u00f6nem arz eder. Lojistik sekt\u00f6r\u00fc de bu sorunun gerektirdi\u011fi \u00f6nlemleri alabilmek amac\u0131yla daha ye\u015fil uygulamalar\u0131 entegre etmek \u00fczere bir d\u00f6n\u00fc\u015f\u00fcm ge\u00e7iriyor. S\u00fcrd\u00fcr\u00fclebilir lojistik olarak da bilinen ye\u015fil lojistik, lojistik faaliyetlerinin \u00e7evreye y\u00f6nelik zararl\u0131 etkisini en aza indirmeyi ama\u00e7layan bir dizi stratejiyi kapsar. Gelin, ye\u015fil lojisti\u011fin faydalar\u0131n\u0131 ve zorluklar\u0131n\u0131 beraber \u00f6\u011frenelim.\u00a0\" \/>\n<meta property=\"og:url\" content=\"https:\/\/www.quickcarbon.com\/tr\/blog\/yesil-lojistik\/\" \/>\n<meta property=\"og:site_name\" content=\"QuickCarbon\" \/>\n<meta property=\"article:publisher\" content=\"https:\/\/www.facebook.com\/quickcarbon\/\" \/>\n<meta property=\"article:published_time\" content=\"2024-10-31T12:01:21+00:00\" \/>\n<meta property=\"article:modified_time\" content=\"2024-10-31T12:03:27+00:00\" \/>\n<meta property=\"og:image\" content=\"https:\/\/www.quickcarbon.com\/tr\/wp-content\/uploads\/2024\/10\/6_Kapak-Gorsel.jpg\" \/>\n\t<meta property=\"og:image:width\" content=\"1072\" \/>\n\t<meta property=\"og:image:height\" content=\"666\" \/>\n\t<meta property=\"og:image:type\" content=\"image\/jpeg\" \/>\n<meta name=\"author\" content=\"Elif Akko\u00e7\" \/>\n<meta name=\"twitter:card\" content=\"summary_large_image\" \/>\n<meta name=\"twitter:creator\" content=\"@QuickCarbon_Tr\" \/>\n<meta name=\"twitter:site\" content=\"@QuickCarbon_Tr\" \/>\n<meta name=\"twitter:label1\" content=\"Written by\" \/>\n\t<meta name=\"twitter:data1\" content=\"Elif Akko\u00e7\" \/>\n\t<meta name=\"twitter:label2\" content=\"Est. reading time\" \/>\n\t<meta name=\"twitter:data2\" content=\"9 dakika\" \/>\n<script type=\"application\/ld+json\" class=\"yoast-schema-graph\">{\"@context\":\"https:\/\/schema.org\",\"@graph\":[{\"@type\":[\"Article\",\"BlogPosting\"],\"@id\":\"https:\/\/www.quickcarbon.com\/tr\/blog\/yesil-lojistik\/#article\",\"isPartOf\":{\"@id\":\"https:\/\/www.quickcarbon.com\/tr\/blog\/yesil-lojistik\/\"},\"author\":{\"name\":\"Elif Akko\u00e7\",\"@id\":\"https:\/\/www.quickcarbon.com\/tr\/#\/schema\/person\/e9ff9b7b560010798b00c0355cb606f1\"},\"headline\":\"Ye\u015fil Lojistik\u00a0\",\"datePublished\":\"2024-10-31T12:01:21+00:00\",\"dateModified\":\"2024-10-31T12:03:27+00:00\",\"mainEntityOfPage\":{\"@id\":\"https:\/\/www.quickcarbon.com\/tr\/blog\/yesil-lojistik\/\"},\"wordCount\":1964,\"publisher\":{\"@id\":\"https:\/\/www.quickcarbon.com\/tr\/#organization\"},\"image\":{\"@id\":\"https:\/\/www.quickcarbon.com\/tr\/blog\/yesil-lojistik\/#primaryimage\"},\"thumbnailUrl\":\"https:\/\/www.quickcarbon.com\/tr\/wp-content\/uploads\/2024\/10\/6_Kapak-Gorsel.jpg\",\"keywords\":[\"ye\u015fil lojistik\"],\"inLanguage\":\"tr\"},{\"@type\":\"WebPage\",\"@id\":\"https:\/\/www.quickcarbon.com\/tr\/blog\/yesil-lojistik\/\",\"url\":\"https:\/\/www.quickcarbon.com\/tr\/blog\/yesil-lojistik\/\",\"name\":\"Ye\u015fil Lojistik\u00a0 - QuickCarbon\",\"isPartOf\":{\"@id\":\"https:\/\/www.quickcarbon.com\/tr\/#website\"},\"primaryImageOfPage\":{\"@id\":\"https:\/\/www.quickcarbon.com\/tr\/blog\/yesil-lojistik\/#primaryimage\"},\"image\":{\"@id\":\"https:\/\/www.quickcarbon.com\/tr\/blog\/yesil-lojistik\/#primaryimage\"},\"thumbnailUrl\":\"https:\/\/www.quickcarbon.com\/tr\/wp-content\/uploads\/2024\/10\/6_Kapak-Gorsel.jpg\",\"datePublished\":\"2024-10-31T12:01:21+00:00\",\"dateModified\":\"2024-10-31T12:03:27+00:00\",\"description\":\"End\u00fcstriyelle\u015fmenin merkez\u00ee konumda oldu\u011fu bir \u00e7a\u011fda \u00e7evresel s\u00fcrd\u00fcr\u00fclebilirlik k\u00fcresel d\u00fczeyde \u00f6nem arz eder. Lojistik sekt\u00f6r\u00fc de bu sorunun gerektirdi\u011fi \u00f6nlemleri alabilmek amac\u0131yla daha ye\u015fil uygulamalar\u0131 entegre etmek \u00fczere bir d\u00f6n\u00fc\u015f\u00fcm ge\u00e7iriyor. S\u00fcrd\u00fcr\u00fclebilir lojistik olarak da bilinen ye\u015fil lojistik, lojistik faaliyetlerinin \u00e7evreye y\u00f6nelik zararl\u0131 etkisini en aza indirmeyi ama\u00e7layan bir dizi stratejiyi kapsar. Gelin, ye\u015fil lojisti\u011fin faydalar\u0131n\u0131 ve zorluklar\u0131n\u0131 beraber \u00f6\u011frenelim.\u00a0\",\"breadcrumb\":{\"@id\":\"https:\/\/www.quickcarbon.com\/tr\/blog\/yesil-lojistik\/#breadcrumb\"},\"inLanguage\":\"tr\",\"potentialAction\":[{\"@type\":\"ReadAction\",\"target\":[\"https:\/\/www.quickcarbon.com\/tr\/blog\/yesil-lojistik\/\"]}]},{\"@type\":\"ImageObject\",\"inLanguage\":\"tr\",\"@id\":\"https:\/\/www.quickcarbon.com\/tr\/blog\/yesil-lojistik\/#primaryimage\",\"url\":\"https:\/\/www.quickcarbon.com\/tr\/wp-content\/uploads\/2024\/10\/6_Kapak-Gorsel.jpg\",\"contentUrl\":\"https:\/\/www.quickcarbon.com\/tr\/wp-content\/uploads\/2024\/10\/6_Kapak-Gorsel.jpg\",\"width\":1072,\"height\":666},{\"@type\":\"BreadcrumbList\",\"@id\":\"https:\/\/www.quickcarbon.com\/tr\/blog\/yesil-lojistik\/#breadcrumb\",\"itemListElement\":[{\"@type\":\"ListItem\",\"position\":1,\"name\":\"Ana Sayfa\",\"item\":\"https:\/\/www.quickcarbon.com\/tr\/\"},{\"@type\":\"ListItem\",\"position\":2,\"name\":\"Ye\u015fil Lojistik\u00a0\"}]},{\"@type\":\"WebSite\",\"@id\":\"https:\/\/www.quickcarbon.com\/tr\/#website\",\"url\":\"https:\/\/www.quickcarbon.com\/tr\/\",\"name\":\"QuickCarbon\",\"description\":\"Take Control of Your Corporate Carbon Footprint\",\"publisher\":{\"@id\":\"https:\/\/www.quickcarbon.com\/tr\/#organization\"},\"alternateName\":\"QC\",\"potentialAction\":[{\"@type\":\"SearchAction\",\"target\":{\"@type\":\"EntryPoint\",\"urlTemplate\":\"https:\/\/www.quickcarbon.com\/tr\/?s={search_term_string}\"},\"query-input\":{\"@type\":\"PropertyValueSpecification\",\"valueRequired\":true,\"valueName\":\"search_term_string\"}}],\"inLanguage\":\"tr\"},{\"@type\":\"Organization\",\"@id\":\"https:\/\/www.quickcarbon.com\/tr\/#organization\",\"name\":\"QuickCarbon\",\"alternateName\":\"QC\",\"url\":\"https:\/\/www.quickcarbon.com\/tr\/\",\"logo\":{\"@type\":\"ImageObject\",\"inLanguage\":\"tr\",\"@id\":\"https:\/\/www.quickcarbon.com\/tr\/#\/schema\/logo\/image\/\",\"url\":\"https:\/\/www.quickcarbon.com\/tr\/wp-content\/uploads\/2023\/09\/cropped-qc_favicon-1.png\",\"contentUrl\":\"https:\/\/www.quickcarbon.com\/tr\/wp-content\/uploads\/2023\/09\/cropped-qc_favicon-1.png\",\"width\":512,\"height\":512,\"caption\":\"QuickCarbon\"},\"image\":{\"@id\":\"https:\/\/www.quickcarbon.com\/tr\/#\/schema\/logo\/image\/\"},\"sameAs\":[\"https:\/\/www.facebook.com\/quickcarbon\/\",\"https:\/\/x.com\/QuickCarbon_Tr\",\"https:\/\/www.instagram.com\/quickcarbon_official\/\",\"https:\/\/www.linkedin.com\/showcase\/quickcarbon-\/\"]},{\"@type\":\"Person\",\"@id\":\"https:\/\/www.quickcarbon.com\/tr\/#\/schema\/person\/e9ff9b7b560010798b00c0355cb606f1\",\"name\":\"Elif Akko\u00e7\",\"image\":{\"@type\":\"ImageObject\",\"inLanguage\":\"tr\",\"@id\":\"https:\/\/www.quickcarbon.com\/tr\/#\/schema\/person\/image\/\",\"url\":\"https:\/\/secure.gravatar.com\/avatar\/1419d3d4829046468ad9f261eb84b5e321805c1b4084d3d1c85c0de62b0330de?s=96&d=mm&r=g\",\"contentUrl\":\"https:\/\/secure.gravatar.com\/avatar\/1419d3d4829046468ad9f261eb84b5e321805c1b4084d3d1c85c0de62b0330de?s=96&d=mm&r=g\",\"caption\":\"Elif Akko\u00e7\"},\"sameAs\":[\"https:\/\/www.quickcarbon.com\/\"]}]}<\/script>\n<!-- \/ Yoast SEO plugin. -->","yoast_head_json":{"title":"Ye\u015fil Lojistik\u00a0 - QuickCarbon","description":"End\u00fcstriyelle\u015fmenin merkez\u00ee konumda oldu\u011fu bir \u00e7a\u011fda \u00e7evresel s\u00fcrd\u00fcr\u00fclebilirlik k\u00fcresel d\u00fczeyde \u00f6nem arz eder. Lojistik sekt\u00f6r\u00fc de bu sorunun gerektirdi\u011fi \u00f6nlemleri alabilmek amac\u0131yla daha ye\u015fil uygulamalar\u0131 entegre etmek \u00fczere bir d\u00f6n\u00fc\u015f\u00fcm ge\u00e7iriyor. S\u00fcrd\u00fcr\u00fclebilir lojistik olarak da bilinen ye\u015fil lojistik, lojistik faaliyetlerinin \u00e7evreye y\u00f6nelik zararl\u0131 etkisini en aza indirmeyi ama\u00e7layan bir dizi stratejiyi kapsar. Gelin, ye\u015fil lojisti\u011fin faydalar\u0131n\u0131 ve zorluklar\u0131n\u0131 beraber \u00f6\u011frenelim.\u00a0","robots":{"index":"index","follow":"follow","max-snippet":"max-snippet:-1","max-image-preview":"max-image-preview:large","max-video-preview":"max-video-preview:-1"},"canonical":"https:\/\/www.quickcarbon.com\/tr\/blog\/yesil-lojistik\/","og_locale":"tr_TR","og_type":"article","og_title":"Ye\u015fil Lojistik\u00a0 - QuickCarbon","og_description":"End\u00fcstriyelle\u015fmenin merkez\u00ee konumda oldu\u011fu bir \u00e7a\u011fda \u00e7evresel s\u00fcrd\u00fcr\u00fclebilirlik k\u00fcresel d\u00fczeyde \u00f6nem arz eder. Lojistik sekt\u00f6r\u00fc de bu sorunun gerektirdi\u011fi \u00f6nlemleri alabilmek amac\u0131yla daha ye\u015fil uygulamalar\u0131 entegre etmek \u00fczere bir d\u00f6n\u00fc\u015f\u00fcm ge\u00e7iriyor. S\u00fcrd\u00fcr\u00fclebilir lojistik olarak da bilinen ye\u015fil lojistik, lojistik faaliyetlerinin \u00e7evreye y\u00f6nelik zararl\u0131 etkisini en aza indirmeyi ama\u00e7layan bir dizi stratejiyi kapsar. Gelin, ye\u015fil lojisti\u011fin faydalar\u0131n\u0131 ve zorluklar\u0131n\u0131 beraber \u00f6\u011frenelim.\u00a0","og_url":"https:\/\/www.quickcarbon.com\/tr\/blog\/yesil-lojistik\/","og_site_name":"QuickCarbon","article_publisher":"https:\/\/www.facebook.com\/quickcarbon\/","article_published_time":"2024-10-31T12:01:21+00:00","article_modified_time":"2024-10-31T12:03:27+00:00","og_image":[{"width":1072,"height":666,"url":"https:\/\/www.quickcarbon.com\/tr\/wp-content\/uploads\/2024\/10\/6_Kapak-Gorsel.jpg","type":"image\/jpeg"}],"author":"Elif Akko\u00e7","twitter_card":"summary_large_image","twitter_creator":"@QuickCarbon_Tr","twitter_site":"@QuickCarbon_Tr","twitter_misc":{"Written by":"Elif Akko\u00e7","Est. reading time":"9 dakika"},"schema":{"@context":"https:\/\/schema.org","@graph":[{"@type":["Article","BlogPosting"],"@id":"https:\/\/www.quickcarbon.com\/tr\/blog\/yesil-lojistik\/#article","isPartOf":{"@id":"https:\/\/www.quickcarbon.com\/tr\/blog\/yesil-lojistik\/"},"author":{"name":"Elif Akko\u00e7","@id":"https:\/\/www.quickcarbon.com\/tr\/#\/schema\/person\/e9ff9b7b560010798b00c0355cb606f1"},"headline":"Ye\u015fil Lojistik\u00a0","datePublished":"2024-10-31T12:01:21+00:00","dateModified":"2024-10-31T12:03:27+00:00","mainEntityOfPage":{"@id":"https:\/\/www.quickcarbon.com\/tr\/blog\/yesil-lojistik\/"},"wordCount":1964,"publisher":{"@id":"https:\/\/www.quickcarbon.com\/tr\/#organization"},"image":{"@id":"https:\/\/www.quickcarbon.com\/tr\/blog\/yesil-lojistik\/#primaryimage"},"thumbnailUrl":"https:\/\/www.quickcarbon.com\/tr\/wp-content\/uploads\/2024\/10\/6_Kapak-Gorsel.jpg","keywords":["ye\u015fil lojistik"],"inLanguage":"tr"},{"@type":"WebPage","@id":"https:\/\/www.quickcarbon.com\/tr\/blog\/yesil-lojistik\/","url":"https:\/\/www.quickcarbon.com\/tr\/blog\/yesil-lojistik\/","name":"Ye\u015fil Lojistik\u00a0 - QuickCarbon","isPartOf":{"@id":"https:\/\/www.quickcarbon.com\/tr\/#website"},"primaryImageOfPage":{"@id":"https:\/\/www.quickcarbon.com\/tr\/blog\/yesil-lojistik\/#primaryimage"},"image":{"@id":"https:\/\/www.quickcarbon.com\/tr\/blog\/yesil-lojistik\/#primaryimage"},"thumbnailUrl":"https:\/\/www.quickcarbon.com\/tr\/wp-content\/uploads\/2024\/10\/6_Kapak-Gorsel.jpg","datePublished":"2024-10-31T12:01:21+00:00","dateModified":"2024-10-31T12:03:27+00:00","description":"End\u00fcstriyelle\u015fmenin merkez\u00ee konumda oldu\u011fu bir \u00e7a\u011fda \u00e7evresel s\u00fcrd\u00fcr\u00fclebilirlik k\u00fcresel d\u00fczeyde \u00f6nem arz eder. Lojistik sekt\u00f6r\u00fc de bu sorunun gerektirdi\u011fi \u00f6nlemleri alabilmek amac\u0131yla daha ye\u015fil uygulamalar\u0131 entegre etmek \u00fczere bir d\u00f6n\u00fc\u015f\u00fcm ge\u00e7iriyor. S\u00fcrd\u00fcr\u00fclebilir lojistik olarak da bilinen ye\u015fil lojistik, lojistik faaliyetlerinin \u00e7evreye y\u00f6nelik zararl\u0131 etkisini en aza indirmeyi ama\u00e7layan bir dizi stratejiyi kapsar. Gelin, ye\u015fil lojisti\u011fin faydalar\u0131n\u0131 ve zorluklar\u0131n\u0131 beraber \u00f6\u011frenelim.\u00a0","breadcrumb":{"@id":"https:\/\/www.quickcarbon.com\/tr\/blog\/yesil-lojistik\/#breadcrumb"},"inLanguage":"tr","potentialAction":[{"@type":"ReadAction","target":["https:\/\/www.quickcarbon.com\/tr\/blog\/yesil-lojistik\/"]}]},{"@type":"ImageObject","inLanguage":"tr","@id":"https:\/\/www.quickcarbon.com\/tr\/blog\/yesil-lojistik\/#primaryimage","url":"https:\/\/www.quickcarbon.com\/tr\/wp-content\/uploads\/2024\/10\/6_Kapak-Gorsel.jpg","contentUrl":"https:\/\/www.quickcarbon.com\/tr\/wp-content\/uploads\/2024\/10\/6_Kapak-Gorsel.jpg","width":1072,"height":666},{"@type":"BreadcrumbList","@id":"https:\/\/www.quickcarbon.com\/tr\/blog\/yesil-lojistik\/#breadcrumb","itemListElement":[{"@type":"ListItem","position":1,"name":"Ana Sayfa","item":"https:\/\/www.quickcarbon.com\/tr\/"},{"@type":"ListItem","position":2,"name":"Ye\u015fil Lojistik\u00a0"}]},{"@type":"WebSite","@id":"https:\/\/www.quickcarbon.com\/tr\/#website","url":"https:\/\/www.quickcarbon.com\/tr\/","name":"QuickCarbon","description":"Take Control of Your Corporate Carbon Footprint","publisher":{"@id":"https:\/\/www.quickcarbon.com\/tr\/#organization"},"alternateName":"QC","potentialAction":[{"@type":"SearchAction","target":{"@type":"EntryPoint","urlTemplate":"https:\/\/www.quickcarbon.com\/tr\/?s={search_term_string}"},"query-input":{"@type":"PropertyValueSpecification","valueRequired":true,"valueName":"search_term_string"}}],"inLanguage":"tr"},{"@type":"Organization","@id":"https:\/\/www.quickcarbon.com\/tr\/#organization","name":"QuickCarbon","alternateName":"QC","url":"https:\/\/www.quickcarbon.com\/tr\/","logo":{"@type":"ImageObject","inLanguage":"tr","@id":"https:\/\/www.quickcarbon.com\/tr\/#\/schema\/logo\/image\/","url":"https:\/\/www.quickcarbon.com\/tr\/wp-content\/uploads\/2023\/09\/cropped-qc_favicon-1.png","contentUrl":"https:\/\/www.quickcarbon.com\/tr\/wp-content\/uploads\/2023\/09\/cropped-qc_favicon-1.png","width":512,"height":512,"caption":"QuickCarbon"},"image":{"@id":"https:\/\/www.quickcarbon.com\/tr\/#\/schema\/logo\/image\/"},"sameAs":["https:\/\/www.facebook.com\/quickcarbon\/","https:\/\/x.com\/QuickCarbon_Tr","https:\/\/www.instagram.com\/quickcarbon_official\/","https:\/\/www.linkedin.com\/showcase\/quickcarbon-\/"]},{"@type":"Person","@id":"https:\/\/www.quickcarbon.com\/tr\/#\/schema\/person\/e9ff9b7b560010798b00c0355cb606f1","name":"Elif Akko\u00e7","image":{"@type":"ImageObject","inLanguage":"tr","@id":"https:\/\/www.quickcarbon.com\/tr\/#\/schema\/person\/image\/","url":"https:\/\/secure.gravatar.com\/avatar\/1419d3d4829046468ad9f261eb84b5e321805c1b4084d3d1c85c0de62b0330de?s=96&d=mm&r=g","contentUrl":"https:\/\/secure.gravatar.com\/avatar\/1419d3d4829046468ad9f261eb84b5e321805c1b4084d3d1c85c0de62b0330de?s=96&d=mm&r=g","caption":"Elif Akko\u00e7"},"sameAs":["https:\/\/www.quickcarbon.com\/"]}]}},"_links":{"self":[{"href":"https:\/\/www.quickcarbon.com\/tr\/wp-json\/wp\/v2\/posts\/1615","targetHints":{"allow":["GET"]}}],"collection":[{"href":"https:\/\/www.quickcarbon.com\/tr\/wp-json\/wp\/v2\/posts"}],"about":[{"href":"https:\/\/www.quickcarbon.com\/tr\/wp-json\/wp\/v2\/types\/post"}],"author":[{"embeddable":true,"href":"https:\/\/www.quickcarbon.com\/tr\/wp-json\/wp\/v2\/users\/3"}],"replies":[{"embeddable":true,"href":"https:\/\/www.quickcarbon.com\/tr\/wp-json\/wp\/v2\/comments?post=1615"}],"version-history":[{"count":2,"href":"https:\/\/www.quickcarbon.com\/tr\/wp-json\/wp\/v2\/posts\/1615\/revisions"}],"predecessor-version":[{"id":1622,"href":"https:\/\/www.quickcarbon.com\/tr\/wp-json\/wp\/v2\/posts\/1615\/revisions\/1622"}],"wp:featuredmedia":[{"embeddable":true,"href":"https:\/\/www.quickcarbon.com\/tr\/wp-json\/wp\/v2\/media\/1616"}],"wp:attachment":[{"href":"https:\/\/www.quickcarbon.com\/tr\/wp-json\/wp\/v2\/media?parent=1615"}],"wp:term":[{"taxonomy":"category","embeddable":true,"href":"https:\/\/www.quickcarbon.com\/tr\/wp-json\/wp\/v2\/categories?post=1615"},{"taxonomy":"post_tag","embeddable":true,"href":"https:\/\/www.quickcarbon.com\/tr\/wp-json\/wp\/v2\/tags?post=1615"}],"curies":[{"name":"wp","href":"https:\/\/api.w.org\/{rel}","templated":true}]}}