{"id":1633,"date":"2024-11-04T09:00:00","date_gmt":"2024-11-04T06:00:00","guid":{"rendered":"https:\/\/www.quickcarbon.com\/tr\/?p=1633"},"modified":"2024-11-01T11:04:24","modified_gmt":"2024-11-01T08:04:24","slug":"surdurulebilirligin-uc-boyutu","status":"publish","type":"post","link":"https:\/\/www.quickcarbon.com\/tr\/blog\/surdurulebilirligin-uc-boyutu\/","title":{"rendered":"S\u00fcrd\u00fcr\u00fclebilirli\u011fin \u00dc\u00e7 Boyutu\u00a0"},"content":{"rendered":"\n<p>Ekosistemin ve do\u011fal kaynaklar\u0131n korunmas\u0131nda b\u00fcy\u00fck \u00f6nemi olan s\u00fcrd\u00fcr\u00fclebilirlik \u00fc\u00e7 boyutta ele al\u0131nabilir. Hem g\u00fcn\u00fcm\u00fcz toplumlar\u0131n\u0131n hem gelecek nesillerin insana yara\u015f\u0131r \u015fartlarda iyi bir hayat s\u00fcrd\u00fcrmesi ve D\u00fcnya&#8217;n\u0131n kaynaklar\u0131ndan \u00f6nceki nesillerle e\u015fit d\u00fczeyde faydalanmalar\u0131n\u0131 sa\u011flamak \u00f6nemlidir. Bunun i\u00e7in ekonomik, sosyal ve \u00e7evresel s\u00fcrd\u00fcr\u00fclebilirlik boyutlar\u0131n\u0131n bir arada uygulanmas\u0131 gerekir. Gelin, bireysel fark\u0131ndal\u0131k kazanmak \u00fczere s\u00fcrd\u00fcr\u00fclebilirli\u011fin \u00fc\u00e7 boyutunu detayl\u0131 bir \u015fekilde ele alal\u0131m.&nbsp;<\/p>\n\n\n\n<h2 class=\"wp-block-heading\"><strong>1. Ekonomik S\u00fcrd\u00fcr\u00fclebilirlik<\/strong>&nbsp;<\/h2>\n\n\n\n<figure class=\"wp-block-image\"><img loading=\"lazy\" decoding=\"async\" width=\"1072\" height=\"666\" src=\"https:\/\/www.quickcarbon.com\/tr\/wp-content\/uploads\/2024\/11\/1.-Ekonomik-Su\u2560erdu\u2560eru\u2560elebilirlik.jpg\" alt=\"\" class=\"wp-image-1635\" srcset=\"https:\/\/www.quickcarbon.com\/tr\/wp-content\/uploads\/2024\/11\/1.-Ekonomik-Su\u2560erdu\u2560eru\u2560elebilirlik.jpg 1072w, https:\/\/www.quickcarbon.com\/tr\/wp-content\/uploads\/2024\/11\/1.-Ekonomik-Su\u2560erdu\u2560eru\u2560elebilirlik-300x186.jpg 300w, https:\/\/www.quickcarbon.com\/tr\/wp-content\/uploads\/2024\/11\/1.-Ekonomik-Su\u2560erdu\u2560eru\u2560elebilirlik-1024x636.jpg 1024w, https:\/\/www.quickcarbon.com\/tr\/wp-content\/uploads\/2024\/11\/1.-Ekonomik-Su\u2560erdu\u2560eru\u2560elebilirlik-768x477.jpg 768w\" sizes=\"auto, (max-width: 1072px) 100vw, 1072px\" \/><\/figure>\n\n\n\n<p>Ekonomik s\u00fcrd\u00fcr\u00fclebilirlik gezegenin s\u0131n\u0131rl\u0131 kaynaklar\u0131n\u0131 topluma ve \u00e7evreye faydal\u0131 olmas\u0131 i\u00e7in sorumlu bir \u015fekilde y\u00f6netmeyi ama\u00e7lar. Ekonomi, s\u00fcrd\u00fcr\u00fclebilirli\u011fin sosyal ve \u00e7evresel s\u00fctunlar\u0131n\u0131n aras\u0131ndaki sermaye ba\u011flant\u0131s\u0131 g\u00f6revi g\u00f6r\u00fcr. 1994 Oslo Sempozyumu&#8217;nda s\u00fcrd\u00fcr\u00fclebilir t\u00fcketim ve \u00fcretim \u015fu \u015fekilde <a href=\"https:\/\/enb.iisd.org\/consume\/oslo004.html\" target=\"_blank\" rel=\"noreferrer noopener\">tan\u0131mlan\u0131r<\/a>: &#8220;Temel ihtiya\u00e7lara yan\u0131t veren ve daha iyi bir ya\u015fam kalitesi sa\u011flayan mal ve hizmetlerin kullan\u0131m\u0131, do\u011fal kaynaklar\u0131n, toksik maddelerin, at\u0131k ve kirletici emisyonlar\u0131n ya\u015fam d\u00f6ng\u00fcs\u00fc boyunca en aza indirilmesi, b\u00f6ylece gelecek nesillerin ihtiya\u00e7lar\u0131n\u0131n tehlikeye at\u0131lmamas\u0131.&#8221;&nbsp;<\/p>\n\n\n\n<p>Ekonomik bir sistemi s\u00fcrd\u00fcr\u00fclebilir k\u0131lmak i\u00e7in yenilenebilir kaynaklardan enerji \u00fcretimini te\u015fvik etmek, enerji verimlili\u011fini destekleyen politikalar\u0131 benimsemek ve at\u0131klar\u0131 azalt\u0131rken kaynak s\u00f6m\u00fcr\u00fcs\u00fcn\u00fc s\u0131n\u0131rlayabilen d\u00f6ng\u00fcsel ekonomiye dayal\u0131 ekonomik modelleri takip etmek gereklidir. S\u00fcrd\u00fcr\u00fclebilirlik hedeflerine ula\u015fmak i\u00e7in sosyal ve ekonomik boyutlarda kat\u0131l\u0131m\u0131n sa\u011flanmas\u0131, \u00f6zel yat\u0131r\u0131mlar yoluyla teknolojik yeniliklerin ger\u00e7ekle\u015ftirilmesi, verimli ve \u015feffaf y\u00f6netimin te\u015fvik edilmesi, kamuoyunun bilin\u00e7lendirilmesi ve e\u011fitilmesi \u00f6nemlidir.&nbsp;<\/p>\n\n\n\n<p>Ekonomik kaynaklar\u0131n sorumlu bir \u015fekilde y\u00f6netilmesinin etkileri \u015funlard\u0131r:&nbsp;<\/p>\n\n\n\n<ul class=\"wp-block-list\">\n<li>\u00c7evresel etkinin en aza indirilmesi,\u00a0<\/li>\n\n\n\n<li>Sosyal ve ekonomik a\u00e7\u0131dan e\u015fitli\u011fin sa\u011flanmas\u0131,\u00a0<\/li>\n\n\n\n<li>Daha dayan\u0131kl\u0131 ve zorluklarla ba\u015fa \u00e7\u0131kabilen bir ekonomi sistemi,\u00a0<\/li>\n\n\n\n<li>\u015eirketlerin sorumlulu\u011fa ve etik ilkelere dayal\u0131 y\u00f6netime uymas\u0131.\u00a0<\/li>\n<\/ul>\n\n\n\n<p>D\u00f6ng\u00fcsel ekonomi kavram\u0131ndan bahsetmek de \u00f6nemlidir. D\u00f6ng\u00fcsel ekonomi mevcut malzemeleri ve \u00fcr\u00fcnleri m\u00fcmk\u00fcn oldu\u011funca uzun s\u00fcre payla\u015fmay\u0131, kiralamay\u0131, yeniden kullanmay\u0131, onarmay\u0131, yenilemeyi ve geri d\u00f6n\u00fc\u015ft\u00fcrmeyi i\u00e7eren bir \u00fcretim ve t\u00fcketim modelidir. B\u00f6ylece \u00fcr\u00fcnlerin ya\u015fam d\u00f6ng\u00fcs\u00fc uzat\u0131l\u0131r.&nbsp;<\/p>\n\n\n\n<p>Bu ekonomi modeli uygulama a\u015famas\u0131nda at\u0131klar\u0131 en aza indirmeye yard\u0131mc\u0131 olur. Bir \u00fcr\u00fcn\u00fcn \u00f6mr\u00fc bitti\u011finde materyaller geri d\u00f6n\u00fc\u015f\u00fcm sayesinde ekonomik dola\u015f\u0131mda kalmaya devam eder. Tekrar kullan\u0131labilen \u00fcr\u00fcnler sayesinde daha fazla de\u011fer yarat\u0131labilir. Bu sistem al-yap-t\u00fcket-at modeline dayanan geleneksel, do\u011frusal ekonomik modelden ayr\u0131\u015fmay\u0131 gerektirir.&nbsp;<\/p>\n\n\n\n<p>D\u00f6ng\u00fcsel ekonomi b\u00fcy\u00fck miktarlarda ucuz ve kolay eri\u015filebilir malzemeye ve enerjiye dayan\u0131r. D\u00f6ng\u00fcsel ekonomi modelinde at\u0131klar en aza indirilir, kaynak kullan\u0131m\u0131 en \u00fcst d\u00fczeye \u00e7\u0131kar\u0131l\u0131r. \u00c7evresel etkiyi azaltmay\u0131 hedefleyen bu model verimlili\u011fi te\u015fvik eder. Geri d\u00f6n\u00fc\u015f\u00fcm ve yeniden kullan\u0131m i\u00e7in altyap\u0131lar\u0131 geli\u015ftirerek s\u00fcrd\u00fcr\u00fclebilirli\u011fe katk\u0131 sa\u011flar.&nbsp;&nbsp;<\/p>\n\n\n\n<h2 class=\"wp-block-heading\"><strong>2. Sosyal S\u00fcrd\u00fcr\u00fclebilirlik<\/strong>&nbsp;<\/h2>\n\n\n\n<figure class=\"wp-block-image\"><img loading=\"lazy\" decoding=\"async\" width=\"1072\" height=\"666\" src=\"https:\/\/www.quickcarbon.com\/tr\/wp-content\/uploads\/2024\/11\/2.-Sosyal-Su\u2560erdu\u2560eru\u2560elebilirlik.jpg\" alt=\"\" class=\"wp-image-1636\" srcset=\"https:\/\/www.quickcarbon.com\/tr\/wp-content\/uploads\/2024\/11\/2.-Sosyal-Su\u2560erdu\u2560eru\u2560elebilirlik.jpg 1072w, https:\/\/www.quickcarbon.com\/tr\/wp-content\/uploads\/2024\/11\/2.-Sosyal-Su\u2560erdu\u2560eru\u2560elebilirlik-300x186.jpg 300w, https:\/\/www.quickcarbon.com\/tr\/wp-content\/uploads\/2024\/11\/2.-Sosyal-Su\u2560erdu\u2560eru\u2560elebilirlik-1024x636.jpg 1024w, https:\/\/www.quickcarbon.com\/tr\/wp-content\/uploads\/2024\/11\/2.-Sosyal-Su\u2560erdu\u2560eru\u2560elebilirlik-768x477.jpg 768w\" sizes=\"auto, (max-width: 1072px) 100vw, 1072px\" \/><\/figure>\n\n\n\n<p>S\u00fcrd\u00fcr\u00fclebilirli\u011fin \u00fc\u00e7 temel dire\u011finden bir di\u011feri olan sosyal s\u00fcrd\u00fcr\u00fclebilirlik hem g\u00fcn\u00fcm\u00fczdeki hem gelecekteki nesillerin ya\u015fanabilir topluluklar olu\u015fturma kapasitesini kolayla\u015ft\u0131r\u0131r. Bir i\u015fletmenin sosyal olarak s\u00fcrd\u00fcr\u00fclebilir olup olmad\u0131\u011f\u0131n\u0131 etkili bir \u015fekilde belirleyen be\u015f sosyal s\u00fcrd\u00fcr\u00fclebilirlik boyutu vard\u0131r. Bunlar g\u00fcn\u00fcm\u00fczde n\u00fcfusun kar\u015f\u0131 kar\u015f\u0131ya oldu\u011fu sosyal s\u00fcrd\u00fcr\u00fclebilirlik konular\u0131 olarak da kabul edilebilir:&nbsp;<\/p>\n\n\n\n<ul class=\"wp-block-list\">\n<li><strong>Ya\u015fam Kalitesi:<\/strong> Ya\u015fam kalitesi hayat\u0131 derinlemesine ele alan kapsaml\u0131 bir kavramd\u0131r. Ya\u015fam kalitesini temsil eden \u00f6rnekler aras\u0131nda sa\u011fl\u0131k deste\u011fi, e\u011fitim, \u00f6\u011frenme f\u0131rsatlar\u0131, istihdam ve g\u00fcvenlik yer al\u0131r.\u00a0<\/li>\n\n\n\n<li><strong>E\u015fitlik:<\/strong> Belirli bir grubun imk\u00e2nlara e\u015fit eri\u015fim sa\u011flayamamas\u0131 sosyal s\u00fcrd\u00fcr\u00fclebilirlikte \u00f6nemli bir yere sahiptir. Bu gruplar\u0131n engelleri a\u015fmalar\u0131na ve kendi hayatlar\u0131 \u00fczerinde tam kontrol sahibi olmalar\u0131na yard\u0131mc\u0131 olmak gerekir. Bu kavram ayn\u0131 zamanda e\u015fitsizli\u011fin nedenlerinin belirlenmesini ve e\u015fitsizli\u011fi ortadan kald\u0131rmak i\u00e7in benimsenecek stratejilerin olu\u015fturulmas\u0131n\u0131 da i\u00e7erir.\u00a0<\/li>\n\n\n\n<li><strong>\u00c7e\u015fitlilik:<\/strong> \u00c7e\u015fitlili\u011fin faydalar\u0131ndan yararlanmak sosyal s\u00fcrd\u00fcr\u00fclebilirli\u011fin en \u00f6nemli y\u00f6nlerinden biridir. Farkl\u0131 gruplar\u0131n ihtiya\u00e7lar\u0131n\u0131 belirlemek, gereksinimlerini de\u011ferlendirmek ve topluluklarda farkl\u0131 bak\u0131\u015f a\u00e7\u0131lar\u0131n\u0131 te\u015fvik etmek \u00e7e\u015fitlilik boyutunun bile\u015fenleri aras\u0131nda yer al\u0131r.\u00a0<\/li>\n\n\n\n<li><strong>Y\u00f6neti\u015fim ve Demokrasi:<\/strong> Bu boyut s\u00fcrd\u00fcr\u00fclebilirlik programlar\u0131n\u0131n sorunsuz bir \u015fekilde i\u015flemesini sa\u011flar. Gereken b\u00fct\u00e7enin ve kaynaklar\u0131n tahsis edilmesinde \u00f6nemlidir.\u00a0<\/li>\n\n\n\n<li><strong>Sosyal B\u00fct\u00fcnl\u00fck:<\/strong> Toplumun her kesiminin kat\u0131l\u0131m\u0131n\u0131 te\u015fvik eden bu boyut, hedef gruplar\u0131n sivil ve kamu kurumlar\u0131na eri\u015fimini art\u0131rarak topluma katk\u0131da bulunmalar\u0131na yard\u0131mc\u0131 olur.\u00a0<\/li>\n<\/ul>\n\n\n\n<p>Sosyal s\u00fcrd\u00fcr\u00fclebilirlik konular\u0131 sosyal topluluklarda, okullarda ve i\u015f yerlerinde \u0131rk\u00e7\u0131l\u0131\u011f\u0131 ve ayr\u0131mc\u0131l\u0131\u011f\u0131 azaltmaya \u00e7al\u0131\u015f\u0131r. Herkese e\u015fit f\u0131rsatlar sunan ve \u00e7e\u015fitlilik i\u00e7eren bir toplulu\u011fun yarat\u0131lmas\u0131n\u0131 da destekler.&nbsp;&nbsp;<\/p>\n\n\n\n<h2 class=\"wp-block-heading\"><strong>3. \u00c7evresel S\u00fcrd\u00fcr\u00fclebilirlik<\/strong>&nbsp;<\/h2>\n\n\n\n<figure class=\"wp-block-image\"><img loading=\"lazy\" decoding=\"async\" width=\"1072\" height=\"666\" src=\"https:\/\/www.quickcarbon.com\/tr\/wp-content\/uploads\/2024\/11\/3.-C\u2560gevresel-Su\u2560erdu\u2560eru\u2560elebilirlik.jpg\" alt=\"\" class=\"wp-image-1637\" srcset=\"https:\/\/www.quickcarbon.com\/tr\/wp-content\/uploads\/2024\/11\/3.-C\u2560gevresel-Su\u2560erdu\u2560eru\u2560elebilirlik.jpg 1072w, https:\/\/www.quickcarbon.com\/tr\/wp-content\/uploads\/2024\/11\/3.-C\u2560gevresel-Su\u2560erdu\u2560eru\u2560elebilirlik-300x186.jpg 300w, https:\/\/www.quickcarbon.com\/tr\/wp-content\/uploads\/2024\/11\/3.-C\u2560gevresel-Su\u2560erdu\u2560eru\u2560elebilirlik-1024x636.jpg 1024w, https:\/\/www.quickcarbon.com\/tr\/wp-content\/uploads\/2024\/11\/3.-C\u2560gevresel-Su\u2560erdu\u2560eru\u2560elebilirlik-768x477.jpg 768w\" sizes=\"auto, (max-width: 1072px) 100vw, 1072px\" \/><\/figure>\n\n\n\n<p>Teknolojik geli\u015fmeler ve yenilikler refah\u0131n artmas\u0131n\u0131 sa\u011flarken ayn\u0131 zamanda do\u011fay\u0131 da etkiler. Zararlar\u0131n azalt\u0131lmas\u0131n\u0131 ama\u00e7layan \u00e7evresel s\u00fcrd\u00fcr\u00fclebilirlik sa\u011fl\u0131\u011f\u0131 ve refah\u0131 desteklemek i\u00e7in do\u011fal kaynaklar\u0131n ve k\u00fcresel ekosistemlerin korunmas\u0131 \u00fczerine bir dizi uygulama i\u00e7erir.&nbsp;<\/p>\n\n\n\n<p>\u00c7evresel s\u00fcrd\u00fcr\u00fclebilirli\u011fin temel unsurlar\u0131ndan biri ileriye d\u00f6n\u00fck do\u011fas\u0131d\u0131r. ABD \u00c7evre Koruma Ajans\u0131 \u00e7evresel s\u00fcrd\u00fcr\u00fclebilirli\u011fi &#8220;gelecek nesillerin ihtiya\u00e7lar\u0131n\u0131 kar\u015f\u0131layabilme ihtimalini tehlikeye atmadan bug\u00fcn\u00fcn ihtiya\u00e7lar\u0131n\u0131 kar\u015f\u0131lamak.&#8221; olarak <a href=\"https:\/\/www.epa.gov\/report-environment\/sustainability-and-roe\" target=\"_blank\" rel=\"noreferrer noopener\">tan\u0131mlar<\/a>.&nbsp;<\/p>\n\n\n\n<p>Gezegenimizin \u00fczerindeki karalar\u0131n yakla\u015f\u0131k %75&#8217;i ve denizlerin %40&#8217;\u0131 d\u00fcnya \u00e7ap\u0131nda ciddi \u015fekilde de\u011fi\u015fmi\u015f durumdad\u0131r. Avrupa da d\u00e2hil olmak \u00fczere biyolojik \u00e7e\u015fitlilik \u00e7ok h\u0131zl\u0131 bir \u015fekilde kaybolurken \u00e7evre kirlili\u011fi ve iklim de\u011fi\u015fikli\u011fi ani ve geri d\u00f6nd\u00fcr\u00fclemez de\u011fi\u015fimlere yol a\u00e7ar. Gelecekte g\u0131da, toprak ve su gibi temel gerekliliklerin tehlikeye girme endi\u015fesi t\u00fcm d\u00fcnyada hissedilir. Bu tehlikelere kar\u015f\u0131 uygulanmas\u0131 gereken \u00e7evresel s\u00fcrd\u00fcr\u00fclebilirlik politikalar\u0131n\u0131n faydalar\u0131 \u015fu \u015fekilde s\u0131ralanabilir:&nbsp;<\/p>\n\n\n\n<p><strong>Gelecekte Malzeme Bulabilmek:<\/strong> Do\u011fal kaynaklar\u0131 \u00e7\u0131karma ve kullanma konusunda s\u00fcrd\u00fcr\u00fclebilir bir yakla\u015f\u0131m benimsemek bu kaynaklar\u0131n gelecekte de kullan\u0131labilmesine olanak tan\u0131r. Do\u011fal kaynaklar\u0131n kullan\u0131m\u0131n\u0131 s\u0131n\u0131rlamak, onlar\u0131 verimli bir \u015fekilde kullanmak ve m\u00fcmk\u00fcn oldu\u011funda geri d\u00f6n\u00fc\u015ft\u00fcrmek gelecek nesillerin ayn\u0131 oranda yararlanmas\u0131n\u0131 sa\u011flar. G\u0131da ve su gibi kaynaklar insanlar\u0131n hayatta kalmas\u0131 i\u00e7in zaruri oldu\u011fundan toplumlar\u0131n bunlar\u0131 korumas\u0131 ve gelece\u011fe aktarmas\u0131 son derece \u00f6nemlidir.\u00a0<\/p>\n\n\n\n<p><strong>Daha D\u00fc\u015f\u00fck Maliyetler:<\/strong> S\u00fcrd\u00fcr\u00fclebilir olmayan uygulamalar i\u015fletmelerin ve t\u00fcketicilerin k\u0131sa vadede maliyet tasarrufu yapmalar\u0131na yard\u0131mc\u0131 olsa da bu tasarruf yaln\u0131zca s\u00f6z konusu kaynaklar bol ve ucuz oldu\u011funda m\u00fcmk\u00fcnd\u00fcr. S\u00fcrd\u00fcr\u00fclebilir olmayan \u00e7\u0131karma ve \u00fcretim y\u00f6ntemleri bu kaynaklar\u0131n t\u00fckenmesine sebep olabilir. B\u00f6ylece k\u0131tl\u0131k ortaya \u00e7\u0131kar ve gelecekte bu kaynaklar \u00e7ok daha pahal\u0131 h\u00e2le gelir. Maddi kaynaklar\u0131n uzun vadeli kullan\u0131m\u0131n\u0131 m\u00fcmk\u00fcn k\u0131lan s\u00fcrd\u00fcr\u00fclebilir uygulamalar uzun vadede maliyetleri d\u00fc\u015f\u00fcrebilir veya koruyabilir. Teknolojik geli\u015fmeler de buna katk\u0131da bulunur.\u00a0<\/p>\n\n\n\n<p><strong>Koruma:<\/strong> Do\u011fal ortamlar bir\u00e7ok insan\u0131n keyifli vakit ge\u00e7irdi\u011fi, rahatlad\u0131\u011f\u0131 ve \u00e7e\u015fitli aktiviteler yapt\u0131\u011f\u0131 alanlard\u0131r. Ormanlar, plajlar, da\u011flar, \u00e7\u00f6ller ve nehirler bu do\u011fal ortamlar aras\u0131nda yer al\u0131r. Turizm sekt\u00f6r\u00fc, a\u00e7\u0131k hava aktiviteleri ve su sporlar\u0131 gibi bir\u00e7ok end\u00fcstri bu ortamlar\u0131n s\u00fcreklili\u011fine ba\u011fl\u0131d\u0131r. S\u00fcrd\u00fcr\u00fclebilir uygulamalar do\u011fal ortamlar\u0131n korunmas\u0131na katk\u0131da bulunur. B\u00f6ylece insanlar bu ortamlarda keyifli vakit ge\u00e7irmeye, i\u015fleri bu ortamlara ba\u011fl\u0131 olanlar da ge\u00e7im kaynaklar\u0131n\u0131 korumaya devam edebilir.\u00a0<\/p>\n\n\n\n<p>S\u00fcrd\u00fcr\u00fclebilirli\u011fin farkl\u0131 boyutlar\u0131n\u0131n birbirleriyle ili\u015fkili oldu\u011funu unutmamak gerekir. \u00d6zellikle \u00e7evresel ve ekonomik boyutlar aras\u0131nda g\u00fc\u00e7l\u00fc bir ba\u011f vard\u0131r. Sorumlu kaynak y\u00f6netimi gibi do\u011fru \u00e7evresel s\u00fcrd\u00fcr\u00fclebilirlik uygulamalar\u0131 ekonomik istikrar\u0131 ve g\u0131da tedarik zincirini s\u00fcrd\u00fcrmek i\u00e7in gereklidir. D\u00fc\u015f\u00fck karbon ekonomisine ge\u00e7i\u015f ve s\u00fcrd\u00fcr\u00fclebilir uygulamalar\u0131 benimseme stratejileri ekonomik f\u0131rsatlar yaratabilir, inovasyonu te\u015fvik edebilir ve i\u015fletmelerin rekabet g\u00fcc\u00fcn\u00fc art\u0131rabilir.&nbsp;<\/p>\n\n\n\n<h2 class=\"wp-block-heading\"><strong>S\u00fcrd\u00fcr\u00fclebilir Bir Gelecek i\u00e7in: QuickCarbon<\/strong>&nbsp;<\/h2>\n\n\n\n<p>Ekonomik, \u00e7evresel ve sosyal boyutlar\u0131yla s\u00fcrd\u00fcr\u00fclebilirli\u011fi sa\u011flamak her i\u015fletmeye uzun veya k\u0131sa vadeli bir\u00e7ok fayda getirir. Kullan\u0131c\u0131 dostu yaz\u0131l\u0131m\u0131yla size b\u00fcy\u00fck bir kolayl\u0131k sunan <a href=\"https:\/\/www.quickcarbon.com\/\" target=\"_blank\" rel=\"noreferrer noopener\">QuickCarbon<\/a>, i\u015fletmenizin kurumsal ayak izini ISO 14064-1:2018 Standard\u0131 ve GHG Protokol\u00fc kapsam\u0131nda hesaplar ve raporlayarak size bildirir. QuickCarbon Yaz\u0131l\u0131m\u0131 ve Kurumsal Karbon Ayak \u0130zi e\u011fitimlerinin yan\u0131 s\u0131ra teknik ekip deste\u011finden de faydalanabilir, t\u00fcm s\u00fcreci profesyonel bir \u015fekilde y\u00f6netebilirsiniz. Siz de i\u015fletmenizi daha s\u00fcrd\u00fcr\u00fclebilir h\u00e2le getirmek i\u00e7in QuickCarbon\u2019un etkin \u00e7\u00f6z\u00fcmlerinden hemen faydalanabilirsiniz.&nbsp;<\/p>\n","protected":false},"excerpt":{"rendered":"<p>Ekosistemin ve do\u011fal kaynaklar\u0131n korunmas\u0131nda b\u00fcy\u00fck \u00f6nemi olan s\u00fcrd\u00fcr\u00fclebilirlik \u00fc\u00e7 boyutta ele al\u0131nabilir. Hem g\u00fcn\u00fcm\u00fcz toplumlar\u0131n\u0131n hem gelecek nesillerin insana yara\u015f\u0131r \u015fartlarda iyi bir hayat s\u00fcrd\u00fcrmesi ve D\u00fcnya&#8217;n\u0131n kaynaklar\u0131ndan \u00f6nceki nesillerle e\u015fit d\u00fczeyde faydalanmalar\u0131n\u0131 sa\u011flamak \u00f6nemlidir. Bunun i\u00e7in ekonomik, sosyal ve \u00e7evresel s\u00fcrd\u00fcr\u00fclebilirlik boyutlar\u0131n\u0131n bir arada uygulanmas\u0131 gerekir. Gelin, bireysel fark\u0131ndal\u0131k kazanmak \u00fczere s\u00fcrd\u00fcr\u00fclebilirli\u011fin \u00fc\u00e7 boyutunu detayl\u0131 bir \u015fekilde ele alal\u0131m.\u00a0<\/p>\n","protected":false},"author":3,"featured_media":1634,"comment_status":"closed","ping_status":"open","sticky":false,"template":"","format":"standard","meta":{"footnotes":""},"categories":[1],"tags":[94],"class_list":["post-1633","post","type-post","status-publish","format-standard","has-post-thumbnail","hentry","category-genel","tag-surdurulebilir-gelecek"],"yoast_head":"<!-- This site is optimized with the Yoast SEO plugin v25.6 - https:\/\/yoast.com\/wordpress\/plugins\/seo\/ -->\n<title>S\u00fcrd\u00fcr\u00fclebilirli\u011fin \u00dc\u00e7 Boyutu\u00a0 - QuickCarbon<\/title>\n<meta name=\"description\" content=\"Ekosistemin ve do\u011fal kaynaklar\u0131n korunmas\u0131nda b\u00fcy\u00fck \u00f6nemi olan s\u00fcrd\u00fcr\u00fclebilirlik \u00fc\u00e7 boyutta ele al\u0131nabilir. Hem g\u00fcn\u00fcm\u00fcz toplumlar\u0131n\u0131n hem gelecek nesillerin insana yara\u015f\u0131r \u015fartlarda iyi bir hayat s\u00fcrd\u00fcrmesi ve D\u00fcnya&#039;n\u0131n kaynaklar\u0131ndan \u00f6nceki nesillerle e\u015fit d\u00fczeyde faydalanmalar\u0131n\u0131 sa\u011flamak \u00f6nemlidir. Bunun i\u00e7in ekonomik, sosyal ve \u00e7evresel s\u00fcrd\u00fcr\u00fclebilirlik boyutlar\u0131n\u0131n bir arada uygulanmas\u0131 gerekir. Gelin, bireysel fark\u0131ndal\u0131k kazanmak \u00fczere s\u00fcrd\u00fcr\u00fclebilirli\u011fin \u00fc\u00e7 boyutunu detayl\u0131 bir \u015fekilde ele alal\u0131m.\u00a0\" \/>\n<meta name=\"robots\" content=\"index, follow, max-snippet:-1, max-image-preview:large, max-video-preview:-1\" \/>\n<link rel=\"canonical\" href=\"https:\/\/www.quickcarbon.com\/tr\/blog\/surdurulebilirligin-uc-boyutu\/\" \/>\n<meta property=\"og:locale\" content=\"tr_TR\" \/>\n<meta property=\"og:type\" content=\"article\" \/>\n<meta property=\"og:title\" content=\"S\u00fcrd\u00fcr\u00fclebilirli\u011fin \u00dc\u00e7 Boyutu\u00a0 - QuickCarbon\" \/>\n<meta property=\"og:description\" content=\"Ekosistemin ve do\u011fal kaynaklar\u0131n korunmas\u0131nda b\u00fcy\u00fck \u00f6nemi olan s\u00fcrd\u00fcr\u00fclebilirlik \u00fc\u00e7 boyutta ele al\u0131nabilir. Hem g\u00fcn\u00fcm\u00fcz toplumlar\u0131n\u0131n hem gelecek nesillerin insana yara\u015f\u0131r \u015fartlarda iyi bir hayat s\u00fcrd\u00fcrmesi ve D\u00fcnya&#039;n\u0131n kaynaklar\u0131ndan \u00f6nceki nesillerle e\u015fit d\u00fczeyde faydalanmalar\u0131n\u0131 sa\u011flamak \u00f6nemlidir. Bunun i\u00e7in ekonomik, sosyal ve \u00e7evresel s\u00fcrd\u00fcr\u00fclebilirlik boyutlar\u0131n\u0131n bir arada uygulanmas\u0131 gerekir. Gelin, bireysel fark\u0131ndal\u0131k kazanmak \u00fczere s\u00fcrd\u00fcr\u00fclebilirli\u011fin \u00fc\u00e7 boyutunu detayl\u0131 bir \u015fekilde ele alal\u0131m.\u00a0\" \/>\n<meta property=\"og:url\" content=\"https:\/\/www.quickcarbon.com\/tr\/blog\/surdurulebilirligin-uc-boyutu\/\" \/>\n<meta property=\"og:site_name\" content=\"QuickCarbon\" \/>\n<meta property=\"article:publisher\" content=\"https:\/\/www.facebook.com\/quickcarbon\/\" \/>\n<meta property=\"article:published_time\" content=\"2024-11-04T06:00:00+00:00\" \/>\n<meta property=\"og:image\" content=\"https:\/\/www.quickcarbon.com\/tr\/wp-content\/uploads\/2024\/11\/8_Kapak-Gorsel.jpg\" \/>\n\t<meta property=\"og:image:width\" content=\"1072\" \/>\n\t<meta property=\"og:image:height\" content=\"666\" \/>\n\t<meta property=\"og:image:type\" content=\"image\/jpeg\" \/>\n<meta name=\"author\" content=\"Elif Akko\u00e7\" \/>\n<meta name=\"twitter:card\" content=\"summary_large_image\" \/>\n<meta name=\"twitter:creator\" content=\"@QuickCarbon_Tr\" \/>\n<meta name=\"twitter:site\" content=\"@QuickCarbon_Tr\" \/>\n<meta name=\"twitter:label1\" content=\"Written by\" \/>\n\t<meta name=\"twitter:data1\" content=\"Elif Akko\u00e7\" \/>\n\t<meta name=\"twitter:label2\" content=\"Est. reading time\" \/>\n\t<meta name=\"twitter:data2\" content=\"7 dakika\" \/>\n<script type=\"application\/ld+json\" class=\"yoast-schema-graph\">{\"@context\":\"https:\/\/schema.org\",\"@graph\":[{\"@type\":[\"Article\",\"BlogPosting\"],\"@id\":\"https:\/\/www.quickcarbon.com\/tr\/blog\/surdurulebilirligin-uc-boyutu\/#article\",\"isPartOf\":{\"@id\":\"https:\/\/www.quickcarbon.com\/tr\/blog\/surdurulebilirligin-uc-boyutu\/\"},\"author\":{\"name\":\"Elif Akko\u00e7\",\"@id\":\"https:\/\/www.quickcarbon.com\/tr\/#\/schema\/person\/e9ff9b7b560010798b00c0355cb606f1\"},\"headline\":\"S\u00fcrd\u00fcr\u00fclebilirli\u011fin \u00dc\u00e7 Boyutu\u00a0\",\"datePublished\":\"2024-11-04T06:00:00+00:00\",\"mainEntityOfPage\":{\"@id\":\"https:\/\/www.quickcarbon.com\/tr\/blog\/surdurulebilirligin-uc-boyutu\/\"},\"wordCount\":1625,\"publisher\":{\"@id\":\"https:\/\/www.quickcarbon.com\/tr\/#organization\"},\"image\":{\"@id\":\"https:\/\/www.quickcarbon.com\/tr\/blog\/surdurulebilirligin-uc-boyutu\/#primaryimage\"},\"thumbnailUrl\":\"https:\/\/www.quickcarbon.com\/tr\/wp-content\/uploads\/2024\/11\/8_Kapak-Gorsel.jpg\",\"keywords\":[\"s\u00fcrd\u00fcr\u00fclebilir gelecek\"],\"inLanguage\":\"tr\"},{\"@type\":\"WebPage\",\"@id\":\"https:\/\/www.quickcarbon.com\/tr\/blog\/surdurulebilirligin-uc-boyutu\/\",\"url\":\"https:\/\/www.quickcarbon.com\/tr\/blog\/surdurulebilirligin-uc-boyutu\/\",\"name\":\"S\u00fcrd\u00fcr\u00fclebilirli\u011fin \u00dc\u00e7 Boyutu\u00a0 - QuickCarbon\",\"isPartOf\":{\"@id\":\"https:\/\/www.quickcarbon.com\/tr\/#website\"},\"primaryImageOfPage\":{\"@id\":\"https:\/\/www.quickcarbon.com\/tr\/blog\/surdurulebilirligin-uc-boyutu\/#primaryimage\"},\"image\":{\"@id\":\"https:\/\/www.quickcarbon.com\/tr\/blog\/surdurulebilirligin-uc-boyutu\/#primaryimage\"},\"thumbnailUrl\":\"https:\/\/www.quickcarbon.com\/tr\/wp-content\/uploads\/2024\/11\/8_Kapak-Gorsel.jpg\",\"datePublished\":\"2024-11-04T06:00:00+00:00\",\"description\":\"Ekosistemin ve do\u011fal kaynaklar\u0131n korunmas\u0131nda b\u00fcy\u00fck \u00f6nemi olan s\u00fcrd\u00fcr\u00fclebilirlik \u00fc\u00e7 boyutta ele al\u0131nabilir. Hem g\u00fcn\u00fcm\u00fcz toplumlar\u0131n\u0131n hem gelecek nesillerin insana yara\u015f\u0131r \u015fartlarda iyi bir hayat s\u00fcrd\u00fcrmesi ve D\u00fcnya'n\u0131n kaynaklar\u0131ndan \u00f6nceki nesillerle e\u015fit d\u00fczeyde faydalanmalar\u0131n\u0131 sa\u011flamak \u00f6nemlidir. Bunun i\u00e7in ekonomik, sosyal ve \u00e7evresel s\u00fcrd\u00fcr\u00fclebilirlik boyutlar\u0131n\u0131n bir arada uygulanmas\u0131 gerekir. Gelin, bireysel fark\u0131ndal\u0131k kazanmak \u00fczere s\u00fcrd\u00fcr\u00fclebilirli\u011fin \u00fc\u00e7 boyutunu detayl\u0131 bir \u015fekilde ele alal\u0131m.\u00a0\",\"breadcrumb\":{\"@id\":\"https:\/\/www.quickcarbon.com\/tr\/blog\/surdurulebilirligin-uc-boyutu\/#breadcrumb\"},\"inLanguage\":\"tr\",\"potentialAction\":[{\"@type\":\"ReadAction\",\"target\":[\"https:\/\/www.quickcarbon.com\/tr\/blog\/surdurulebilirligin-uc-boyutu\/\"]}]},{\"@type\":\"ImageObject\",\"inLanguage\":\"tr\",\"@id\":\"https:\/\/www.quickcarbon.com\/tr\/blog\/surdurulebilirligin-uc-boyutu\/#primaryimage\",\"url\":\"https:\/\/www.quickcarbon.com\/tr\/wp-content\/uploads\/2024\/11\/8_Kapak-Gorsel.jpg\",\"contentUrl\":\"https:\/\/www.quickcarbon.com\/tr\/wp-content\/uploads\/2024\/11\/8_Kapak-Gorsel.jpg\",\"width\":1072,\"height\":666},{\"@type\":\"BreadcrumbList\",\"@id\":\"https:\/\/www.quickcarbon.com\/tr\/blog\/surdurulebilirligin-uc-boyutu\/#breadcrumb\",\"itemListElement\":[{\"@type\":\"ListItem\",\"position\":1,\"name\":\"Ana Sayfa\",\"item\":\"https:\/\/www.quickcarbon.com\/tr\/\"},{\"@type\":\"ListItem\",\"position\":2,\"name\":\"S\u00fcrd\u00fcr\u00fclebilirli\u011fin \u00dc\u00e7 Boyutu\u00a0\"}]},{\"@type\":\"WebSite\",\"@id\":\"https:\/\/www.quickcarbon.com\/tr\/#website\",\"url\":\"https:\/\/www.quickcarbon.com\/tr\/\",\"name\":\"QuickCarbon\",\"description\":\"Take Control of Your Corporate Carbon Footprint\",\"publisher\":{\"@id\":\"https:\/\/www.quickcarbon.com\/tr\/#organization\"},\"alternateName\":\"QC\",\"potentialAction\":[{\"@type\":\"SearchAction\",\"target\":{\"@type\":\"EntryPoint\",\"urlTemplate\":\"https:\/\/www.quickcarbon.com\/tr\/?s={search_term_string}\"},\"query-input\":{\"@type\":\"PropertyValueSpecification\",\"valueRequired\":true,\"valueName\":\"search_term_string\"}}],\"inLanguage\":\"tr\"},{\"@type\":\"Organization\",\"@id\":\"https:\/\/www.quickcarbon.com\/tr\/#organization\",\"name\":\"QuickCarbon\",\"alternateName\":\"QC\",\"url\":\"https:\/\/www.quickcarbon.com\/tr\/\",\"logo\":{\"@type\":\"ImageObject\",\"inLanguage\":\"tr\",\"@id\":\"https:\/\/www.quickcarbon.com\/tr\/#\/schema\/logo\/image\/\",\"url\":\"https:\/\/www.quickcarbon.com\/tr\/wp-content\/uploads\/2023\/09\/cropped-qc_favicon-1.png\",\"contentUrl\":\"https:\/\/www.quickcarbon.com\/tr\/wp-content\/uploads\/2023\/09\/cropped-qc_favicon-1.png\",\"width\":512,\"height\":512,\"caption\":\"QuickCarbon\"},\"image\":{\"@id\":\"https:\/\/www.quickcarbon.com\/tr\/#\/schema\/logo\/image\/\"},\"sameAs\":[\"https:\/\/www.facebook.com\/quickcarbon\/\",\"https:\/\/x.com\/QuickCarbon_Tr\",\"https:\/\/www.instagram.com\/quickcarbon_official\/\",\"https:\/\/www.linkedin.com\/showcase\/quickcarbon-\/\"]},{\"@type\":\"Person\",\"@id\":\"https:\/\/www.quickcarbon.com\/tr\/#\/schema\/person\/e9ff9b7b560010798b00c0355cb606f1\",\"name\":\"Elif Akko\u00e7\",\"image\":{\"@type\":\"ImageObject\",\"inLanguage\":\"tr\",\"@id\":\"https:\/\/www.quickcarbon.com\/tr\/#\/schema\/person\/image\/\",\"url\":\"https:\/\/secure.gravatar.com\/avatar\/1419d3d4829046468ad9f261eb84b5e321805c1b4084d3d1c85c0de62b0330de?s=96&d=mm&r=g\",\"contentUrl\":\"https:\/\/secure.gravatar.com\/avatar\/1419d3d4829046468ad9f261eb84b5e321805c1b4084d3d1c85c0de62b0330de?s=96&d=mm&r=g\",\"caption\":\"Elif Akko\u00e7\"},\"sameAs\":[\"https:\/\/www.quickcarbon.com\/\"]}]}<\/script>\n<!-- \/ Yoast SEO plugin. -->","yoast_head_json":{"title":"S\u00fcrd\u00fcr\u00fclebilirli\u011fin \u00dc\u00e7 Boyutu\u00a0 - QuickCarbon","description":"Ekosistemin ve do\u011fal kaynaklar\u0131n korunmas\u0131nda b\u00fcy\u00fck \u00f6nemi olan s\u00fcrd\u00fcr\u00fclebilirlik \u00fc\u00e7 boyutta ele al\u0131nabilir. Hem g\u00fcn\u00fcm\u00fcz toplumlar\u0131n\u0131n hem gelecek nesillerin insana yara\u015f\u0131r \u015fartlarda iyi bir hayat s\u00fcrd\u00fcrmesi ve D\u00fcnya'n\u0131n kaynaklar\u0131ndan \u00f6nceki nesillerle e\u015fit d\u00fczeyde faydalanmalar\u0131n\u0131 sa\u011flamak \u00f6nemlidir. Bunun i\u00e7in ekonomik, sosyal ve \u00e7evresel s\u00fcrd\u00fcr\u00fclebilirlik boyutlar\u0131n\u0131n bir arada uygulanmas\u0131 gerekir. Gelin, bireysel fark\u0131ndal\u0131k kazanmak \u00fczere s\u00fcrd\u00fcr\u00fclebilirli\u011fin \u00fc\u00e7 boyutunu detayl\u0131 bir \u015fekilde ele alal\u0131m.\u00a0","robots":{"index":"index","follow":"follow","max-snippet":"max-snippet:-1","max-image-preview":"max-image-preview:large","max-video-preview":"max-video-preview:-1"},"canonical":"https:\/\/www.quickcarbon.com\/tr\/blog\/surdurulebilirligin-uc-boyutu\/","og_locale":"tr_TR","og_type":"article","og_title":"S\u00fcrd\u00fcr\u00fclebilirli\u011fin \u00dc\u00e7 Boyutu\u00a0 - QuickCarbon","og_description":"Ekosistemin ve do\u011fal kaynaklar\u0131n korunmas\u0131nda b\u00fcy\u00fck \u00f6nemi olan s\u00fcrd\u00fcr\u00fclebilirlik \u00fc\u00e7 boyutta ele al\u0131nabilir. Hem g\u00fcn\u00fcm\u00fcz toplumlar\u0131n\u0131n hem gelecek nesillerin insana yara\u015f\u0131r \u015fartlarda iyi bir hayat s\u00fcrd\u00fcrmesi ve D\u00fcnya'n\u0131n kaynaklar\u0131ndan \u00f6nceki nesillerle e\u015fit d\u00fczeyde faydalanmalar\u0131n\u0131 sa\u011flamak \u00f6nemlidir. Bunun i\u00e7in ekonomik, sosyal ve \u00e7evresel s\u00fcrd\u00fcr\u00fclebilirlik boyutlar\u0131n\u0131n bir arada uygulanmas\u0131 gerekir. Gelin, bireysel fark\u0131ndal\u0131k kazanmak \u00fczere s\u00fcrd\u00fcr\u00fclebilirli\u011fin \u00fc\u00e7 boyutunu detayl\u0131 bir \u015fekilde ele alal\u0131m.\u00a0","og_url":"https:\/\/www.quickcarbon.com\/tr\/blog\/surdurulebilirligin-uc-boyutu\/","og_site_name":"QuickCarbon","article_publisher":"https:\/\/www.facebook.com\/quickcarbon\/","article_published_time":"2024-11-04T06:00:00+00:00","og_image":[{"width":1072,"height":666,"url":"https:\/\/www.quickcarbon.com\/tr\/wp-content\/uploads\/2024\/11\/8_Kapak-Gorsel.jpg","type":"image\/jpeg"}],"author":"Elif Akko\u00e7","twitter_card":"summary_large_image","twitter_creator":"@QuickCarbon_Tr","twitter_site":"@QuickCarbon_Tr","twitter_misc":{"Written by":"Elif Akko\u00e7","Est. reading time":"7 dakika"},"schema":{"@context":"https:\/\/schema.org","@graph":[{"@type":["Article","BlogPosting"],"@id":"https:\/\/www.quickcarbon.com\/tr\/blog\/surdurulebilirligin-uc-boyutu\/#article","isPartOf":{"@id":"https:\/\/www.quickcarbon.com\/tr\/blog\/surdurulebilirligin-uc-boyutu\/"},"author":{"name":"Elif Akko\u00e7","@id":"https:\/\/www.quickcarbon.com\/tr\/#\/schema\/person\/e9ff9b7b560010798b00c0355cb606f1"},"headline":"S\u00fcrd\u00fcr\u00fclebilirli\u011fin \u00dc\u00e7 Boyutu\u00a0","datePublished":"2024-11-04T06:00:00+00:00","mainEntityOfPage":{"@id":"https:\/\/www.quickcarbon.com\/tr\/blog\/surdurulebilirligin-uc-boyutu\/"},"wordCount":1625,"publisher":{"@id":"https:\/\/www.quickcarbon.com\/tr\/#organization"},"image":{"@id":"https:\/\/www.quickcarbon.com\/tr\/blog\/surdurulebilirligin-uc-boyutu\/#primaryimage"},"thumbnailUrl":"https:\/\/www.quickcarbon.com\/tr\/wp-content\/uploads\/2024\/11\/8_Kapak-Gorsel.jpg","keywords":["s\u00fcrd\u00fcr\u00fclebilir gelecek"],"inLanguage":"tr"},{"@type":"WebPage","@id":"https:\/\/www.quickcarbon.com\/tr\/blog\/surdurulebilirligin-uc-boyutu\/","url":"https:\/\/www.quickcarbon.com\/tr\/blog\/surdurulebilirligin-uc-boyutu\/","name":"S\u00fcrd\u00fcr\u00fclebilirli\u011fin \u00dc\u00e7 Boyutu\u00a0 - QuickCarbon","isPartOf":{"@id":"https:\/\/www.quickcarbon.com\/tr\/#website"},"primaryImageOfPage":{"@id":"https:\/\/www.quickcarbon.com\/tr\/blog\/surdurulebilirligin-uc-boyutu\/#primaryimage"},"image":{"@id":"https:\/\/www.quickcarbon.com\/tr\/blog\/surdurulebilirligin-uc-boyutu\/#primaryimage"},"thumbnailUrl":"https:\/\/www.quickcarbon.com\/tr\/wp-content\/uploads\/2024\/11\/8_Kapak-Gorsel.jpg","datePublished":"2024-11-04T06:00:00+00:00","description":"Ekosistemin ve do\u011fal kaynaklar\u0131n korunmas\u0131nda b\u00fcy\u00fck \u00f6nemi olan s\u00fcrd\u00fcr\u00fclebilirlik \u00fc\u00e7 boyutta ele al\u0131nabilir. Hem g\u00fcn\u00fcm\u00fcz toplumlar\u0131n\u0131n hem gelecek nesillerin insana yara\u015f\u0131r \u015fartlarda iyi bir hayat s\u00fcrd\u00fcrmesi ve D\u00fcnya'n\u0131n kaynaklar\u0131ndan \u00f6nceki nesillerle e\u015fit d\u00fczeyde faydalanmalar\u0131n\u0131 sa\u011flamak \u00f6nemlidir. Bunun i\u00e7in ekonomik, sosyal ve \u00e7evresel s\u00fcrd\u00fcr\u00fclebilirlik boyutlar\u0131n\u0131n bir arada uygulanmas\u0131 gerekir. Gelin, bireysel fark\u0131ndal\u0131k kazanmak \u00fczere s\u00fcrd\u00fcr\u00fclebilirli\u011fin \u00fc\u00e7 boyutunu detayl\u0131 bir \u015fekilde ele alal\u0131m.\u00a0","breadcrumb":{"@id":"https:\/\/www.quickcarbon.com\/tr\/blog\/surdurulebilirligin-uc-boyutu\/#breadcrumb"},"inLanguage":"tr","potentialAction":[{"@type":"ReadAction","target":["https:\/\/www.quickcarbon.com\/tr\/blog\/surdurulebilirligin-uc-boyutu\/"]}]},{"@type":"ImageObject","inLanguage":"tr","@id":"https:\/\/www.quickcarbon.com\/tr\/blog\/surdurulebilirligin-uc-boyutu\/#primaryimage","url":"https:\/\/www.quickcarbon.com\/tr\/wp-content\/uploads\/2024\/11\/8_Kapak-Gorsel.jpg","contentUrl":"https:\/\/www.quickcarbon.com\/tr\/wp-content\/uploads\/2024\/11\/8_Kapak-Gorsel.jpg","width":1072,"height":666},{"@type":"BreadcrumbList","@id":"https:\/\/www.quickcarbon.com\/tr\/blog\/surdurulebilirligin-uc-boyutu\/#breadcrumb","itemListElement":[{"@type":"ListItem","position":1,"name":"Ana Sayfa","item":"https:\/\/www.quickcarbon.com\/tr\/"},{"@type":"ListItem","position":2,"name":"S\u00fcrd\u00fcr\u00fclebilirli\u011fin \u00dc\u00e7 Boyutu\u00a0"}]},{"@type":"WebSite","@id":"https:\/\/www.quickcarbon.com\/tr\/#website","url":"https:\/\/www.quickcarbon.com\/tr\/","name":"QuickCarbon","description":"Take Control of Your Corporate Carbon Footprint","publisher":{"@id":"https:\/\/www.quickcarbon.com\/tr\/#organization"},"alternateName":"QC","potentialAction":[{"@type":"SearchAction","target":{"@type":"EntryPoint","urlTemplate":"https:\/\/www.quickcarbon.com\/tr\/?s={search_term_string}"},"query-input":{"@type":"PropertyValueSpecification","valueRequired":true,"valueName":"search_term_string"}}],"inLanguage":"tr"},{"@type":"Organization","@id":"https:\/\/www.quickcarbon.com\/tr\/#organization","name":"QuickCarbon","alternateName":"QC","url":"https:\/\/www.quickcarbon.com\/tr\/","logo":{"@type":"ImageObject","inLanguage":"tr","@id":"https:\/\/www.quickcarbon.com\/tr\/#\/schema\/logo\/image\/","url":"https:\/\/www.quickcarbon.com\/tr\/wp-content\/uploads\/2023\/09\/cropped-qc_favicon-1.png","contentUrl":"https:\/\/www.quickcarbon.com\/tr\/wp-content\/uploads\/2023\/09\/cropped-qc_favicon-1.png","width":512,"height":512,"caption":"QuickCarbon"},"image":{"@id":"https:\/\/www.quickcarbon.com\/tr\/#\/schema\/logo\/image\/"},"sameAs":["https:\/\/www.facebook.com\/quickcarbon\/","https:\/\/x.com\/QuickCarbon_Tr","https:\/\/www.instagram.com\/quickcarbon_official\/","https:\/\/www.linkedin.com\/showcase\/quickcarbon-\/"]},{"@type":"Person","@id":"https:\/\/www.quickcarbon.com\/tr\/#\/schema\/person\/e9ff9b7b560010798b00c0355cb606f1","name":"Elif Akko\u00e7","image":{"@type":"ImageObject","inLanguage":"tr","@id":"https:\/\/www.quickcarbon.com\/tr\/#\/schema\/person\/image\/","url":"https:\/\/secure.gravatar.com\/avatar\/1419d3d4829046468ad9f261eb84b5e321805c1b4084d3d1c85c0de62b0330de?s=96&d=mm&r=g","contentUrl":"https:\/\/secure.gravatar.com\/avatar\/1419d3d4829046468ad9f261eb84b5e321805c1b4084d3d1c85c0de62b0330de?s=96&d=mm&r=g","caption":"Elif Akko\u00e7"},"sameAs":["https:\/\/www.quickcarbon.com\/"]}]}},"_links":{"self":[{"href":"https:\/\/www.quickcarbon.com\/tr\/wp-json\/wp\/v2\/posts\/1633","targetHints":{"allow":["GET"]}}],"collection":[{"href":"https:\/\/www.quickcarbon.com\/tr\/wp-json\/wp\/v2\/posts"}],"about":[{"href":"https:\/\/www.quickcarbon.com\/tr\/wp-json\/wp\/v2\/types\/post"}],"author":[{"embeddable":true,"href":"https:\/\/www.quickcarbon.com\/tr\/wp-json\/wp\/v2\/users\/3"}],"replies":[{"embeddable":true,"href":"https:\/\/www.quickcarbon.com\/tr\/wp-json\/wp\/v2\/comments?post=1633"}],"version-history":[{"count":1,"href":"https:\/\/www.quickcarbon.com\/tr\/wp-json\/wp\/v2\/posts\/1633\/revisions"}],"predecessor-version":[{"id":1638,"href":"https:\/\/www.quickcarbon.com\/tr\/wp-json\/wp\/v2\/posts\/1633\/revisions\/1638"}],"wp:featuredmedia":[{"embeddable":true,"href":"https:\/\/www.quickcarbon.com\/tr\/wp-json\/wp\/v2\/media\/1634"}],"wp:attachment":[{"href":"https:\/\/www.quickcarbon.com\/tr\/wp-json\/wp\/v2\/media?parent=1633"}],"wp:term":[{"taxonomy":"category","embeddable":true,"href":"https:\/\/www.quickcarbon.com\/tr\/wp-json\/wp\/v2\/categories?post=1633"},{"taxonomy":"post_tag","embeddable":true,"href":"https:\/\/www.quickcarbon.com\/tr\/wp-json\/wp\/v2\/tags?post=1633"}],"curies":[{"name":"wp","href":"https:\/\/api.w.org\/{rel}","templated":true}]}}