{"id":1666,"date":"2024-11-18T11:12:01","date_gmt":"2024-11-18T08:12:01","guid":{"rendered":"https:\/\/www.quickcarbon.com\/tr\/?p=1666"},"modified":"2024-11-18T11:30:18","modified_gmt":"2024-11-18T08:30:18","slug":"ayak-izi-nedir","status":"publish","type":"post","link":"https:\/\/www.quickcarbon.com\/tr\/blog\/ayak-izi-nedir\/","title":{"rendered":"Ayak \u0130zi Nedir?\u00a0"},"content":{"rendered":"\n<p>D\u00fcnyadaki s\u0131n\u0131rl\u0131 kaynaklar\u0131 hi\u00e7 t\u00fckenmeyecekmi\u015f gibi kullanmak, gelecek nesiller i\u00e7in ya\u015fanabilecek bir d\u00fcnya b\u0131rakmay\u0131 neredeyse imk\u00e2ns\u0131z h\u00e2le getiriyor. Fosil yak\u0131t t\u00fcketimi de bu durumu destekliyor. Oysa kaynaklar\u0131 do\u011fru kullanmak ve fosil yak\u0131t kullan\u0131m\u0131n\u0131 durdurarak yenilenebilir enerji kaynaklar\u0131na ge\u00e7mek gibi f\u0131rsatlar da mevcut. Daha ya\u015fan\u0131labilir bir d\u00fcnya i\u00e7in bu f\u0131rsatlar\u0131 de\u011ferlendirmek ve karbon ayak izinin, su ayak izinin ve ekolojik ayak izinin azalt\u0131lmas\u0131 i\u00e7in ad\u0131mlar atmak gerekiyor. Gelin, ayak izinin ne oldu\u011funa yak\u0131ndan bakarak do\u011faya olan etkilerini inceleyelim ve nas\u0131l daha s\u00fcrd\u00fcr\u00fclebilir ad\u0131mlar atabilece\u011fimizi birlikte ke\u015ffedelim.&nbsp;<\/p>\n\n\n\n<figure class=\"wp-block-image\"><img loading=\"lazy\" decoding=\"async\" width=\"1072\" height=\"666\" src=\"https:\/\/www.quickcarbon.com\/tr\/wp-content\/uploads\/2024\/11\/Ayak-I\u2560czi-Nedir-.jpg\" alt=\"\" class=\"wp-image-1670\" srcset=\"https:\/\/www.quickcarbon.com\/tr\/wp-content\/uploads\/2024\/11\/Ayak-I\u2560czi-Nedir-.jpg 1072w, https:\/\/www.quickcarbon.com\/tr\/wp-content\/uploads\/2024\/11\/Ayak-I\u2560czi-Nedir--300x186.jpg 300w, https:\/\/www.quickcarbon.com\/tr\/wp-content\/uploads\/2024\/11\/Ayak-I\u2560czi-Nedir--1024x636.jpg 1024w, https:\/\/www.quickcarbon.com\/tr\/wp-content\/uploads\/2024\/11\/Ayak-I\u2560czi-Nedir--768x477.jpg 768w\" sizes=\"auto, (max-width: 1072px) 100vw, 1072px\" \/><\/figure>\n\n\n\n<h2 class=\"wp-block-heading\"><strong>Ayak \u0130zi Ne Anlama Geliyor?<\/strong>&nbsp;<\/h2>\n\n\n\n<p>Ayak izi; bir bireyin, toplumun veya bir kurulu\u015fun \u00e7evre ve kaynaklar \u00fczerinde b\u0131rakt\u0131\u011f\u0131 etkiyi tan\u0131mlar. Bu kavram t\u00fcketim al\u0131\u015fkanl\u0131klar\u0131n\u0131n, \u00fcretim s\u00fcre\u00e7lerinin ve genel ya\u015fam tarz\u0131n\u0131n \u00e7evreye olan etkisini tan\u0131mlar.&nbsp;&nbsp;<\/p>\n\n\n\n<p>Ayak izinin fark\u0131nda olarak ya\u015fam tarzlar\u0131n\u0131n veya t\u00fcketim al\u0131\u015fkanl\u0131klar\u0131n\u0131n \u00e7evreye ne kadar zarar verdi\u011fini anlamak, s\u00fcrd\u00fcr\u00fclebilir bir ya\u015fam i\u00e7in gerekli ad\u0131mlar\u0131 atmak a\u00e7\u0131s\u0131ndan b\u00fcy\u00fck \u00f6nem ta\u015f\u0131r. \u00c7\u00fcnk\u00fc do\u011fal kaynaklar\u0131n bilin\u00e7sizce t\u00fcketilmesi \u00e7evre \u00fczerinde onar\u0131lamaz tahribatlar yaratabilir. Ayak izi, bu tahribat\u0131n \u00f6l\u00e7\u00fclerek ortaya konmas\u0131na yard\u0131mc\u0131 olan \u00f6nemli bir g\u00f6stergedir.&nbsp;<\/p>\n\n\n\n<h2 class=\"wp-block-heading\"><strong>Ayak \u0130zi T\u00fcrleri<\/strong>&nbsp;<\/h2>\n\n\n\n<p>Ayak izi kavram\u0131 farkl\u0131 boyutlarda ele al\u0131narak bireylerin ve kurumlar\u0131n do\u011fa \u00fczerindeki etkisinin daha geni\u015f bir perspektiften de\u011ferlendirilmesini sa\u011flar. Ekolojik ayak izi, karbon ayak izi ve su ayak izi gibi farkl\u0131 ayak izi t\u00fcrleri \u00e7evresel s\u00fcrd\u00fcr\u00fclebilirlik a\u00e7\u0131s\u0131ndan kritik \u00f6neme sahiptir. En \u00f6nemli \u00fc\u00e7 ayak izi t\u00fcr\u00fc \u015fu \u015fekilde tan\u0131mlanabilir:&nbsp;<\/p>\n\n\n\n<ul class=\"wp-block-list\">\n<li><strong>Ekolojik Ayak \u0130zi:<\/strong> Bir bireyin, toplumun veya kurulu\u015fun do\u011fal kaynaklar\u0131 ne kadar t\u00fcketti\u011fini ve bu t\u00fcketimin do\u011faya nas\u0131l ve ne \u00f6l\u00e7\u00fcde etki etti\u011fini analiz eden bir g\u00f6stergedir.&nbsp;&nbsp;<\/li>\n\n\n\n<li><strong>Karbon Ayak \u0130zi: <\/strong>\u0130nsan faaliyetleri sonucu atmosfere sal\u0131nan sera gazlar\u0131n\u0131n miktar\u0131n\u0131 \u00f6l\u00e7er. Enerji t\u00fcketimi, ula\u015f\u0131m, sanayi gibi faaliyetlerin neden oldu\u011fu karbon emisyonlar\u0131n\u0131 i\u00e7erir ve iklim de\u011fi\u015fikli\u011fi \u00fczerindeki etkileri g\u00f6sterir.&nbsp;<\/li>\n\n\n\n<li><strong>Su Ayak \u0130zi:<\/strong> Bireylerin ya da kurumlar\u0131n ne kadar su kulland\u0131\u011f\u0131n\u0131 ifade eder. G\u0131da \u00fcretimi, enerji \u00fcretimi ve g\u00fcnl\u00fck ya\u015famda kullan\u0131lan su miktar\u0131n\u0131 \u00f6l\u00e7erek, su kaynaklar\u0131 \u00fczerindeki bask\u0131n\u0131n analizini yapar ve ekosistemler \u00fczerindeki etkilerini g\u00f6sterir.&nbsp;<\/li>\n<\/ul>\n\n\n\n<p>Bu ayak izi t\u00fcrlerinin her biri, do\u011fal kaynaklar\u0131n t\u00fcketimini ve \u00e7evre \u00fczerindeki bask\u0131lar\u0131 \u00f6l\u00e7erek hem \u00fcretim hem t\u00fcketim s\u00fcre\u00e7lerinde daha bilin\u00e7li se\u00e7imler yapmaya yard\u0131mc\u0131 olur. Ekolojik ayak izi kaynak t\u00fcketiminin ne kadar s\u00fcrd\u00fcr\u00fclebilir oldu\u011funu de\u011ferlendirirken, karbon ayak izi insanlar\u0131n iklim de\u011fi\u015fikli\u011fi \u00fczerindeki etkilerini \u00f6l\u00e7er. Su ayak iziyse su kaynaklar\u0131n\u0131n y\u00f6netiminde daha dikkatli olunmas\u0131 gerekti\u011fini vurgulayan sonu\u00e7lar ortaya koyar.&nbsp;<\/p>\n\n\n\n<p>Ayak izi t\u00fcrlerini tan\u0131mak ve azaltmak i\u00e7in at\u0131lacak ad\u0131mlar yaln\u0131zca bireysel de\u011fil, ayn\u0131 zamanda toplumsal sorumluluktur. S\u00fcrd\u00fcr\u00fclebilir bir gelecek i\u00e7in kaynaklar\u0131n dikkatli \u015fekilde kullan\u0131lmas\u0131 ve \u00e7evresel etkilerin minimize edilmesi i\u00e7in \u00e7aba sarf edilmesi gerekir. Bu bilin\u00e7le hareket etmek, gelece\u011fine de\u011fer veren ve onu koruyan bir toplum yarat\u0131lmas\u0131n\u0131 sa\u011flayabilir. Bu sayede hem s\u00fcrd\u00fcr\u00fclebilir bir gelecek in\u015fa etmek hem gelecek nesillere \u00f6rnek olan \u00e7evreci bir toplum profili olu\u015fturmak m\u00fcmk\u00fcn olabilir.&nbsp;&nbsp;<\/p>\n\n\n\n<h2 class=\"wp-block-heading\"><strong>Ayak \u0130zi Nas\u0131l Hesaplan\u0131r?<\/strong>&nbsp;<\/h2>\n\n\n\n<figure class=\"wp-block-image\"><img loading=\"lazy\" decoding=\"async\" width=\"1072\" height=\"666\" src=\"https:\/\/www.quickcarbon.com\/tr\/wp-content\/uploads\/2024\/11\/Ayak-I\u2560czi-Nas\u2500\u2592l-Hesaplan\u2500\u2592r-.jpg\" alt=\"\" class=\"wp-image-1668\" srcset=\"https:\/\/www.quickcarbon.com\/tr\/wp-content\/uploads\/2024\/11\/Ayak-I\u2560czi-Nas\u2500\u2592l-Hesaplan\u2500\u2592r-.jpg 1072w, https:\/\/www.quickcarbon.com\/tr\/wp-content\/uploads\/2024\/11\/Ayak-I\u2560czi-Nas\u2500\u2592l-Hesaplan\u2500\u2592r--300x186.jpg 300w, https:\/\/www.quickcarbon.com\/tr\/wp-content\/uploads\/2024\/11\/Ayak-I\u2560czi-Nas\u2500\u2592l-Hesaplan\u2500\u2592r--1024x636.jpg 1024w, https:\/\/www.quickcarbon.com\/tr\/wp-content\/uploads\/2024\/11\/Ayak-I\u2560czi-Nas\u2500\u2592l-Hesaplan\u2500\u2592r--768x477.jpg 768w\" sizes=\"auto, (max-width: 1072px) 100vw, 1072px\" \/><\/figure>\n\n\n\n<p>Ayak izi hesaplan\u0131rken pek \u00e7ok girdi dikkate al\u0131n\u0131r ve elde edilen sonu\u00e7lar genellikle yakla\u015f\u0131k sonu\u00e7lard\u0131r. Ayak izi hesaplan\u0131rken g\u00f6z \u00f6n\u00fcnde bulundurulan fakt\u00f6rlerden baz\u0131lar\u0131 \u015funlard\u0131r:&nbsp;&nbsp;<\/p>\n\n\n\n<ul class=\"wp-block-list\">\n<li><strong>T\u00fcketim Miktar\u0131:<\/strong> Bireylerin veya bir toplulu\u011fun kulland\u0131\u011f\u0131 do\u011fal kaynaklar \u00f6l\u00e7\u00fcl\u00fcr. Burada t\u00fcketilen enerji, su ve di\u011fer kaynaklar\u0131n miktar\u0131 dikkate al\u0131n\u0131r. \u00d6rne\u011fin ki\u015finin bir y\u0131lda t\u00fcketti\u011fi yiyeceklerin kilogram\u0131 ya da harcad\u0131\u011f\u0131 elektri\u011fin kilowatt cinsinden de\u011feri hesaplamaya d\u00e2hil edilir. \u00dcretim ve t\u00fcketim s\u00fcre\u00e7lerine ba\u011fl\u0131 at\u0131k miktar\u0131 da ayak izi hesaplamas\u0131na d\u00e2hildir.&nbsp;<\/li>\n\n\n\n<li><strong>\u00dcretim Alan\u0131:<\/strong> T\u00fcketilen bu kaynaklar\u0131n s\u00fcrd\u00fcr\u00fclebilir \u015fekilde \u00fcretilmesi i\u00e7in gereken do\u011fal alan hesaplan\u0131r. Tar\u0131m alanlar\u0131, ormanlar, meralar, denizler gibi alanlar bu hesaplamaya d\u00e2hil edilir. \u00d6rne\u011fin t\u00fcketilen g\u0131dan\u0131n \u00fcretimi i\u00e7in ka\u00e7 hektar tar\u0131m alan\u0131na ihtiya\u00e7 duyuldu\u011fu hesaplan\u0131r.&nbsp;<\/li>\n\n\n\n<li><strong>N\u00fcfus:<\/strong> Bu t\u00fcketimi ger\u00e7ekle\u015ftiren n\u00fcfus dikkate al\u0131n\u0131r. Belirli bir b\u00f6lgede ya\u015fayan insanlar\u0131n say\u0131s\u0131, o b\u00f6lgedeki do\u011fal kaynaklar\u0131n ne kadar h\u0131zl\u0131 t\u00fckendi\u011fini g\u00f6sterir.&nbsp;<\/li>\n\n\n\n<li><strong>Ayak izi;<\/strong> bireyler, \u015fehirler veya \u00fclkeler i\u00e7in ayr\u0131 ayr\u0131 hesaplanabilir ve \u00e7evre \u00fczerindeki etkinin g\u00f6r\u00fclmesini sa\u011flar. Ayak izi hesaplamas\u0131, daha s\u00fcrd\u00fcr\u00fclebilir bir \u00fcretim ve t\u00fcketim tarz\u0131 geli\u015ftirmek, do\u011fal kaynaklar\u0131 daha verimli kullanmak i\u00e7in \u00f6nemli bilgiler sunar. Ekolojik ayak izi, karbon ayak izi, su ayak izi, nitrojen ayak izi, plastik ayak izi ve orman ayak izinin toplam\u0131 bize bir bireyin, \u015firketin veya \u00fclkenin ayak izini g\u00f6sterir. Ayak izi hesaplamas\u0131 \u00e7e\u015fitli platformlar, yaz\u0131l\u0131mlar veya web siteler arac\u0131l\u0131\u011f\u0131yla yap\u0131labilir.&nbsp;<\/li>\n<\/ul>\n\n\n\n<p>Ayak izinin hesaplanmas\u0131nda kullan\u0131lan her bir bile\u015fen, belirli bir ekosistem hizmeti i\u00e7in kullan\u0131lan alan veya kaynak miktar\u0131n\u0131 temsil eder. Ayak izi bile\u015fenlerini dikkate alarak yap\u0131lacak olan k\u00fc\u00e7\u00fck de\u011fi\u015fiklikler, do\u011fan\u0131n korunmas\u0131na ve s\u00fcrd\u00fcr\u00fclebilir bir gelece\u011fe katk\u0131 sa\u011flayabilir.&nbsp;<\/p>\n\n\n\n<h2 class=\"wp-block-heading\"><strong>\u0130nsan Faaliyetlerinin Ayak \u0130zi \u00dczerindeki Etkisi<\/strong>&nbsp;<\/h2>\n\n\n\n<figure class=\"wp-block-image\"><img loading=\"lazy\" decoding=\"async\" width=\"1072\" height=\"666\" src=\"https:\/\/www.quickcarbon.com\/tr\/wp-content\/uploads\/2024\/11\/I\u2560cnsan-Faaliyetlerinin-Ayak-I\u2560czi-U\u2560ezerindeki-Etkisi.jpg\" alt=\"\" class=\"wp-image-1671\" srcset=\"https:\/\/www.quickcarbon.com\/tr\/wp-content\/uploads\/2024\/11\/I\u2560cnsan-Faaliyetlerinin-Ayak-I\u2560czi-U\u2560ezerindeki-Etkisi.jpg 1072w, https:\/\/www.quickcarbon.com\/tr\/wp-content\/uploads\/2024\/11\/I\u2560cnsan-Faaliyetlerinin-Ayak-I\u2560czi-U\u2560ezerindeki-Etkisi-300x186.jpg 300w, https:\/\/www.quickcarbon.com\/tr\/wp-content\/uploads\/2024\/11\/I\u2560cnsan-Faaliyetlerinin-Ayak-I\u2560czi-U\u2560ezerindeki-Etkisi-1024x636.jpg 1024w, https:\/\/www.quickcarbon.com\/tr\/wp-content\/uploads\/2024\/11\/I\u2560cnsan-Faaliyetlerinin-Ayak-I\u2560czi-U\u2560ezerindeki-Etkisi-768x477.jpg 768w\" sizes=\"auto, (max-width: 1072px) 100vw, 1072px\" \/><\/figure>\n\n\n\n<p>G\u00fcnl\u00fck ya\u015famda yap\u0131lan tercihlerin \u00e7evre \u00fczerinde nas\u0131l bir iz b\u0131rakt\u0131\u011f\u0131n\u0131n fark\u0131na varmak, s\u00fcrd\u00fcr\u00fclebilir bir gelece\u011fe katk\u0131 sa\u011flamak i\u00e7in kritik \u00f6neme sahiptir. Ayak izi yaln\u0131zca t\u00fcketilen kaynaklar\u0131 de\u011fil, ayn\u0131 zamanda do\u011faya b\u0131rak\u0131lan at\u0131klar\u0131 ve insan faaliyetlerinin \u00e7evre \u00fczerindeki etkilerini de kapsar.&nbsp;&nbsp;<\/p>\n\n\n\n<p>D\u00fcnyadaki s\u0131n\u0131rl\u0131 kaynaklar n\u00fcfusun artmas\u0131, \u015fehirle\u015fmenin yayg\u0131nla\u015fmas\u0131 ve t\u00fcketim al\u0131\u015fkanl\u0131klar\u0131n\u0131n de\u011fi\u015fmesiyle birlikte azalmaya devam ediyor. Bu durum yaln\u0131zca insanlar i\u00e7in de\u011fil ayn\u0131 zamanda t\u00fcm canl\u0131lar i\u00e7in de ciddi bir tehdit olu\u015fturuyor. Orman y\u00fcz \u00f6l\u00e7\u00fcm\u00fcn\u00fcn azalmas\u0131, su kaynaklar\u0131n\u0131n t\u00fckenmeye ba\u015flamas\u0131 ve biyo\u00e7e\u015fitlilik kayb\u0131 ayak izinin artmas\u0131n\u0131n olumsuz sonu\u00e7lar\u0131ndan yaln\u0131zca birka\u00e7\u0131.&nbsp;&nbsp;<\/p>\n\n\n\n<p>Yap\u0131lan g\u00fcncel ara\u015ft\u0131rmalar, bireylerin ve toplumlar\u0131n \u00e7evresel etkilerini anlamalar\u0131 ve azaltmalar\u0131 i\u00e7in de\u011ferli bilgiler sunar. Bu veriler, daha bilin\u00e7li ya\u015fam tarzlar\u0131 benimsenmesini ve do\u011fal kaynaklar\u0131 korumak i\u00e7in at\u0131lacak ad\u0131mlar\u0131 destekler. D\u00fcnya Do\u011fay\u0131 Koruma Vakf\u0131 (WWF) taraf\u0131ndan yay\u0131mlanan <a href=\"https:\/\/wwftr.awsassets.panda.org\/downloads\/lpr_2022_tr_kck_.pdf\" target=\"_blank\" rel=\"noreferrer noopener\">2022 Ya\u015fayan Gezegen Raporu<\/a>, insanlar\u0131n do\u011faya olan etkileri \u00fczerine \u00e7arp\u0131c\u0131 \u00e7al\u0131\u015fmalar\u0131 ele al\u0131r ve toplumu harekete ge\u00e7irecek analiz sonu\u00e7lar\u0131n\u0131 payla\u015f\u0131r.&nbsp;<\/p>\n\n\n\n<p>Rapora g\u00f6re insan faaliyetleri, d\u00fcnyadaki biyo\u00e7e\u015fitlili\u011fi ve ekosistemleri tehdit eden y\u00fcksek bir ekolojik ayak izine neden oluyor. Ayr\u0131ca gezegenin kaynaklar\u0131n\u0131n s\u00fcrd\u00fcr\u00fclebilir bir \u015fekilde kullan\u0131lmas\u0131n\u0131n ne kadar acil bir ihtiya\u00e7 oldu\u011funu vurguluyor.&nbsp;&nbsp;<\/p>\n\n\n\n<p>2022 y\u0131l\u0131nda yap\u0131lan bu \u00e7al\u0131\u015fma, bireylerin ayak izi konusunda daha fazla bilgi sahibi olmas\u0131n\u0131n, \u00e7evresel etkilerini azaltmak i\u00e7in daha bilin\u00e7li se\u00e7imler yapmalar\u0131na yol a\u00e7t\u0131\u011f\u0131n\u0131 ortaya koymu\u015ftur. E\u011fitim programlar\u0131n\u0131n, fark\u0131ndal\u0131k kampanyalar\u0131n\u0131n ve yasal d\u00fczenlemelerin s\u00fcrd\u00fcr\u00fclebilirlik \u00fczerindeki olumlu etkileri konusunda \u00f6nemli bulgular elde edilmi\u015ftir.&nbsp;&nbsp;<\/p>\n\n\n\n<h2 class=\"wp-block-heading\"><strong>Ayak \u0130zini Azaltmak \u0130\u00e7in Bireysel Olarak Yap\u0131labilecekler<\/strong>&nbsp;<\/h2>\n\n\n\n<p>\u00c7evre \u00fczerindeki olumsuz etkilerimizi azaltmak, gelecek nesillere daha ya\u015fanabilir bir d\u00fcnya b\u0131rakman\u0131n en \u00f6nemli gerekliliklerinden biridir. Ayak izini azaltmak i\u00e7in yap\u0131lmas\u0131 gerekenler aras\u0131ndan baz\u0131lar\u0131 \u015funlard\u0131r:&nbsp;<\/p>\n\n\n\n<ul class=\"wp-block-list\">\n<li>Elektrik t\u00fcketimini azaltmak i\u00e7in enerji tasarruflu \u00fcr\u00fcnler tercih edilebilir. Elektrikli cihazlar kullan\u0131lmad\u0131\u011f\u0131 zamanlarda kapal\u0131 tutulabilir. Evlerin yal\u0131t\u0131m\u0131n\u0131 g\u00fc\u00e7lendirmek ve yenilenebilir enerji kaynaklar\u0131na y\u00f6nelmek uzun vadede etkili \u00e7\u00f6z\u00fcmler sa\u011flayabilir.&nbsp;<\/li>\n\n\n\n<li>Du\u015f s\u00fcrelerini k\u0131saltmak, di\u015f f\u0131r\u00e7alarken muslu\u011fu kapatmak ve s\u0131zd\u0131ran musluklar\u0131 onarmak suyun bo\u015fa harcanmas\u0131n\u0131 \u00f6nlemenin basit yollar\u0131 aras\u0131ndad\u0131r. Ya\u011fmur suyunu biriktirmek ve \u00f6zellikle sulama faaliyetlerinde kullanmak su kaynaklar\u0131n\u0131 korumaya yard\u0131mc\u0131 olabilir.&nbsp;<\/li>\n\n\n\n<li>Cam, plastik, k\u00e2\u011f\u0131t gibi geri d\u00f6n\u00fc\u015ft\u00fcr\u00fclebilir materyaller \u00e7\u00f6p de\u011fildir. Bu y\u00fczden geri d\u00f6n\u00fc\u015f\u00fcm merkezlerine teslim edilebilir.&nbsp;<\/li>\n\n\n\n<li>Dayan\u0131kl\u0131 ve uzun \u00f6m\u00fcrl\u00fc \u00fcr\u00fcnleri tercih etmek hem tasarruf etmeyi hem at\u0131k miktar\u0131n\u0131 azaltmay\u0131 sa\u011flayabilir.&nbsp;<\/li>\n\n\n\n<li>\u00d6zellikle fosil yak\u0131t kullanan ara\u00e7larla trafi\u011fe \u00e7\u0131kmak yerine toplu ta\u015f\u0131ma ara\u00e7lar\u0131na y\u00f6nelmek, bisiklete binmek veya y\u00fcr\u00fcy\u00fc\u015f yapmak karbon sal\u0131n\u0131m\u0131n\u0131 ciddi oranda azaltabilir.&nbsp;&nbsp;<\/li>\n\n\n\n<li>Hayvansal \u00fcr\u00fcn t\u00fcketimini azaltarak daha fazla sebze, meyve ve tah\u0131l t\u00fcketmek, g\u0131da \u00fcretimindeki karbon ayak izinin azalt\u0131lmas\u0131na yard\u0131mc\u0131 olabilir. Bitkisel a\u011f\u0131rl\u0131kl\u0131 bir beslenme hem sa\u011fl\u0131k hem do\u011fa \u00fczerindeki olumsuz etkileri minimize edebilir.&nbsp;&nbsp;<\/li>\n\n\n\n<li>Yak\u0131n \u00e7evredeki yerel \u00fcretim malzemelerini tercih etmek, lojistik nedeniyle ortaya \u00e7\u0131kan sera gaz\u0131 emisyonlar\u0131n\u0131 azaltabilir. Ayr\u0131ca mevsiminde yeti\u015fen sebze ve meyveleri tercih etmek daha az enerji t\u00fcketimine ve do\u011fal kaynaklar\u0131n korunmas\u0131na yard\u0131mc\u0131 olabilir.&nbsp;<\/li>\n\n\n\n<li>Dijital d\u00fcnyaya ayak uydurarak k\u00e2\u011f\u0131t kullan\u0131m\u0131 azaltabilecek y\u00f6ntemlere ge\u00e7i\u015f yap\u0131labilir. Notlar\u0131n ve belgelerin elektronik ortamda saklanmas\u0131 hem a\u011fa\u00e7lar\u0131n kesilmesini engelleyebilir hem de gereksiz at\u0131k \u00fcretimini azaltabilir.&nbsp;<\/li>\n\n\n\n<li>Bez al\u0131\u015fveri\u015f \u00e7antalar\u0131, cam su \u015fi\u015feleri ve metal pipetler gibi s\u00fcrd\u00fcr\u00fclebilir \u00fcr\u00fcnler do\u011faya zarar veren plastik at\u0131klar\u0131 azaltman\u0131n basit ama etkili yollar\u0131 aras\u0131ndad\u0131r.&nbsp;<\/li>\n<\/ul>\n\n\n\n<p>Bu ad\u0131mlar\u0131 g\u00fcnl\u00fck ya\u015fama entegre etmek, \u00e7evre \u00fczerindeki olumsuz bireyler etkilerin azalmas\u0131n\u0131 ve daha s\u00fcrd\u00fcr\u00fclebilir bir gelece\u011fin in\u015fas\u0131n\u0131 kolayla\u015ft\u0131rabilir.&nbsp;&nbsp;<\/p>\n\n\n\n<h2 class=\"wp-block-heading\"><strong>Ayak \u0130zini Azaltman\u0131n Kurumsal Kazan\u0131mlar\u0131<\/strong>&nbsp;<\/h2>\n\n\n\n<p>\u015eirketlerin s\u00fcrd\u00fcr\u00fclebilir projelere katk\u0131da bulunmas\u0131 pek \u00e7ok avantaj\u0131 beraberinde getirir. Kurumlar, \u00e7evresel etkilerini azaltarak sadece do\u011fal kaynaklar\u0131 korumakla kalmaz, ayn\u0131 zamanda kurumsal imajlar\u0131n\u0131 ve rekabet avantajlar\u0131n\u0131 da g\u00fc\u00e7lendirme f\u0131rsat\u0131 yakalar. Geli\u015fmekte olan E7 \u00fclkeleri \u00fczerine yap\u0131lan bir <a href=\"http:\/\/esjournal.cumhuriyet.edu.tr\/tr\/download\/article-file\/3298910\" target=\"_blank\" rel=\"noreferrer noopener\">ara\u015ft\u0131rmada<\/a>, kurumsal kalitenin ekolojik ayak izi \u00fczerindeki etkisinin \u00f6nemine vurgu yap\u0131lm\u0131\u015ft\u0131r. Bu \u00e7al\u0131\u015fmada, T\u00fcrkiye\u2019nin de dahil oldu\u011fu E7 \u00fclkelerinde kurumsal kalitenin artmas\u0131n\u0131n ekolojik ayak izini azaltt\u0131\u011f\u0131 belirtilmi\u015ftir.&nbsp;<\/p>\n\n\n\n<p>\u00c7evre dostu uygulamalar benimseyen firmalar, m\u00fc\u015fterilerin g\u00f6z\u00fcnde daha cazip hale gelerek m\u00fc\u015fteri ve yat\u0131r\u0131mc\u0131 sadakatini art\u0131rabilir. Kurumsal s\u00fcrd\u00fcr\u00fclebilirlik, \u00e7al\u0131\u015fan memnuniyetini de olumlu y\u00f6nde etkiler. \u00c7al\u0131\u015fanlar, \u00e7evresel konulara duyarl\u0131 bir i\u015f ortam\u0131nda \u00e7al\u0131\u015farak daha y\u00fcksek bir performans g\u00f6sterebilir. Bu durum \u015firket i\u00e7indeki motivasyonu art\u0131rarak verimlili\u011fi y\u00fckseltir. Yat\u0131r\u0131mc\u0131lar ve i\u015f ortaklar\u0131, \u00e7evresel etkilerini azaltan \u015firketlere daha fazla ilgi g\u00f6sterir. S\u00fcrd\u00fcr\u00fclebilirli\u011fe odaklanan \u015firketler, yat\u0131r\u0131mc\u0131lar\u0131n g\u00fcvenini kazanarak daha fazla kaynak ve finansman bulma \u015fans\u0131 elde edebilirler.&nbsp;<\/p>\n\n\n\n<h2 class=\"wp-block-heading\"><strong>Ayak \u0130zi Neden \u00d6nemli?<\/strong>&nbsp;<\/h2>\n\n\n\n<p>\u00d6zellikle karbon ayak izi ve su ayak izi ya\u015fanabilir bir d\u00fcnya ve s\u00fcrd\u00fcr\u00fclebilir bir gelecek i\u00e7in kritik \u00f6neme sahip. Yo\u011funla\u015fan sanayi s\u00fcre\u00e7leri ve fosil yak\u0131tlar\u0131n a\u015f\u0131r\u0131 \u015fekilde kullan\u0131m\u0131 karbon ayak izinin artmas\u0131na neden olan en \u00f6nemli fakt\u00f6rler aras\u0131nda. \u00dcstelik karbon tutma g\u00f6revi g\u00f6ren orman alanlar\u0131n\u0131n gittik\u00e7e azal\u0131yor olmas\u0131 sera gaz\u0131 emisyonlar\u0131n\u0131n artmas\u0131na neden oluyor ve bu da d\u00fcnyan\u0131n s\u0131cakl\u0131\u011f\u0131n\u0131 art\u0131r\u0131yor. D\u00fcnyadaki ekosistemleri ve biyo\u00e7e\u015fitlili\u011fi etkileyen k\u00fcresel \u0131s\u0131nma da bu durumun do\u011fal bir sonucu.&nbsp;<\/p>\n\n\n\n<figure class=\"wp-block-image\"><img loading=\"lazy\" decoding=\"async\" width=\"1072\" height=\"666\" src=\"https:\/\/www.quickcarbon.com\/tr\/wp-content\/uploads\/2024\/11\/Ayak-I\u2560czi-Neden-O\u2560enemli-.jpg\" alt=\"\" class=\"wp-image-1669\" srcset=\"https:\/\/www.quickcarbon.com\/tr\/wp-content\/uploads\/2024\/11\/Ayak-I\u2560czi-Neden-O\u2560enemli-.jpg 1072w, https:\/\/www.quickcarbon.com\/tr\/wp-content\/uploads\/2024\/11\/Ayak-I\u2560czi-Neden-O\u2560enemli--300x186.jpg 300w, https:\/\/www.quickcarbon.com\/tr\/wp-content\/uploads\/2024\/11\/Ayak-I\u2560czi-Neden-O\u2560enemli--1024x636.jpg 1024w, https:\/\/www.quickcarbon.com\/tr\/wp-content\/uploads\/2024\/11\/Ayak-I\u2560czi-Neden-O\u2560enemli--768x477.jpg 768w\" sizes=\"auto, (max-width: 1072px) 100vw, 1072px\" \/><\/figure>\n\n\n\n<p>Tatl\u0131 su kaynaklar\u0131n\u0131n hem bilin\u00e7sizce t\u00fcketiliyor olmas\u0131 hem kirlenmesi gelecekte ciddi bir tatl\u0131 su krizi ya\u015fanmas\u0131na neden olabilir. Su ekosistemlerinin zarar g\u00f6rmesi zincirleme bir etki yaparak kara ekosistemleri \u00fczerinde de ciddi problemler yaratabilir. Dolay\u0131s\u0131yla hem uluslararas\u0131 kurulu\u015flar\u0131n hem h\u00fck\u00fcmetlerin su ayak izini azaltabilecek politikalara ge\u00e7i\u015f yapmas\u0131 gerekiyor. Ayr\u0131ca b\u00fcy\u00fck \u015firketler taraf\u0131ndan yap\u0131lan b\u00fcy\u00fck teknoloji yat\u0131r\u0131mlar\u0131 su kaynaklar\u0131n\u0131n kirlenmesini \u00f6n\u00fcne ge\u00e7ebilir ve kaynaklar\u0131n do\u011fru kullan\u0131m\u0131 i\u00e7in bir f\u0131rsat yaratabilir.&nbsp;&nbsp;<\/p>\n\n\n\n<p>T\u00fcm bunlar\u0131n yan\u0131nda \u015firketlerin karbon ayak izi ve su ayak izi \u00f6l\u00e7\u00fcmlerini d\u00fczenli olarak ger\u00e7ekle\u015ftirmeleri ve \u00f6l\u00e7\u00fcm sonu\u00e7lar\u0131na g\u00f6re stratejiler geli\u015ftirmeleri, bireylerinse ya\u015fam tarz\u0131 de\u011fi\u015fiklikleriyle kaynak kullan\u0131m\u0131n\u0131 s\u0131n\u0131rland\u0131rmalar\u0131 k\u00fcresel ayak izinin azalmas\u0131na ciddi katk\u0131lar sa\u011flayabilir. Bu da hem bug\u00fcn\u00fc hem gelece\u011fi kurtarmak i\u00e7in bir se\u00e7im olman\u0131n \u00f6tesinde, bir gerekliliktir.&nbsp;<\/p>\n\n\n\n<h2 class=\"wp-block-heading\"><strong>Kurumsal Karbon Ayak \u0130zini Azaltmak Etkili \u00c7\u00f6z\u00fcmler: QuickCarbon!<\/strong>&nbsp;<\/h2>\n\n\n\n<p>QuickCarbon, kurumlar\u0131n karbon ayak izlerini \u00f6l\u00e7melerine ve raporlamalar\u0131na yard\u0131mc\u0131 olan kullan\u0131c\u0131 dostu bir yaz\u0131l\u0131md\u0131r. QuickCarbon yaz\u0131l\u0131m\u0131m\u0131zda yap\u0131lan hesaplamalar sonucu elde edilen grafikler, \u015firketlerin s\u00fcrd\u00fcr\u00fclebilir stratejiler geli\u015ftirmelerine yard\u0131mc\u0131 olur. Web tabanl\u0131 eri\u015fim, g\u00fcvenli veri depolama, an\u0131nda raporlama ve veri giri\u015fi kolayl\u0131\u011f\u0131 gibi \u00f6zelliklerle birlikte gelen QuickCarbon yaz\u0131l\u0131m\u0131m\u0131z sayesinde karbon emisyon y\u00f6netimini \u00e7ok daha kolay bir \u015fekilde ger\u00e7ekle\u015ftirebilirsiniz.&nbsp;<\/p>\n\n\n\n<p>T\u00fcm hesaplama ve raporlama i\u015flemlerinizi ISO 14064-1:2018 Standard\u0131 ve GHG Protocol ilkelerine g\u00f6re yapmak i\u00e7in bizimle <a href=\"https:\/\/www.quickcarbon.com\/tr\/iletisim\/\" target=\"_blank\" rel=\"noreferrer noopener\">ileti\u015fime<\/a> ge\u00e7ebilir veya demo talebinde bulunabilirsiniz.&nbsp;<\/p>\n","protected":false},"excerpt":{"rendered":"<p>D\u00fcnyadaki s\u0131n\u0131rl\u0131 kaynaklar\u0131 hi\u00e7 t\u00fckenmeyecekmi\u015f gibi kullanmak, gelecek nesiller i\u00e7in ya\u015fanabilecek bir d\u00fcnya b\u0131rakmay\u0131 neredeyse imk\u00e2ns\u0131z h\u00e2le getiriyor. Fosil yak\u0131t t\u00fcketimi de bu durumu destekliyor. Oysa kaynaklar\u0131 do\u011fru kullanmak ve fosil yak\u0131t kullan\u0131m\u0131n\u0131 durdurarak yenilenebilir enerji kaynaklar\u0131na ge\u00e7mek gibi f\u0131rsatlar da mevcut. Daha ya\u015fan\u0131labilir bir d\u00fcnya i\u00e7in bu f\u0131rsatlar\u0131 de\u011ferlendirmek ve karbon ayak izinin, su ayak izinin ve ekolojik ayak izinin azalt\u0131lmas\u0131 i\u00e7in ad\u0131mlar atmak gerekiyor. Gelin, ayak izinin ne oldu\u011funa yak\u0131ndan bakarak do\u011faya olan etkilerini inceleyelim ve nas\u0131l daha s\u00fcrd\u00fcr\u00fclebilir ad\u0131mlar atabilece\u011fimizi birlikte ke\u015ffedelim.\u00a0<\/p>\n","protected":false},"author":3,"featured_media":1667,"comment_status":"closed","ping_status":"open","sticky":false,"template":"","format":"standard","meta":{"footnotes":""},"categories":[1],"tags":[34,33,68,12],"class_list":["post-1666","post","type-post","status-publish","format-standard","has-post-thumbnail","hentry","category-genel","tag-karbon-ayak-izi","tag-karbon-emisyonu","tag-surdurulebilirlik","tag-yenilenebilir-enerji"],"yoast_head":"<!-- This site is optimized with the Yoast SEO plugin v25.6 - https:\/\/yoast.com\/wordpress\/plugins\/seo\/ -->\n<title>Ayak \u0130zi Nedir?\u00a0 - QuickCarbon<\/title>\n<meta name=\"description\" content=\"D\u00fcnyadaki s\u0131n\u0131rl\u0131 kaynaklar\u0131 hi\u00e7 t\u00fckenmeyecekmi\u015f gibi kullanmak, gelecek nesiller i\u00e7in ya\u015fanabilecek bir d\u00fcnya b\u0131rakmay\u0131 neredeyse imk\u00e2ns\u0131z h\u00e2le getiriyor. Fosil yak\u0131t t\u00fcketimi de bu durumu destekliyor. Oysa kaynaklar\u0131 do\u011fru kullanmak ve fosil yak\u0131t kullan\u0131m\u0131n\u0131 durdurarak yenilenebilir enerji kaynaklar\u0131na ge\u00e7mek gibi f\u0131rsatlar da mevcut. Daha ya\u015fan\u0131labilir bir d\u00fcnya i\u00e7in bu f\u0131rsatlar\u0131 de\u011ferlendirmek ve karbon ayak izinin, su ayak izinin ve ekolojik ayak izinin azalt\u0131lmas\u0131 i\u00e7in ad\u0131mlar atmak gerekiyor. Gelin, ayak izinin ne oldu\u011funa yak\u0131ndan bakarak do\u011faya olan etkilerini inceleyelim ve nas\u0131l daha s\u00fcrd\u00fcr\u00fclebilir ad\u0131mlar atabilece\u011fimizi birlikte ke\u015ffedelim.\u00a0\" \/>\n<meta name=\"robots\" content=\"index, follow, max-snippet:-1, max-image-preview:large, max-video-preview:-1\" \/>\n<link rel=\"canonical\" href=\"https:\/\/www.quickcarbon.com\/tr\/blog\/ayak-izi-nedir\/\" \/>\n<meta property=\"og:locale\" content=\"tr_TR\" \/>\n<meta property=\"og:type\" content=\"article\" \/>\n<meta property=\"og:title\" content=\"Ayak \u0130zi Nedir?\u00a0 - QuickCarbon\" \/>\n<meta property=\"og:description\" content=\"D\u00fcnyadaki s\u0131n\u0131rl\u0131 kaynaklar\u0131 hi\u00e7 t\u00fckenmeyecekmi\u015f gibi kullanmak, gelecek nesiller i\u00e7in ya\u015fanabilecek bir d\u00fcnya b\u0131rakmay\u0131 neredeyse imk\u00e2ns\u0131z h\u00e2le getiriyor. Fosil yak\u0131t t\u00fcketimi de bu durumu destekliyor. Oysa kaynaklar\u0131 do\u011fru kullanmak ve fosil yak\u0131t kullan\u0131m\u0131n\u0131 durdurarak yenilenebilir enerji kaynaklar\u0131na ge\u00e7mek gibi f\u0131rsatlar da mevcut. Daha ya\u015fan\u0131labilir bir d\u00fcnya i\u00e7in bu f\u0131rsatlar\u0131 de\u011ferlendirmek ve karbon ayak izinin, su ayak izinin ve ekolojik ayak izinin azalt\u0131lmas\u0131 i\u00e7in ad\u0131mlar atmak gerekiyor. Gelin, ayak izinin ne oldu\u011funa yak\u0131ndan bakarak do\u011faya olan etkilerini inceleyelim ve nas\u0131l daha s\u00fcrd\u00fcr\u00fclebilir ad\u0131mlar atabilece\u011fimizi birlikte ke\u015ffedelim.\u00a0\" \/>\n<meta property=\"og:url\" content=\"https:\/\/www.quickcarbon.com\/tr\/blog\/ayak-izi-nedir\/\" \/>\n<meta property=\"og:site_name\" content=\"QuickCarbon\" \/>\n<meta property=\"article:publisher\" content=\"https:\/\/www.facebook.com\/quickcarbon\/\" \/>\n<meta property=\"article:published_time\" content=\"2024-11-18T08:12:01+00:00\" \/>\n<meta property=\"article:modified_time\" content=\"2024-11-18T08:30:18+00:00\" \/>\n<meta property=\"og:image\" content=\"https:\/\/www.quickcarbon.com\/tr\/wp-content\/uploads\/2024\/11\/12_Kapak-Gorsel.jpg\" \/>\n\t<meta property=\"og:image:width\" content=\"1072\" \/>\n\t<meta property=\"og:image:height\" content=\"666\" \/>\n\t<meta property=\"og:image:type\" content=\"image\/jpeg\" \/>\n<meta name=\"author\" content=\"Elif Akko\u00e7\" \/>\n<meta name=\"twitter:card\" content=\"summary_large_image\" \/>\n<meta name=\"twitter:creator\" content=\"@QuickCarbon_Tr\" \/>\n<meta name=\"twitter:site\" content=\"@QuickCarbon_Tr\" \/>\n<meta name=\"twitter:label1\" content=\"Written by\" \/>\n\t<meta name=\"twitter:data1\" content=\"Elif Akko\u00e7\" \/>\n\t<meta name=\"twitter:label2\" content=\"Est. reading time\" \/>\n\t<meta name=\"twitter:data2\" content=\"11 dakika\" \/>\n<script type=\"application\/ld+json\" class=\"yoast-schema-graph\">{\"@context\":\"https:\/\/schema.org\",\"@graph\":[{\"@type\":[\"Article\",\"BlogPosting\"],\"@id\":\"https:\/\/www.quickcarbon.com\/tr\/blog\/ayak-izi-nedir\/#article\",\"isPartOf\":{\"@id\":\"https:\/\/www.quickcarbon.com\/tr\/blog\/ayak-izi-nedir\/\"},\"author\":{\"name\":\"Elif Akko\u00e7\",\"@id\":\"https:\/\/www.quickcarbon.com\/tr\/#\/schema\/person\/e9ff9b7b560010798b00c0355cb606f1\"},\"headline\":\"Ayak \u0130zi Nedir?\u00a0\",\"datePublished\":\"2024-11-18T08:12:01+00:00\",\"dateModified\":\"2024-11-18T08:30:18+00:00\",\"mainEntityOfPage\":{\"@id\":\"https:\/\/www.quickcarbon.com\/tr\/blog\/ayak-izi-nedir\/\"},\"wordCount\":2408,\"publisher\":{\"@id\":\"https:\/\/www.quickcarbon.com\/tr\/#organization\"},\"image\":{\"@id\":\"https:\/\/www.quickcarbon.com\/tr\/blog\/ayak-izi-nedir\/#primaryimage\"},\"thumbnailUrl\":\"https:\/\/www.quickcarbon.com\/tr\/wp-content\/uploads\/2024\/11\/12_Kapak-Gorsel.jpg\",\"keywords\":[\"karbon ayak izi\",\"karbon emisyonu\",\"s\u00fcrd\u00fcr\u00fclebilirlik\",\"yenilenebilir enerji\"],\"inLanguage\":\"tr\"},{\"@type\":\"WebPage\",\"@id\":\"https:\/\/www.quickcarbon.com\/tr\/blog\/ayak-izi-nedir\/\",\"url\":\"https:\/\/www.quickcarbon.com\/tr\/blog\/ayak-izi-nedir\/\",\"name\":\"Ayak \u0130zi Nedir?\u00a0 - QuickCarbon\",\"isPartOf\":{\"@id\":\"https:\/\/www.quickcarbon.com\/tr\/#website\"},\"primaryImageOfPage\":{\"@id\":\"https:\/\/www.quickcarbon.com\/tr\/blog\/ayak-izi-nedir\/#primaryimage\"},\"image\":{\"@id\":\"https:\/\/www.quickcarbon.com\/tr\/blog\/ayak-izi-nedir\/#primaryimage\"},\"thumbnailUrl\":\"https:\/\/www.quickcarbon.com\/tr\/wp-content\/uploads\/2024\/11\/12_Kapak-Gorsel.jpg\",\"datePublished\":\"2024-11-18T08:12:01+00:00\",\"dateModified\":\"2024-11-18T08:30:18+00:00\",\"description\":\"D\u00fcnyadaki s\u0131n\u0131rl\u0131 kaynaklar\u0131 hi\u00e7 t\u00fckenmeyecekmi\u015f gibi kullanmak, gelecek nesiller i\u00e7in ya\u015fanabilecek bir d\u00fcnya b\u0131rakmay\u0131 neredeyse imk\u00e2ns\u0131z h\u00e2le getiriyor. Fosil yak\u0131t t\u00fcketimi de bu durumu destekliyor. Oysa kaynaklar\u0131 do\u011fru kullanmak ve fosil yak\u0131t kullan\u0131m\u0131n\u0131 durdurarak yenilenebilir enerji kaynaklar\u0131na ge\u00e7mek gibi f\u0131rsatlar da mevcut. Daha ya\u015fan\u0131labilir bir d\u00fcnya i\u00e7in bu f\u0131rsatlar\u0131 de\u011ferlendirmek ve karbon ayak izinin, su ayak izinin ve ekolojik ayak izinin azalt\u0131lmas\u0131 i\u00e7in ad\u0131mlar atmak gerekiyor. Gelin, ayak izinin ne oldu\u011funa yak\u0131ndan bakarak do\u011faya olan etkilerini inceleyelim ve nas\u0131l daha s\u00fcrd\u00fcr\u00fclebilir ad\u0131mlar atabilece\u011fimizi birlikte ke\u015ffedelim.\u00a0\",\"breadcrumb\":{\"@id\":\"https:\/\/www.quickcarbon.com\/tr\/blog\/ayak-izi-nedir\/#breadcrumb\"},\"inLanguage\":\"tr\",\"potentialAction\":[{\"@type\":\"ReadAction\",\"target\":[\"https:\/\/www.quickcarbon.com\/tr\/blog\/ayak-izi-nedir\/\"]}]},{\"@type\":\"ImageObject\",\"inLanguage\":\"tr\",\"@id\":\"https:\/\/www.quickcarbon.com\/tr\/blog\/ayak-izi-nedir\/#primaryimage\",\"url\":\"https:\/\/www.quickcarbon.com\/tr\/wp-content\/uploads\/2024\/11\/12_Kapak-Gorsel.jpg\",\"contentUrl\":\"https:\/\/www.quickcarbon.com\/tr\/wp-content\/uploads\/2024\/11\/12_Kapak-Gorsel.jpg\",\"width\":1072,\"height\":666},{\"@type\":\"BreadcrumbList\",\"@id\":\"https:\/\/www.quickcarbon.com\/tr\/blog\/ayak-izi-nedir\/#breadcrumb\",\"itemListElement\":[{\"@type\":\"ListItem\",\"position\":1,\"name\":\"Ana Sayfa\",\"item\":\"https:\/\/www.quickcarbon.com\/tr\/\"},{\"@type\":\"ListItem\",\"position\":2,\"name\":\"Ayak \u0130zi Nedir?\u00a0\"}]},{\"@type\":\"WebSite\",\"@id\":\"https:\/\/www.quickcarbon.com\/tr\/#website\",\"url\":\"https:\/\/www.quickcarbon.com\/tr\/\",\"name\":\"QuickCarbon\",\"description\":\"Take Control of Your Corporate Carbon Footprint\",\"publisher\":{\"@id\":\"https:\/\/www.quickcarbon.com\/tr\/#organization\"},\"alternateName\":\"QC\",\"potentialAction\":[{\"@type\":\"SearchAction\",\"target\":{\"@type\":\"EntryPoint\",\"urlTemplate\":\"https:\/\/www.quickcarbon.com\/tr\/?s={search_term_string}\"},\"query-input\":{\"@type\":\"PropertyValueSpecification\",\"valueRequired\":true,\"valueName\":\"search_term_string\"}}],\"inLanguage\":\"tr\"},{\"@type\":\"Organization\",\"@id\":\"https:\/\/www.quickcarbon.com\/tr\/#organization\",\"name\":\"QuickCarbon\",\"alternateName\":\"QC\",\"url\":\"https:\/\/www.quickcarbon.com\/tr\/\",\"logo\":{\"@type\":\"ImageObject\",\"inLanguage\":\"tr\",\"@id\":\"https:\/\/www.quickcarbon.com\/tr\/#\/schema\/logo\/image\/\",\"url\":\"https:\/\/www.quickcarbon.com\/tr\/wp-content\/uploads\/2023\/09\/cropped-qc_favicon-1.png\",\"contentUrl\":\"https:\/\/www.quickcarbon.com\/tr\/wp-content\/uploads\/2023\/09\/cropped-qc_favicon-1.png\",\"width\":512,\"height\":512,\"caption\":\"QuickCarbon\"},\"image\":{\"@id\":\"https:\/\/www.quickcarbon.com\/tr\/#\/schema\/logo\/image\/\"},\"sameAs\":[\"https:\/\/www.facebook.com\/quickcarbon\/\",\"https:\/\/x.com\/QuickCarbon_Tr\",\"https:\/\/www.instagram.com\/quickcarbon_official\/\",\"https:\/\/www.linkedin.com\/showcase\/quickcarbon-\/\"]},{\"@type\":\"Person\",\"@id\":\"https:\/\/www.quickcarbon.com\/tr\/#\/schema\/person\/e9ff9b7b560010798b00c0355cb606f1\",\"name\":\"Elif Akko\u00e7\",\"image\":{\"@type\":\"ImageObject\",\"inLanguage\":\"tr\",\"@id\":\"https:\/\/www.quickcarbon.com\/tr\/#\/schema\/person\/image\/\",\"url\":\"https:\/\/secure.gravatar.com\/avatar\/1419d3d4829046468ad9f261eb84b5e321805c1b4084d3d1c85c0de62b0330de?s=96&d=mm&r=g\",\"contentUrl\":\"https:\/\/secure.gravatar.com\/avatar\/1419d3d4829046468ad9f261eb84b5e321805c1b4084d3d1c85c0de62b0330de?s=96&d=mm&r=g\",\"caption\":\"Elif Akko\u00e7\"},\"sameAs\":[\"https:\/\/www.quickcarbon.com\/\"]}]}<\/script>\n<!-- \/ Yoast SEO plugin. -->","yoast_head_json":{"title":"Ayak \u0130zi Nedir?\u00a0 - QuickCarbon","description":"D\u00fcnyadaki s\u0131n\u0131rl\u0131 kaynaklar\u0131 hi\u00e7 t\u00fckenmeyecekmi\u015f gibi kullanmak, gelecek nesiller i\u00e7in ya\u015fanabilecek bir d\u00fcnya b\u0131rakmay\u0131 neredeyse imk\u00e2ns\u0131z h\u00e2le getiriyor. Fosil yak\u0131t t\u00fcketimi de bu durumu destekliyor. Oysa kaynaklar\u0131 do\u011fru kullanmak ve fosil yak\u0131t kullan\u0131m\u0131n\u0131 durdurarak yenilenebilir enerji kaynaklar\u0131na ge\u00e7mek gibi f\u0131rsatlar da mevcut. Daha ya\u015fan\u0131labilir bir d\u00fcnya i\u00e7in bu f\u0131rsatlar\u0131 de\u011ferlendirmek ve karbon ayak izinin, su ayak izinin ve ekolojik ayak izinin azalt\u0131lmas\u0131 i\u00e7in ad\u0131mlar atmak gerekiyor. Gelin, ayak izinin ne oldu\u011funa yak\u0131ndan bakarak do\u011faya olan etkilerini inceleyelim ve nas\u0131l daha s\u00fcrd\u00fcr\u00fclebilir ad\u0131mlar atabilece\u011fimizi birlikte ke\u015ffedelim.\u00a0","robots":{"index":"index","follow":"follow","max-snippet":"max-snippet:-1","max-image-preview":"max-image-preview:large","max-video-preview":"max-video-preview:-1"},"canonical":"https:\/\/www.quickcarbon.com\/tr\/blog\/ayak-izi-nedir\/","og_locale":"tr_TR","og_type":"article","og_title":"Ayak \u0130zi Nedir?\u00a0 - QuickCarbon","og_description":"D\u00fcnyadaki s\u0131n\u0131rl\u0131 kaynaklar\u0131 hi\u00e7 t\u00fckenmeyecekmi\u015f gibi kullanmak, gelecek nesiller i\u00e7in ya\u015fanabilecek bir d\u00fcnya b\u0131rakmay\u0131 neredeyse imk\u00e2ns\u0131z h\u00e2le getiriyor. Fosil yak\u0131t t\u00fcketimi de bu durumu destekliyor. Oysa kaynaklar\u0131 do\u011fru kullanmak ve fosil yak\u0131t kullan\u0131m\u0131n\u0131 durdurarak yenilenebilir enerji kaynaklar\u0131na ge\u00e7mek gibi f\u0131rsatlar da mevcut. Daha ya\u015fan\u0131labilir bir d\u00fcnya i\u00e7in bu f\u0131rsatlar\u0131 de\u011ferlendirmek ve karbon ayak izinin, su ayak izinin ve ekolojik ayak izinin azalt\u0131lmas\u0131 i\u00e7in ad\u0131mlar atmak gerekiyor. Gelin, ayak izinin ne oldu\u011funa yak\u0131ndan bakarak do\u011faya olan etkilerini inceleyelim ve nas\u0131l daha s\u00fcrd\u00fcr\u00fclebilir ad\u0131mlar atabilece\u011fimizi birlikte ke\u015ffedelim.\u00a0","og_url":"https:\/\/www.quickcarbon.com\/tr\/blog\/ayak-izi-nedir\/","og_site_name":"QuickCarbon","article_publisher":"https:\/\/www.facebook.com\/quickcarbon\/","article_published_time":"2024-11-18T08:12:01+00:00","article_modified_time":"2024-11-18T08:30:18+00:00","og_image":[{"width":1072,"height":666,"url":"https:\/\/www.quickcarbon.com\/tr\/wp-content\/uploads\/2024\/11\/12_Kapak-Gorsel.jpg","type":"image\/jpeg"}],"author":"Elif Akko\u00e7","twitter_card":"summary_large_image","twitter_creator":"@QuickCarbon_Tr","twitter_site":"@QuickCarbon_Tr","twitter_misc":{"Written by":"Elif Akko\u00e7","Est. reading time":"11 dakika"},"schema":{"@context":"https:\/\/schema.org","@graph":[{"@type":["Article","BlogPosting"],"@id":"https:\/\/www.quickcarbon.com\/tr\/blog\/ayak-izi-nedir\/#article","isPartOf":{"@id":"https:\/\/www.quickcarbon.com\/tr\/blog\/ayak-izi-nedir\/"},"author":{"name":"Elif Akko\u00e7","@id":"https:\/\/www.quickcarbon.com\/tr\/#\/schema\/person\/e9ff9b7b560010798b00c0355cb606f1"},"headline":"Ayak \u0130zi Nedir?\u00a0","datePublished":"2024-11-18T08:12:01+00:00","dateModified":"2024-11-18T08:30:18+00:00","mainEntityOfPage":{"@id":"https:\/\/www.quickcarbon.com\/tr\/blog\/ayak-izi-nedir\/"},"wordCount":2408,"publisher":{"@id":"https:\/\/www.quickcarbon.com\/tr\/#organization"},"image":{"@id":"https:\/\/www.quickcarbon.com\/tr\/blog\/ayak-izi-nedir\/#primaryimage"},"thumbnailUrl":"https:\/\/www.quickcarbon.com\/tr\/wp-content\/uploads\/2024\/11\/12_Kapak-Gorsel.jpg","keywords":["karbon ayak izi","karbon emisyonu","s\u00fcrd\u00fcr\u00fclebilirlik","yenilenebilir enerji"],"inLanguage":"tr"},{"@type":"WebPage","@id":"https:\/\/www.quickcarbon.com\/tr\/blog\/ayak-izi-nedir\/","url":"https:\/\/www.quickcarbon.com\/tr\/blog\/ayak-izi-nedir\/","name":"Ayak \u0130zi Nedir?\u00a0 - QuickCarbon","isPartOf":{"@id":"https:\/\/www.quickcarbon.com\/tr\/#website"},"primaryImageOfPage":{"@id":"https:\/\/www.quickcarbon.com\/tr\/blog\/ayak-izi-nedir\/#primaryimage"},"image":{"@id":"https:\/\/www.quickcarbon.com\/tr\/blog\/ayak-izi-nedir\/#primaryimage"},"thumbnailUrl":"https:\/\/www.quickcarbon.com\/tr\/wp-content\/uploads\/2024\/11\/12_Kapak-Gorsel.jpg","datePublished":"2024-11-18T08:12:01+00:00","dateModified":"2024-11-18T08:30:18+00:00","description":"D\u00fcnyadaki s\u0131n\u0131rl\u0131 kaynaklar\u0131 hi\u00e7 t\u00fckenmeyecekmi\u015f gibi kullanmak, gelecek nesiller i\u00e7in ya\u015fanabilecek bir d\u00fcnya b\u0131rakmay\u0131 neredeyse imk\u00e2ns\u0131z h\u00e2le getiriyor. Fosil yak\u0131t t\u00fcketimi de bu durumu destekliyor. Oysa kaynaklar\u0131 do\u011fru kullanmak ve fosil yak\u0131t kullan\u0131m\u0131n\u0131 durdurarak yenilenebilir enerji kaynaklar\u0131na ge\u00e7mek gibi f\u0131rsatlar da mevcut. Daha ya\u015fan\u0131labilir bir d\u00fcnya i\u00e7in bu f\u0131rsatlar\u0131 de\u011ferlendirmek ve karbon ayak izinin, su ayak izinin ve ekolojik ayak izinin azalt\u0131lmas\u0131 i\u00e7in ad\u0131mlar atmak gerekiyor. Gelin, ayak izinin ne oldu\u011funa yak\u0131ndan bakarak do\u011faya olan etkilerini inceleyelim ve nas\u0131l daha s\u00fcrd\u00fcr\u00fclebilir ad\u0131mlar atabilece\u011fimizi birlikte ke\u015ffedelim.\u00a0","breadcrumb":{"@id":"https:\/\/www.quickcarbon.com\/tr\/blog\/ayak-izi-nedir\/#breadcrumb"},"inLanguage":"tr","potentialAction":[{"@type":"ReadAction","target":["https:\/\/www.quickcarbon.com\/tr\/blog\/ayak-izi-nedir\/"]}]},{"@type":"ImageObject","inLanguage":"tr","@id":"https:\/\/www.quickcarbon.com\/tr\/blog\/ayak-izi-nedir\/#primaryimage","url":"https:\/\/www.quickcarbon.com\/tr\/wp-content\/uploads\/2024\/11\/12_Kapak-Gorsel.jpg","contentUrl":"https:\/\/www.quickcarbon.com\/tr\/wp-content\/uploads\/2024\/11\/12_Kapak-Gorsel.jpg","width":1072,"height":666},{"@type":"BreadcrumbList","@id":"https:\/\/www.quickcarbon.com\/tr\/blog\/ayak-izi-nedir\/#breadcrumb","itemListElement":[{"@type":"ListItem","position":1,"name":"Ana Sayfa","item":"https:\/\/www.quickcarbon.com\/tr\/"},{"@type":"ListItem","position":2,"name":"Ayak \u0130zi Nedir?\u00a0"}]},{"@type":"WebSite","@id":"https:\/\/www.quickcarbon.com\/tr\/#website","url":"https:\/\/www.quickcarbon.com\/tr\/","name":"QuickCarbon","description":"Take Control of Your Corporate Carbon Footprint","publisher":{"@id":"https:\/\/www.quickcarbon.com\/tr\/#organization"},"alternateName":"QC","potentialAction":[{"@type":"SearchAction","target":{"@type":"EntryPoint","urlTemplate":"https:\/\/www.quickcarbon.com\/tr\/?s={search_term_string}"},"query-input":{"@type":"PropertyValueSpecification","valueRequired":true,"valueName":"search_term_string"}}],"inLanguage":"tr"},{"@type":"Organization","@id":"https:\/\/www.quickcarbon.com\/tr\/#organization","name":"QuickCarbon","alternateName":"QC","url":"https:\/\/www.quickcarbon.com\/tr\/","logo":{"@type":"ImageObject","inLanguage":"tr","@id":"https:\/\/www.quickcarbon.com\/tr\/#\/schema\/logo\/image\/","url":"https:\/\/www.quickcarbon.com\/tr\/wp-content\/uploads\/2023\/09\/cropped-qc_favicon-1.png","contentUrl":"https:\/\/www.quickcarbon.com\/tr\/wp-content\/uploads\/2023\/09\/cropped-qc_favicon-1.png","width":512,"height":512,"caption":"QuickCarbon"},"image":{"@id":"https:\/\/www.quickcarbon.com\/tr\/#\/schema\/logo\/image\/"},"sameAs":["https:\/\/www.facebook.com\/quickcarbon\/","https:\/\/x.com\/QuickCarbon_Tr","https:\/\/www.instagram.com\/quickcarbon_official\/","https:\/\/www.linkedin.com\/showcase\/quickcarbon-\/"]},{"@type":"Person","@id":"https:\/\/www.quickcarbon.com\/tr\/#\/schema\/person\/e9ff9b7b560010798b00c0355cb606f1","name":"Elif Akko\u00e7","image":{"@type":"ImageObject","inLanguage":"tr","@id":"https:\/\/www.quickcarbon.com\/tr\/#\/schema\/person\/image\/","url":"https:\/\/secure.gravatar.com\/avatar\/1419d3d4829046468ad9f261eb84b5e321805c1b4084d3d1c85c0de62b0330de?s=96&d=mm&r=g","contentUrl":"https:\/\/secure.gravatar.com\/avatar\/1419d3d4829046468ad9f261eb84b5e321805c1b4084d3d1c85c0de62b0330de?s=96&d=mm&r=g","caption":"Elif Akko\u00e7"},"sameAs":["https:\/\/www.quickcarbon.com\/"]}]}},"_links":{"self":[{"href":"https:\/\/www.quickcarbon.com\/tr\/wp-json\/wp\/v2\/posts\/1666","targetHints":{"allow":["GET"]}}],"collection":[{"href":"https:\/\/www.quickcarbon.com\/tr\/wp-json\/wp\/v2\/posts"}],"about":[{"href":"https:\/\/www.quickcarbon.com\/tr\/wp-json\/wp\/v2\/types\/post"}],"author":[{"embeddable":true,"href":"https:\/\/www.quickcarbon.com\/tr\/wp-json\/wp\/v2\/users\/3"}],"replies":[{"embeddable":true,"href":"https:\/\/www.quickcarbon.com\/tr\/wp-json\/wp\/v2\/comments?post=1666"}],"version-history":[{"count":3,"href":"https:\/\/www.quickcarbon.com\/tr\/wp-json\/wp\/v2\/posts\/1666\/revisions"}],"predecessor-version":[{"id":1683,"href":"https:\/\/www.quickcarbon.com\/tr\/wp-json\/wp\/v2\/posts\/1666\/revisions\/1683"}],"wp:featuredmedia":[{"embeddable":true,"href":"https:\/\/www.quickcarbon.com\/tr\/wp-json\/wp\/v2\/media\/1667"}],"wp:attachment":[{"href":"https:\/\/www.quickcarbon.com\/tr\/wp-json\/wp\/v2\/media?parent=1666"}],"wp:term":[{"taxonomy":"category","embeddable":true,"href":"https:\/\/www.quickcarbon.com\/tr\/wp-json\/wp\/v2\/categories?post=1666"},{"taxonomy":"post_tag","embeddable":true,"href":"https:\/\/www.quickcarbon.com\/tr\/wp-json\/wp\/v2\/tags?post=1666"}],"curies":[{"name":"wp","href":"https:\/\/api.w.org\/{rel}","templated":true}]}}