{"id":1701,"date":"2024-12-02T11:47:09","date_gmt":"2024-12-02T08:47:09","guid":{"rendered":"https:\/\/www.quickcarbon.com\/tr\/?p=1701"},"modified":"2024-12-02T11:47:11","modified_gmt":"2024-12-02T08:47:11","slug":"su-ayak-izi-hesaplamasi-nasil-yapilir","status":"publish","type":"post","link":"https:\/\/www.quickcarbon.com\/tr\/blog\/su-ayak-izi-hesaplamasi-nasil-yapilir\/","title":{"rendered":"Su Ayak \u0130zi Hesaplamas\u0131 Nas\u0131l Yap\u0131l\u0131r?"},"content":{"rendered":"\n<p>Kent alanlar\u0131n\u0131n geni\u015flemesi ve yo\u011fun n\u00fcfus art\u0131\u015f\u0131, ya\u015fam i\u00e7in hayati \u00f6nem ta\u015f\u0131yan tatl\u0131 su t\u00fcketiminde de ciddi bir y\u00fckselme meydana getirmi\u015f durumda. G\u0131dan\u0131n, enerjinin ve t\u00fcketici \u00fcr\u00fcnlerinin \u00fcretilmesi i\u00e7in daha fazla su t\u00fcketimine ihtiya\u00e7 duyulmas\u0131ysa s\u0131n\u0131rl\u0131 kaynaklar\u0131n bilin\u00e7li \u015fekilde t\u00fcketilmesini gereklilik h\u00e2line getiriyor. Su ayak izi kavram\u0131, yerel ve global kurulu\u015flar\u0131n bir su t\u00fcketimi de\u011ferlendirmesi yapabilmesi ve su tasarrufu sa\u011flamak i\u00e7in stratejik hedefler koyabilmesi i\u00e7in bir f\u0131rsat yarat\u0131yor. Gelin, &#8220;Su ayak izi nedir?&#8221;, &#8220;Su ayak izi nas\u0131l hesaplan\u0131r?&#8221; ve &#8220;Su ayak izini azaltmak i\u00e7in neler yap\u0131lmal\u0131?&#8221; gibi sorular\u0131n yan\u0131tlar\u0131na birlikte bakal\u0131m.<\/p>\n\n\n\n<h2 class=\"wp-block-heading\"><strong>Su Ayak \u0130zi Nedir?<\/strong><\/h2>\n\n\n\n<figure class=\"wp-block-image\"><img loading=\"lazy\" decoding=\"async\" width=\"1072\" height=\"666\" src=\"https:\/\/www.quickcarbon.com\/tr\/wp-content\/uploads\/2024\/12\/Su-Ayak-I\u2560czi-Nedir-.jpg\" alt=\"\" class=\"wp-image-1704\" srcset=\"https:\/\/www.quickcarbon.com\/tr\/wp-content\/uploads\/2024\/12\/Su-Ayak-I\u2560czi-Nedir-.jpg 1072w, https:\/\/www.quickcarbon.com\/tr\/wp-content\/uploads\/2024\/12\/Su-Ayak-I\u2560czi-Nedir--300x186.jpg 300w, https:\/\/www.quickcarbon.com\/tr\/wp-content\/uploads\/2024\/12\/Su-Ayak-I\u2560czi-Nedir--1024x636.jpg 1024w, https:\/\/www.quickcarbon.com\/tr\/wp-content\/uploads\/2024\/12\/Su-Ayak-I\u2560czi-Nedir--768x477.jpg 768w\" sizes=\"auto, (max-width: 1072px) 100vw, 1072px\" \/><\/figure>\n\n\n\n<p>Su ayak izi, karbon ayak izine benzer \u015fekilde t\u00fcketicilerin kulland\u0131\u011f\u0131 tatl\u0131 su hacmini \u00f6l\u00e7en \u00e7evre g\u00f6stergelerinden biridir. Bu \u00f6l\u00e7\u00fcm litre ya da metrek\u00fcp cinsinden yap\u0131l\u0131r. Bir bireyin, ti\u015f\u00f6rt ya da pantolon gibi tekstil \u00fcr\u00fcnleri \u00fcreten bir i\u015fletmenin veya bir \u00fclkenin g\u00fcnl\u00fck, ayl\u0131k veya y\u0131ll\u0131k faaliyetlerinde ne kadar su t\u00fcketti\u011finin \u00f6l\u00e7\u00fcm\u00fc su ayak izi hesaplamas\u0131yla yap\u0131labilir.<\/p>\n\n\n\n<p>McKinsey &amp; Company taraf\u0131ndan yay\u0131mlanan bir <a href=\"https:\/\/www.mckinsey.com\/~\/media\/mckinsey\/dotcom\/client_service\/sustainability\/pdfs\/charting%20our%20water%20future\/charting_our_water_future_full_report_.ashx\">ara\u015ft\u0131rmada<\/a>, 2030 y\u0131l\u0131na kadar k\u00fcresel su talebinin arz miktar\u0131n\u0131 %40 oran\u0131nda a\u015faca\u011f\u0131 tahmin ediliyor. Kaynaklar\u0131n azalmas\u0131 nedeniyle bu talebin kar\u015f\u0131lanamayacak olmas\u0131 \u00fclkelerde su g\u00fcvensizli\u011fine neden oluyor.<\/p>\n\n\n\n<p>Su ayak izi kavram\u0131 ilk olarak 2002 y\u0131l\u0131nda Arjen Hoekstra taraf\u0131ndan ortaya at\u0131lm\u0131\u015ft\u0131r. UNESCO&#8217;ya ba\u011fl\u0131 Delft Su E\u011fitimi Enstit\u00fcs\u00fc&#8217;nde \u00e7al\u0131\u015fan Hoekstra, 2008 y\u0131l\u0131ndaysa bir Su Ayak \u0130zi A\u011f\u0131 kurmu\u015f ve bu a\u011f\u0131 kurarken i\u015f d\u00fcnyas\u0131n\u0131n, kamunun ve akademinin \u00f6nemli isimlerinden destek alm\u0131\u015ft\u0131r. Bu kavram\u0131n temel amac\u0131, \u00fcretim s\u00fcre\u00e7lerinin ve g\u00fcnl\u00fck ya\u015fam al\u0131\u015fkanl\u0131klar\u0131n\u0131n ne kadar su t\u00fcketti\u011fine dair fark\u0131ndal\u0131k olu\u015fturarak, suyun daha s\u00fcrd\u00fcr\u00fclebilir ve bilin\u00e7li kullan\u0131m\u0131n\u0131 te\u015fvik etmektir. Su ayak izinin \u00f6l\u00e7\u00fcm\u00fc bireyleri, kurulu\u015flar\u0131 ve \u00fclkeleri su t\u00fcketimi konusunda tasarruf tedbirleri uygulamaya ve s\u00fcrd\u00fcr\u00fclebilir bir gelece\u011fe katk\u0131da bulunmaya davet eder.<\/p>\n\n\n\n<h2 class=\"wp-block-heading\"><strong>Su Ayak \u0130zi T\u00fcrleri<\/strong><\/h2>\n\n\n\n<p>Mavi, ye\u015fil ve gri olmak \u00fczere 3 farkl\u0131 su ayak t\u00fcr\u00fc bulunur. Bu \u00fc\u00e7 t\u00fcr su ayak izi t\u00fcketilen, buharla\u015fan ve kirlenen su miktar\u0131n\u0131 g\u00f6sterir. Bu su ayak izi t\u00fcrlerinin detaylar\u0131 ise \u015f\u00f6yledir:<\/p>\n\n\n\n<p class=\"has-medium-font-size\"><strong>Mavi Su Ayak \u0130zi<\/strong><\/p>\n\n\n\n<p>\u00dcr\u00fcnlerin \u00fcretim s\u00fcre\u00e7lerinde kullan\u0131lmak \u00fczere buharla\u015fan veya do\u011frudan kullan\u0131lan y\u00fczey ve yeralt\u0131 sular\u0131n\u0131n miktar\u0131n\u0131 g\u00f6sterir. Tar\u0131m \u00fcr\u00fcnlerinin yeti\u015ftirilmesi i\u00e7in veya evlerde g\u00fcnl\u00fck kullan\u0131m i\u00e7in t\u00fcketilen su miktar\u0131 mavi su ayak izini olu\u015fturur.<\/p>\n\n\n\n<p class=\"has-medium-font-size\"><strong>Ye\u015fil Su Ayak \u0130zi<\/strong><\/p>\n\n\n\n<p>Y\u00fczeyde depolanan ya\u011fmur suyu miktar\u0131n\u0131 g\u00f6sterir. Tar\u0131m \u00fcr\u00fcnlerinin veya bitkilerin b\u00fcy\u00fcmesi i\u00e7in gerekli olan su ya\u011fmur suyu miktar\u0131 olarak da ifade edilebilir. Ye\u015fil su ayak izi tar\u0131m \u00fcretimindeki veya ekosistemler \u00fczerindeki su bask\u0131s\u0131n\u0131n \u00f6l\u00e7\u00fclebilmesi i\u00e7in son derece \u00f6nemlidir.<\/p>\n\n\n\n<p class=\"has-medium-font-size\"><strong>Gri Su Ayak \u0130zi<\/strong><\/p>\n\n\n\n<p>\u00dcretim s\u00fcrecinde ortaya \u00e7\u0131kan kimyasallar ve kirleticiler nedeniyle kirlenen suyun temizlenebilmesi i\u00e7in gerekli olan tatl\u0131 su miktar\u0131n\u0131 g\u00f6sterir. Yani bu ayak izi s\u0131n\u0131f\u0131, suyun kirleticileri seyreltme ya da ar\u0131tma kapasitesine i\u015faret eder ve suyun ekosistem sa\u011fl\u0131\u011f\u0131 a\u00e7\u0131s\u0131ndan ne kadar kritik oldu\u011funu g\u00f6sterir. Bu s\u00fcre\u00e7, su kaynaklar\u0131n\u0131n s\u00fcrd\u00fcr\u00fclebilir kullan\u0131m\u0131n\u0131 ve ekosistemlerin korunmas\u0131n\u0131 sa\u011flamak amac\u0131yla tatl\u0131 su talebini art\u0131rabilir.<\/p>\n\n\n\n<p>Su ayak izinin farkl\u0131 t\u00fcrleri, su kaynaklar\u0131n\u0131n kullan\u0131m alanlar\u0131n\u0131 ve \u00e7evresel etkilerini anlamaya yard\u0131mc\u0131 olabilir. Bu kaynaklar\u0131n s\u00fcrd\u00fcr\u00fclebilir y\u00f6netiminin sa\u011flanmas\u0131 ve \u00e7evreye olan etkilerinin minimize edilmesi i\u00e7in bilin\u00e7li ad\u0131mlar atmak bir tercih olman\u0131n \u00f6tesine ge\u00e7mi\u015f ve zorunluluk h\u00e2line gelmi\u015ftir.<\/p>\n\n\n\n<h2 class=\"wp-block-heading\"><strong>Su Ayak \u0130zi Hesaplamas\u0131 Nas\u0131l Yap\u0131l\u0131r?<\/strong><\/h2>\n\n\n\n<figure class=\"wp-block-image\"><img loading=\"lazy\" decoding=\"async\" width=\"1072\" height=\"666\" src=\"https:\/\/www.quickcarbon.com\/tr\/wp-content\/uploads\/2024\/12\/Su-Ayak-I\u2560czi-Hesaplamas\u2500\u2592-Nas\u2500\u2592l-Yap\u2500\u2592l\u2500\u2592r-.jpg\" alt=\"\" class=\"wp-image-1703\" srcset=\"https:\/\/www.quickcarbon.com\/tr\/wp-content\/uploads\/2024\/12\/Su-Ayak-I\u2560czi-Hesaplamas\u2500\u2592-Nas\u2500\u2592l-Yap\u2500\u2592l\u2500\u2592r-.jpg 1072w, https:\/\/www.quickcarbon.com\/tr\/wp-content\/uploads\/2024\/12\/Su-Ayak-I\u2560czi-Hesaplamas\u2500\u2592-Nas\u2500\u2592l-Yap\u2500\u2592l\u2500\u2592r--300x186.jpg 300w, https:\/\/www.quickcarbon.com\/tr\/wp-content\/uploads\/2024\/12\/Su-Ayak-I\u2560czi-Hesaplamas\u2500\u2592-Nas\u2500\u2592l-Yap\u2500\u2592l\u2500\u2592r--1024x636.jpg 1024w, https:\/\/www.quickcarbon.com\/tr\/wp-content\/uploads\/2024\/12\/Su-Ayak-I\u2560czi-Hesaplamas\u2500\u2592-Nas\u2500\u2592l-Yap\u2500\u2592l\u2500\u2592r--768x477.jpg 768w\" sizes=\"auto, (max-width: 1072px) 100vw, 1072px\" \/><\/figure>\n\n\n\n<p>Su ayak izi \u00f6l\u00e7\u00fcm\u00fc s\u0131ras\u0131nda pek \u00e7ok unsur dikkate al\u0131n\u0131r ve elde edilen sonu\u00e7lar genellikle kesin de\u011fil, yakla\u015f\u0131kt\u0131r. Su ayak izi hesaplamas\u0131na d\u00e2hil edilen veriler ne kadar do\u011fruysa elde edilen sonu\u00e7 da ger\u00e7e\u011fe o kadar yak\u0131n olur. Bireyler, \u015firketler veya \u00fclkeler i\u00e7in hesaplama s\u00fcrecine d\u00e2hil edilen veriler birbirinden farkl\u0131 olabilir. Su ayak izi \u00f6l\u00e7\u00fcl\u00fcrken genellikle \u015fu verilerden faydalan\u0131l\u0131r:<\/p>\n\n\n\n<p><strong>1. Toplam T\u00fcketim Hacmi ve GSY\u0130H<\/strong><\/p>\n\n\n\n<p>Bir \u00fclkenin su ayak izi hesaplan\u0131rken dikkate al\u0131nan ilk fakt\u00f6r, toplam su t\u00fcketim hacmidir. \u00dclkedeki su kullan\u0131m\u0131n\u0131n boyutlar\u0131n\u0131 belirleyen en \u00f6nemli etkenlerden biriyse Gayri Safi Yurti\u00e7i Has\u0131la (GSY\u0130H) d\u00fczeyidir. Su t\u00fcketimiyle do\u011frudan ili\u015fkili olan GSY\u0130H, bir \u00fclkenin ekonomik b\u00fcy\u00fckl\u00fc\u011f\u00fcn\u00fc ifade eder. \u00c7\u00fcnk\u00fc ekonomisi b\u00fcy\u00fck olan \u00fclkeler genellikle sanayi uygulamalar\u0131, tar\u0131m faaliyetleri ve evsel kullan\u0131m i\u00e7in daha fazla su t\u00fcketir. Yani GSY\u0130H&#8217;si y\u00fcksek olan \u00fclkelerin su t\u00fcketim hacminin de fazla oldu\u011fu s\u00f6ylenebilir. \u00d6rne\u011fin sanayi bak\u0131m\u0131ndan geli\u015fmi\u015f ve n\u00fcfus bak\u0131m\u0131ndan yo\u011fun \u00fclkeler aras\u0131nda bulunan Amerika Birle\u015fik Devletleri&#8217;nin su ayak izi, daha k\u00fc\u00e7\u00fck ekonomilere g\u00f6re daha fazlad\u0131r.<\/p>\n\n\n\n<p><strong>2. T\u00fcketim Kal\u0131plar\u0131<\/strong><\/p>\n\n\n\n<p>\u00dcretiminde \u00e7ok fazla suya ihtiya\u00e7 duyulan s\u00fct \u00fcr\u00fcnleri ve et gibi g\u0131da \u00fcr\u00fcnlerinin t\u00fcketilmesi, su ayak izinin ayn\u0131 \u00f6l\u00e7\u00fcde b\u00fcy\u00fcmesine neden olur. \u00d6rne\u011fin s\u0131\u011f\u0131r eti \u00fcretimi i\u00e7in y\u00fcksek miktarda su gerekirken, tah\u0131l \u00fcretimi i\u00e7in \u00e7ok daha az miktarda suya ihtiya\u00e7 vard\u0131r. Bu nedenle et t\u00fcketimi y\u00fcksek olan \u00fclkelerin su ayak izi tah\u0131l a\u011f\u0131rl\u0131kl\u0131 beslenen \u00fclkelere g\u00f6re daha b\u00fcy\u00fck olabilir. T\u00fcketim al\u0131\u015fkanl\u0131klar\u0131, yaln\u0131zca g\u0131da \u00fcr\u00fcnleriyle s\u0131n\u0131rl\u0131 de\u011fildir; giyim ve end\u00fcstriyel \u00fcr\u00fcnler de su ayak izinin artmas\u0131na katk\u0131da bulunur.<\/p>\n\n\n\n<p><strong>3. \u0130klim Ko\u015fullar\u0131<\/strong><\/p>\n\n\n\n<p>\u0130klim, su ayak izi hesaplamas\u0131nda \u00f6nemli bir rol oynar. S\u0131cak ve kuru iklimlere sahip \u00fclkelerde tar\u0131mda kullan\u0131lan su miktar\u0131 genellikle daha fazlad\u0131r. Y\u00fcksek s\u0131cakl\u0131klar buharla\u015fmay\u0131 h\u0131zland\u0131rarak mahsullerin daha fazla suya ihtiya\u00e7 duymas\u0131na neden olur. \u00d6rne\u011fin Afrika\u2019n\u0131n kuzeyinde veya Orta Do\u011fu\u2019da bulunan \u00fclkelerde s\u0131cakl\u0131klar y\u00fcksek, ya\u011f\u0131\u015flar azd\u0131r. Dolay\u0131s\u0131yla tar\u0131msal \u00fcretim i\u00e7in ihtiya\u00e7 duyulan su miktar\u0131 da olduk\u00e7a y\u00fcksektir. Su kaynaklar\u0131n\u0131n s\u0131n\u0131rl\u0131 oldu\u011fu bu b\u00f6lgelerde iklim ko\u015fullar\u0131 su y\u00f6netimi a\u00e7\u0131s\u0131ndan kritik bir fakt\u00f6rd\u00fcr.<\/p>\n\n\n\n<p><strong>4. Tar\u0131msal Uygulamalar<\/strong><\/p>\n\n\n\n<p>Tar\u0131msal uygulamalar\u0131n verimlili\u011fi bir \u00fclkenin su ayak izini do\u011frudan etkileyen bir di\u011fer \u00f6nemli fakt\u00f6rd\u00fcr. Verimli tar\u0131m y\u00f6ntemlerine sahip olmayan \u00fclkelerde su kullan\u0131m\u0131 genellikle daha y\u00fcksektir. \u00d6rne\u011fin Tayland ve Mali gibi \u00fclkelerde tar\u0131msal verimlilik d\u00fc\u015f\u00fck oldu\u011fundan su ayak izi de y\u00fcksektir. Verimli sulama tekniklerinin kullan\u0131lmamas\u0131 suyun israf edilmesine ve \u00fcretim s\u00fcre\u00e7lerinde fazla su t\u00fcketilmesine yol a\u00e7abilir. Modern tar\u0131m teknolojileri ve s\u00fcrd\u00fcr\u00fclebilir uygulamalarsa su kullan\u0131m\u0131n\u0131 azaltarak su ayak izinin k\u00fc\u00e7\u00fclmesine katk\u0131 sa\u011flayabilir.<\/p>\n\n\n\n<p>Su ayak izini hesaplamak i\u00e7in \u00e7e\u015fitli platformlar, yaz\u0131l\u0131mlar veya web siteleri kullan\u0131labilir. Su ayak izini yakla\u015f\u0131k olarak hesaplamak i\u00e7in g\u00fcvenilir bir yaz\u0131l\u0131ma sizden istenen bilgileri girebilir ve tahmini su ayak izinizi hesaplayabilirsiniz.<\/p>\n\n\n\n<h2 class=\"wp-block-heading\"><strong>Su Ayak \u0130zini Azaltmak \u0130\u00e7in Bireysel \u00c7\u00f6z\u00fcmler<\/strong><\/h2>\n\n\n\n<p>G\u00fcnl\u00fck ya\u015famda yap\u0131lan k\u00fc\u00e7\u00fck de\u011fi\u015fiklikler su kaynaklar\u0131n\u0131n korunmas\u0131na ve s\u00fcrd\u00fcr\u00fclebilir bir gelecek in\u015fa edilmesine \u00f6nemli katk\u0131lar sa\u011flayabilir. Su ayak izinin azalt\u0131lmas\u0131 i\u00e7in bireyler taraf\u0131ndan al\u0131nabilecek olan basit ama etkili \u00f6nlemler do\u011fal kaynaklar\u0131n bilin\u00e7li kullan\u0131m\u0131n\u0131 destekleyebilir.<\/p>\n\n\n\n<figure class=\"wp-block-image\"><img loading=\"lazy\" decoding=\"async\" width=\"1072\" height=\"666\" src=\"https:\/\/www.quickcarbon.com\/tr\/wp-content\/uploads\/2024\/12\/Su-Ayak-I\u2560czini-Azaltmak-I\u2560cc\u2560gin-Bireysel-C\u2560go\u2560ezu\u2560emler.jpg\" alt=\"\" class=\"wp-image-1705\" srcset=\"https:\/\/www.quickcarbon.com\/tr\/wp-content\/uploads\/2024\/12\/Su-Ayak-I\u2560czini-Azaltmak-I\u2560cc\u2560gin-Bireysel-C\u2560go\u2560ezu\u2560emler.jpg 1072w, https:\/\/www.quickcarbon.com\/tr\/wp-content\/uploads\/2024\/12\/Su-Ayak-I\u2560czini-Azaltmak-I\u2560cc\u2560gin-Bireysel-C\u2560go\u2560ezu\u2560emler-300x186.jpg 300w, https:\/\/www.quickcarbon.com\/tr\/wp-content\/uploads\/2024\/12\/Su-Ayak-I\u2560czini-Azaltmak-I\u2560cc\u2560gin-Bireysel-C\u2560go\u2560ezu\u2560emler-1024x636.jpg 1024w, https:\/\/www.quickcarbon.com\/tr\/wp-content\/uploads\/2024\/12\/Su-Ayak-I\u2560czini-Azaltmak-I\u2560cc\u2560gin-Bireysel-C\u2560go\u2560ezu\u2560emler-768x477.jpg 768w\" sizes=\"auto, (max-width: 1072px) 100vw, 1072px\" \/><\/figure>\n\n\n\n<p class=\"has-medium-font-size\"><strong>Daha K\u0131sa Du\u015f Alma S\u00fcreleri<\/strong><\/p>\n\n\n\n<p>Du\u015f alma s\u00fcrelerini k\u0131saltmak, suyu daha verimli kullanmak i\u00e7in en basit y\u00f6ntemlerden biridir. \u00c7\u00fcnk\u00fc uzun s\u00fcreli du\u015flar su israf\u0131na yol a\u00e7ar. Du\u015f s\u00fcresini 5-10 dakikayla s\u0131n\u0131rland\u0131rmak \u00f6nemli miktarda su tasarrufu sa\u011flayabilir.<\/p>\n\n\n\n<p class=\"has-medium-font-size\"><strong>Tasarruflu Du\u015f Ba\u015fl\u0131klar\u0131<\/strong><\/p>\n\n\n\n<p>Suyun verimli kullan\u0131m\u0131n\u0131 te\u015fvik eden tasarruflu du\u015f ba\u015fl\u0131klar\u0131, suyun \u015fiddetini dengeleyerek daha az su t\u00fcketilmesini sa\u011flar. Bu k\u00fc\u00e7\u00fck de\u011fi\u015fiklik sayesinde y\u0131lda y\u00fczlerce litre su tasarrufu yap\u0131labilir.<\/p>\n\n\n\n<p class=\"has-medium-font-size\"><strong>Yerel ve S\u00fcrd\u00fcr\u00fclebilir G\u0131dalar\u0131n T\u00fcketimi<\/strong><\/p>\n\n\n\n<p>\u00d6zellikle et ve s\u00fct gibi hayvansal \u00fcr\u00fcnlerin \u00fcretimi, bitkisel g\u0131dalara g\u00f6re \u00e7ok daha fazla su gerektirir. Daha az et t\u00fcketmek ve bitkisel a\u011f\u0131rl\u0131kl\u0131 bir beslenme al\u0131\u015fkanl\u0131\u011f\u0131 geli\u015ftirmek su ayak izinin azalt\u0131lmas\u0131na destek olabilir. Ayr\u0131ca s\u00fcrd\u00fcr\u00fclebilir ve yerel tar\u0131m \u00fcr\u00fcnleri tercih etmek de su kaynaklar\u0131n\u0131n verimli kullan\u0131lmas\u0131na katk\u0131 sa\u011flar. Yerel \u00e7ift\u00e7ileri desteklemek, g\u0131dalar\u0131n \u00fcretim ve lojistik s\u00fcre\u00e7lerinde kullan\u0131lan su miktar\u0131n\u0131 da azaltabilir.<\/p>\n\n\n\n<p class=\"has-medium-font-size\"><strong>D\u00f6ng\u00fcsel Ekonominin Benimsenmesi<\/strong><\/p>\n\n\n\n<p>D\u00f6ng\u00fcsel ekonomi kaynaklar\u0131n\u0131n tekrar kullan\u0131m\u0131na te\u015fvik etmek, hem su t\u00fcketimini hem olumsuz \u00e7evresel etkileri minimize eder. \u00dcr\u00fcnleri uzun \u00f6m\u00fcrl\u00fc olarak kullanmak veya geri d\u00f6n\u00fc\u015ft\u00fcr\u00fclebilir \u00fcr\u00fcnler tercih etmek su kaynaklar\u0131n\u0131n verimli kullan\u0131m\u0131n\u0131 sa\u011flayabilir.<\/p>\n\n\n\n<h2 class=\"wp-block-heading\"><strong>Su Ayak \u0130zini Azaltmak \u0130\u00e7in Kurumsal \u00c7\u00f6z\u00fcmler<\/strong><\/h2>\n\n\n\n<figure class=\"wp-block-image\"><img loading=\"lazy\" decoding=\"async\" width=\"1072\" height=\"666\" src=\"https:\/\/www.quickcarbon.com\/tr\/wp-content\/uploads\/2024\/12\/Su-Ayak-I\u2560czini-Azaltmak-I\u2560cc\u2560gin-Kurumsal-C\u2560go\u2560ezu\u2560emler.jpg\" alt=\"\" class=\"wp-image-1706\" srcset=\"https:\/\/www.quickcarbon.com\/tr\/wp-content\/uploads\/2024\/12\/Su-Ayak-I\u2560czini-Azaltmak-I\u2560cc\u2560gin-Kurumsal-C\u2560go\u2560ezu\u2560emler.jpg 1072w, https:\/\/www.quickcarbon.com\/tr\/wp-content\/uploads\/2024\/12\/Su-Ayak-I\u2560czini-Azaltmak-I\u2560cc\u2560gin-Kurumsal-C\u2560go\u2560ezu\u2560emler-300x186.jpg 300w, https:\/\/www.quickcarbon.com\/tr\/wp-content\/uploads\/2024\/12\/Su-Ayak-I\u2560czini-Azaltmak-I\u2560cc\u2560gin-Kurumsal-C\u2560go\u2560ezu\u2560emler-1024x636.jpg 1024w, https:\/\/www.quickcarbon.com\/tr\/wp-content\/uploads\/2024\/12\/Su-Ayak-I\u2560czini-Azaltmak-I\u2560cc\u2560gin-Kurumsal-C\u2560go\u2560ezu\u2560emler-768x477.jpg 768w\" sizes=\"auto, (max-width: 1072px) 100vw, 1072px\" \/><\/figure>\n\n\n\n<p>Bireysel t\u00fcketicilerin yan\u0131 s\u0131ra i\u015fletmeler de su ayak izini azaltmak i\u00e7in bir\u00e7ok ad\u0131m atabilir. \u00c7evre kalite sistemlerini uygulamak ve su tasarrufuna odaklanmak hem \u00e7evreyi koruyabilir hem s\u00fcrd\u00fcr\u00fclebilir i\u015f modelleri geli\u015ftirilmesini m\u00fcmk\u00fcn k\u0131labilir. Tasarruf ve s\u00fcrd\u00fcr\u00fclebilirlik odakl\u0131 faaliyetler ger\u00e7ekle\u015ftirerek marka itibar\u0131 g\u00fc\u00e7lendirilebilir ve fark\u0131ndal\u0131k yarat\u0131larak daha geni\u015f bir kitleye ula\u015f\u0131labilir. Kurumlar\u0131n su ayak izini azaltmak i\u00e7in atabilece\u011fi ad\u0131mlardan baz\u0131lar\u0131 \u015funlard\u0131r:<\/p>\n\n\n\n<p class=\"has-medium-font-size\"><strong>Su Verimlili\u011finin Art\u0131r\u0131lmas\u0131<\/strong><\/p>\n\n\n\n<p>Yeni nesil su tasarruflu teknolojilere ge\u00e7i\u015f yap\u0131labilir. Damla sulama gibi sulama faaliyetlerini daha tasarruflu h\u00e2le getiren teknolojiler su verimlili\u011fi sa\u011flayabilir. Su tesisat\u0131n\u0131 d\u00fczenli olarak takip etmek ve su s\u0131z\u0131nt\u0131lar\u0131n\u0131 \u00f6nlemek gereksiz su kayb\u0131n\u0131n \u00f6n\u00fcne ge\u00e7ebilir.<\/p>\n\n\n\n<p class=\"has-medium-font-size\"><strong>Su Geri D\u00f6n\u00fc\u015f\u00fcm Faaliyetleri<\/strong><\/p>\n\n\n\n<p>\u00d6zellikle end\u00fcstriyel i\u015fletmeler, end\u00fcstriyel faaliyetler nedeniyle kirlenen suyu ar\u0131tarak \u00fcretim s\u00fcre\u00e7lerine yeniden d\u00e2hil edebilir ve bu sayede su tasarrufu sa\u011flayabilir.<\/p>\n\n\n\n<p class=\"has-medium-font-size\"><strong>Kaynak \u0130zleme ve Y\u00f6netme<\/strong><\/p>\n\n\n\n<p>Bug\u00fcn pek \u00e7ok end\u00fcstriye entegre bir \u015fekilde \u00e7al\u0131\u015fabilen dijital su takip ve izleme sistemleri t\u00fcketilen suyun miktar\u0131 ve at\u0131k su y\u00f6netimi gibi konularda d\u00fczenli veri ak\u0131\u015f\u0131 sa\u011flayabilir. Elde edilen veriler su kaynaklar\u0131n\u0131n y\u00f6netimi ve verimli bir \u015fekilde kullan\u0131m\u0131 i\u00e7in gerekli stratejilerin olu\u015fturulmas\u0131na yard\u0131mc\u0131 olabilir.<\/p>\n\n\n\n<p class=\"has-medium-font-size\"><strong>\u00dcretim ve Tedarik Zinciri S\u00fcre\u00e7lerini \u0130yile\u015ftirme<\/strong><\/p>\n\n\n\n<p>\u00dcretim s\u00fcre\u00e7lerinde kullan\u0131lan su miktar\u0131n\u0131n optimize edilmesi i\u00e7in yenilik\u00e7i yakla\u015f\u0131mlar\u0131n benimsenmesi gerekebilir. \u00dcretiminde daha az su t\u00fcketimi gerektiren malzemelere y\u00f6nelmek, tedarik zinciri ve lojistik hizmeti al\u0131rken su verimlili\u011fi konusunda \u015feffaf ve ger\u00e7ek\u00e7i veriler sunan \u015firketler tercih etmek su kaynaklar\u0131n\u0131n korunmas\u0131na yard\u0131mc\u0131 olabilir.<\/p>\n\n\n\n<h2 class=\"wp-block-heading\"><strong>Su Ayak \u0130zini Azaltmak Neden \u00d6nemli?<\/strong><\/h2>\n\n\n\n<p>Su ayak izini azaltmak sadece bireysel bir g\u00f6rev de\u011fil, ayn\u0131 zamanda toplumsal bir sorumluluk olarak g\u00f6r\u00fclmelidir. Su ayak izini azaltmaya y\u00f6nelik en k\u00fc\u00e7\u00fck giri\u015fimler bile \u015fu gibi etkiler yaratabilir:<\/p>\n\n\n\n<ul class=\"wp-block-list\">\n<li>Daha az su t\u00fcketmek, s\u00fcrd\u00fcr\u00fclebilir g\u0131dalar t\u00fcketmek ve geri d\u00f6n\u00fc\u015f\u00fcm\u00fc desteklemek gelecek nesillerin su kaynaklar\u0131na eri\u015fimini g\u00fcvence alt\u0131na alman\u0131n en etkili yollar\u0131ndan biridir.<\/li>\n<\/ul>\n\n\n\n<ul class=\"wp-block-list\">\n<li>S\u00fcrd\u00fcr\u00fclebilir g\u0131dalar t\u00fcketmek hem sa\u011fl\u0131kl\u0131 bir ya\u015fam s\u00fcrmek hem \u00e7evreyi korumak i\u00e7in kritik bir ad\u0131md\u0131r.<\/li>\n<\/ul>\n\n\n\n<ul class=\"wp-block-list\">\n<li>Tar\u0131m uygulamalar\u0131n\u0131n suya olan etkisini g\u00f6z \u00f6n\u00fcnde bulundurarak yerel ve mevsimsel \u00fcr\u00fcnleri tercih etmek hem su tasarrufu yap\u0131lmas\u0131na hem g\u0131da israf\u0131n\u0131n \u00f6nlenmesine katk\u0131da bulunur.<\/li>\n<\/ul>\n\n\n\n<ul class=\"wp-block-list\">\n<li>Geri d\u00f6n\u00fc\u015f\u00fcm\u00fc desteklemek su ayak izini azaltman\u0131n \u00f6nemli bile\u015fenlerinden biridir. Kullan\u0131lm\u0131\u015f malzemelerin yeniden de\u011ferlendirilmesi, yeni \u00fcr\u00fcnlerin \u00fcretimi i\u00e7in gereken su miktar\u0131n\u0131 azalt\u0131r.<\/li>\n<\/ul>\n\n\n\n<ul class=\"wp-block-list\">\n<li>Su kaynaklar\u0131n\u0131n korunmas\u0131 i\u00e7in ger\u00e7ekle\u015ftirilen toplumsal bilin\u00e7lenme ve fark\u0131ndal\u0131k e\u011fitimleri, bireylerin su kaynaklar\u0131na kar\u015f\u0131 daha duyarl\u0131 olmalar\u0131n\u0131 sa\u011flayabilir.<\/li>\n<\/ul>\n\n\n\n<ul class=\"wp-block-list\">\n<li>At\u0131k y\u00f6netiminin do\u011fru bir \u015fekilde ger\u00e7ekle\u015ftirilmesi ve su kaynaklar\u0131n\u0131 kirleme potansiyeli bulunan kimyasal kullan\u0131m\u0131n\u0131n azalt\u0131lmas\u0131, hem su ekosistemlerini koruyabilir hem biyo\u00e7e\u015fitlilik kayb\u0131n\u0131 \u00f6nleyebilir.<\/li>\n<\/ul>\n\n\n\n<h2 class=\"wp-block-heading\"><strong>Su Ayak \u0130zi Hesaplamas\u0131 \u0130\u00e7in \u00c7\u00f6z\u00fcm Orta\u011f\u0131n\u0131z<\/strong><\/h2>\n\n\n\n<p>QuickCarbon, su ayak izi hesaplama ve raporlama s\u00fcre\u00e7lerini kolayla\u015ft\u0131rmak isteyen kurulu\u015flar i\u00e7in kapsaml\u0131 bir \u00e7\u00f6z\u00fcm sunar. Kullan\u0131c\u0131 dostu QuickCarbon yaz\u0131l\u0131m\u0131m\u0131z t\u00fcm hesaplama ve raporlama i\u015flemlerinizi ISO 14064-1:2018 Standard\u0131 ve GHG Protokol ilkelerine g\u00f6re yapman\u0131z\u0131 sa\u011flar. Bu sayede karbon ayak izini hesaplamak ve elde edilen veriler \u00fczerinden s\u00fcrd\u00fcr\u00fclebilirlik hedefleri belirlemek m\u00fcmk\u00fcn h\u00e2le gelir.<\/p>\n\n\n\n<p>QuickCarbon yaz\u0131l\u0131m\u0131m\u0131za veri giri\u015fi sa\u011flarken herhangi bir dan\u0131\u015fmanl\u0131k hizmeti alman\u0131z gerekmez. \u00c7oklu g\u00f6sterge panelleri ve grafikler, sera gaz\u0131 emisyon miktarlar\u0131n\u0131z\u0131 bir\u00e7ok farkl\u0131 parametreye g\u00f6re izlemenizi sa\u011flar. QuickCarbon arac\u0131l\u0131\u011f\u0131yla ald\u0131\u011f\u0131n\u0131z t\u00fcm raporlar ulusal ve uluslararas\u0131 alanlarda kullan\u0131labilir. Siz de QuickCarbon yaz\u0131l\u0131m\u0131 hakk\u0131nda daha fazla bilgi almak ve demo talebinde bulunmak i\u00e7in bizimle <a href=\"https:\/\/www.quickcarbon.com\/tr\/iletisim\/\">ileti\u015fime<\/a> ge\u00e7ebilirsiniz.<\/p>\n","protected":false},"excerpt":{"rendered":"<p>Kent alanlar\u0131n\u0131n geni\u015flemesi ve yo\u011fun n\u00fcfus art\u0131\u015f\u0131, ya\u015fam i\u00e7in hayati \u00f6nem ta\u015f\u0131yan tatl\u0131 su t\u00fcketiminde de ciddi bir y\u00fckselme meydana getirmi\u015f durumda. G\u0131dan\u0131n, enerjinin ve t\u00fcketici \u00fcr\u00fcnlerinin \u00fcretilmesi i\u00e7in daha fazla su t\u00fcketimine ihtiya\u00e7 duyulmas\u0131ysa s\u0131n\u0131rl\u0131 kaynaklar\u0131n bilin\u00e7li \u015fekilde t\u00fcketilmesini gereklilik h\u00e2line getiriyor. Su ayak izi kavram\u0131, yerel ve global kurulu\u015flar\u0131n bir su t\u00fcketimi de\u011ferlendirmesi yapabilmesi ve su tasarrufu sa\u011flamak i\u00e7in stratejik hedefler koyabilmesi i\u00e7in bir f\u0131rsat yarat\u0131yor. Gelin, &#8220;Su ayak izi nedir?&#8221;, &#8220;Su ayak izi nas\u0131l hesaplan\u0131r?&#8221; ve &#8220;Su ayak izini azaltmak i\u00e7in neler yap\u0131lmal\u0131?&#8221; gibi sorular\u0131n yan\u0131tlar\u0131na birlikte bakal\u0131m.<\/p>\n","protected":false},"author":3,"featured_media":1702,"comment_status":"closed","ping_status":"open","sticky":false,"template":"","format":"standard","meta":{"footnotes":""},"categories":[1],"tags":[27],"class_list":["post-1701","post","type-post","status-publish","format-standard","has-post-thumbnail","hentry","category-genel","tag-su-ayak-izi"],"yoast_head":"<!-- This site is optimized with the Yoast SEO plugin v25.6 - https:\/\/yoast.com\/wordpress\/plugins\/seo\/ -->\n<title>Su Ayak \u0130zi Hesaplamas\u0131 Nas\u0131l Yap\u0131l\u0131r? - QuickCarbon<\/title>\n<meta name=\"description\" content=\"Kent alanlar\u0131n\u0131n geni\u015flemesi ve yo\u011fun n\u00fcfus art\u0131\u015f\u0131, ya\u015fam i\u00e7in hayati \u00f6nem ta\u015f\u0131yan tatl\u0131 su t\u00fcketiminde de ciddi bir y\u00fckselme meydana getirmi\u015f durumda. G\u0131dan\u0131n, enerjinin ve t\u00fcketici \u00fcr\u00fcnlerinin \u00fcretilmesi i\u00e7in daha fazla su t\u00fcketimine ihtiya\u00e7 duyulmas\u0131ysa s\u0131n\u0131rl\u0131 kaynaklar\u0131n bilin\u00e7li \u015fekilde t\u00fcketilmesini gereklilik h\u00e2line getiriyor. Su ayak izi kavram\u0131, yerel ve global kurulu\u015flar\u0131n bir su t\u00fcketimi de\u011ferlendirmesi yapabilmesi ve su tasarrufu sa\u011flamak i\u00e7in stratejik hedefler koyabilmesi i\u00e7in bir f\u0131rsat yarat\u0131yor. Gelin, &quot;Su ayak izi nedir?&quot;, &quot;Su ayak izi nas\u0131l hesaplan\u0131r?&quot; ve &quot;Su ayak izini azaltmak i\u00e7in neler yap\u0131lmal\u0131?&quot; gibi sorular\u0131n yan\u0131tlar\u0131na birlikte bakal\u0131m.\" \/>\n<meta name=\"robots\" content=\"index, follow, max-snippet:-1, max-image-preview:large, max-video-preview:-1\" \/>\n<link rel=\"canonical\" href=\"https:\/\/www.quickcarbon.com\/tr\/blog\/su-ayak-izi-hesaplamasi-nasil-yapilir\/\" \/>\n<meta property=\"og:locale\" content=\"tr_TR\" \/>\n<meta property=\"og:type\" content=\"article\" \/>\n<meta property=\"og:title\" content=\"Su Ayak \u0130zi Hesaplamas\u0131 Nas\u0131l Yap\u0131l\u0131r? - QuickCarbon\" \/>\n<meta property=\"og:description\" content=\"Kent alanlar\u0131n\u0131n geni\u015flemesi ve yo\u011fun n\u00fcfus art\u0131\u015f\u0131, ya\u015fam i\u00e7in hayati \u00f6nem ta\u015f\u0131yan tatl\u0131 su t\u00fcketiminde de ciddi bir y\u00fckselme meydana getirmi\u015f durumda. G\u0131dan\u0131n, enerjinin ve t\u00fcketici \u00fcr\u00fcnlerinin \u00fcretilmesi i\u00e7in daha fazla su t\u00fcketimine ihtiya\u00e7 duyulmas\u0131ysa s\u0131n\u0131rl\u0131 kaynaklar\u0131n bilin\u00e7li \u015fekilde t\u00fcketilmesini gereklilik h\u00e2line getiriyor. Su ayak izi kavram\u0131, yerel ve global kurulu\u015flar\u0131n bir su t\u00fcketimi de\u011ferlendirmesi yapabilmesi ve su tasarrufu sa\u011flamak i\u00e7in stratejik hedefler koyabilmesi i\u00e7in bir f\u0131rsat yarat\u0131yor. Gelin, &quot;Su ayak izi nedir?&quot;, &quot;Su ayak izi nas\u0131l hesaplan\u0131r?&quot; ve &quot;Su ayak izini azaltmak i\u00e7in neler yap\u0131lmal\u0131?&quot; gibi sorular\u0131n yan\u0131tlar\u0131na birlikte bakal\u0131m.\" \/>\n<meta property=\"og:url\" content=\"https:\/\/www.quickcarbon.com\/tr\/blog\/su-ayak-izi-hesaplamasi-nasil-yapilir\/\" \/>\n<meta property=\"og:site_name\" content=\"QuickCarbon\" \/>\n<meta property=\"article:publisher\" content=\"https:\/\/www.facebook.com\/quickcarbon\/\" \/>\n<meta property=\"article:published_time\" content=\"2024-12-02T08:47:09+00:00\" \/>\n<meta property=\"article:modified_time\" content=\"2024-12-02T08:47:11+00:00\" \/>\n<meta property=\"og:image\" content=\"https:\/\/www.quickcarbon.com\/tr\/wp-content\/uploads\/2024\/12\/16_Kapak-Gorsel.jpg\" \/>\n\t<meta property=\"og:image:width\" content=\"1072\" \/>\n\t<meta property=\"og:image:height\" content=\"666\" \/>\n\t<meta property=\"og:image:type\" content=\"image\/jpeg\" \/>\n<meta name=\"author\" content=\"Elif Akko\u00e7\" \/>\n<meta name=\"twitter:card\" content=\"summary_large_image\" \/>\n<meta name=\"twitter:creator\" content=\"@QuickCarbon_Tr\" \/>\n<meta name=\"twitter:site\" content=\"@QuickCarbon_Tr\" \/>\n<meta name=\"twitter:label1\" content=\"Written by\" \/>\n\t<meta name=\"twitter:data1\" content=\"Elif Akko\u00e7\" \/>\n\t<meta name=\"twitter:label2\" content=\"Est. reading time\" \/>\n\t<meta name=\"twitter:data2\" content=\"11 dakika\" \/>\n<script type=\"application\/ld+json\" class=\"yoast-schema-graph\">{\"@context\":\"https:\/\/schema.org\",\"@graph\":[{\"@type\":[\"Article\",\"BlogPosting\"],\"@id\":\"https:\/\/www.quickcarbon.com\/tr\/blog\/su-ayak-izi-hesaplamasi-nasil-yapilir\/#article\",\"isPartOf\":{\"@id\":\"https:\/\/www.quickcarbon.com\/tr\/blog\/su-ayak-izi-hesaplamasi-nasil-yapilir\/\"},\"author\":{\"name\":\"Elif Akko\u00e7\",\"@id\":\"https:\/\/www.quickcarbon.com\/tr\/#\/schema\/person\/e9ff9b7b560010798b00c0355cb606f1\"},\"headline\":\"Su Ayak \u0130zi Hesaplamas\u0131 Nas\u0131l Yap\u0131l\u0131r?\",\"datePublished\":\"2024-12-02T08:47:09+00:00\",\"dateModified\":\"2024-12-02T08:47:11+00:00\",\"mainEntityOfPage\":{\"@id\":\"https:\/\/www.quickcarbon.com\/tr\/blog\/su-ayak-izi-hesaplamasi-nasil-yapilir\/\"},\"wordCount\":2362,\"publisher\":{\"@id\":\"https:\/\/www.quickcarbon.com\/tr\/#organization\"},\"image\":{\"@id\":\"https:\/\/www.quickcarbon.com\/tr\/blog\/su-ayak-izi-hesaplamasi-nasil-yapilir\/#primaryimage\"},\"thumbnailUrl\":\"https:\/\/www.quickcarbon.com\/tr\/wp-content\/uploads\/2024\/12\/16_Kapak-Gorsel.jpg\",\"keywords\":[\"su ayak izi\"],\"inLanguage\":\"tr\"},{\"@type\":\"WebPage\",\"@id\":\"https:\/\/www.quickcarbon.com\/tr\/blog\/su-ayak-izi-hesaplamasi-nasil-yapilir\/\",\"url\":\"https:\/\/www.quickcarbon.com\/tr\/blog\/su-ayak-izi-hesaplamasi-nasil-yapilir\/\",\"name\":\"Su Ayak \u0130zi Hesaplamas\u0131 Nas\u0131l Yap\u0131l\u0131r? - QuickCarbon\",\"isPartOf\":{\"@id\":\"https:\/\/www.quickcarbon.com\/tr\/#website\"},\"primaryImageOfPage\":{\"@id\":\"https:\/\/www.quickcarbon.com\/tr\/blog\/su-ayak-izi-hesaplamasi-nasil-yapilir\/#primaryimage\"},\"image\":{\"@id\":\"https:\/\/www.quickcarbon.com\/tr\/blog\/su-ayak-izi-hesaplamasi-nasil-yapilir\/#primaryimage\"},\"thumbnailUrl\":\"https:\/\/www.quickcarbon.com\/tr\/wp-content\/uploads\/2024\/12\/16_Kapak-Gorsel.jpg\",\"datePublished\":\"2024-12-02T08:47:09+00:00\",\"dateModified\":\"2024-12-02T08:47:11+00:00\",\"description\":\"Kent alanlar\u0131n\u0131n geni\u015flemesi ve yo\u011fun n\u00fcfus art\u0131\u015f\u0131, ya\u015fam i\u00e7in hayati \u00f6nem ta\u015f\u0131yan tatl\u0131 su t\u00fcketiminde de ciddi bir y\u00fckselme meydana getirmi\u015f durumda. G\u0131dan\u0131n, enerjinin ve t\u00fcketici \u00fcr\u00fcnlerinin \u00fcretilmesi i\u00e7in daha fazla su t\u00fcketimine ihtiya\u00e7 duyulmas\u0131ysa s\u0131n\u0131rl\u0131 kaynaklar\u0131n bilin\u00e7li \u015fekilde t\u00fcketilmesini gereklilik h\u00e2line getiriyor. Su ayak izi kavram\u0131, yerel ve global kurulu\u015flar\u0131n bir su t\u00fcketimi de\u011ferlendirmesi yapabilmesi ve su tasarrufu sa\u011flamak i\u00e7in stratejik hedefler koyabilmesi i\u00e7in bir f\u0131rsat yarat\u0131yor. Gelin, \\\"Su ayak izi nedir?\\\", \\\"Su ayak izi nas\u0131l hesaplan\u0131r?\\\" ve \\\"Su ayak izini azaltmak i\u00e7in neler yap\u0131lmal\u0131?\\\" gibi sorular\u0131n yan\u0131tlar\u0131na birlikte bakal\u0131m.\",\"breadcrumb\":{\"@id\":\"https:\/\/www.quickcarbon.com\/tr\/blog\/su-ayak-izi-hesaplamasi-nasil-yapilir\/#breadcrumb\"},\"inLanguage\":\"tr\",\"potentialAction\":[{\"@type\":\"ReadAction\",\"target\":[\"https:\/\/www.quickcarbon.com\/tr\/blog\/su-ayak-izi-hesaplamasi-nasil-yapilir\/\"]}]},{\"@type\":\"ImageObject\",\"inLanguage\":\"tr\",\"@id\":\"https:\/\/www.quickcarbon.com\/tr\/blog\/su-ayak-izi-hesaplamasi-nasil-yapilir\/#primaryimage\",\"url\":\"https:\/\/www.quickcarbon.com\/tr\/wp-content\/uploads\/2024\/12\/16_Kapak-Gorsel.jpg\",\"contentUrl\":\"https:\/\/www.quickcarbon.com\/tr\/wp-content\/uploads\/2024\/12\/16_Kapak-Gorsel.jpg\",\"width\":1072,\"height\":666},{\"@type\":\"BreadcrumbList\",\"@id\":\"https:\/\/www.quickcarbon.com\/tr\/blog\/su-ayak-izi-hesaplamasi-nasil-yapilir\/#breadcrumb\",\"itemListElement\":[{\"@type\":\"ListItem\",\"position\":1,\"name\":\"Ana Sayfa\",\"item\":\"https:\/\/www.quickcarbon.com\/tr\/\"},{\"@type\":\"ListItem\",\"position\":2,\"name\":\"Su Ayak \u0130zi Hesaplamas\u0131 Nas\u0131l Yap\u0131l\u0131r?\"}]},{\"@type\":\"WebSite\",\"@id\":\"https:\/\/www.quickcarbon.com\/tr\/#website\",\"url\":\"https:\/\/www.quickcarbon.com\/tr\/\",\"name\":\"QuickCarbon\",\"description\":\"Take Control of Your Corporate Carbon Footprint\",\"publisher\":{\"@id\":\"https:\/\/www.quickcarbon.com\/tr\/#organization\"},\"alternateName\":\"QC\",\"potentialAction\":[{\"@type\":\"SearchAction\",\"target\":{\"@type\":\"EntryPoint\",\"urlTemplate\":\"https:\/\/www.quickcarbon.com\/tr\/?s={search_term_string}\"},\"query-input\":{\"@type\":\"PropertyValueSpecification\",\"valueRequired\":true,\"valueName\":\"search_term_string\"}}],\"inLanguage\":\"tr\"},{\"@type\":\"Organization\",\"@id\":\"https:\/\/www.quickcarbon.com\/tr\/#organization\",\"name\":\"QuickCarbon\",\"alternateName\":\"QC\",\"url\":\"https:\/\/www.quickcarbon.com\/tr\/\",\"logo\":{\"@type\":\"ImageObject\",\"inLanguage\":\"tr\",\"@id\":\"https:\/\/www.quickcarbon.com\/tr\/#\/schema\/logo\/image\/\",\"url\":\"https:\/\/www.quickcarbon.com\/tr\/wp-content\/uploads\/2023\/09\/cropped-qc_favicon-1.png\",\"contentUrl\":\"https:\/\/www.quickcarbon.com\/tr\/wp-content\/uploads\/2023\/09\/cropped-qc_favicon-1.png\",\"width\":512,\"height\":512,\"caption\":\"QuickCarbon\"},\"image\":{\"@id\":\"https:\/\/www.quickcarbon.com\/tr\/#\/schema\/logo\/image\/\"},\"sameAs\":[\"https:\/\/www.facebook.com\/quickcarbon\/\",\"https:\/\/x.com\/QuickCarbon_Tr\",\"https:\/\/www.instagram.com\/quickcarbon_official\/\",\"https:\/\/www.linkedin.com\/showcase\/quickcarbon-\/\"]},{\"@type\":\"Person\",\"@id\":\"https:\/\/www.quickcarbon.com\/tr\/#\/schema\/person\/e9ff9b7b560010798b00c0355cb606f1\",\"name\":\"Elif Akko\u00e7\",\"image\":{\"@type\":\"ImageObject\",\"inLanguage\":\"tr\",\"@id\":\"https:\/\/www.quickcarbon.com\/tr\/#\/schema\/person\/image\/\",\"url\":\"https:\/\/secure.gravatar.com\/avatar\/1419d3d4829046468ad9f261eb84b5e321805c1b4084d3d1c85c0de62b0330de?s=96&d=mm&r=g\",\"contentUrl\":\"https:\/\/secure.gravatar.com\/avatar\/1419d3d4829046468ad9f261eb84b5e321805c1b4084d3d1c85c0de62b0330de?s=96&d=mm&r=g\",\"caption\":\"Elif Akko\u00e7\"},\"sameAs\":[\"https:\/\/www.quickcarbon.com\/\"]}]}<\/script>\n<!-- \/ Yoast SEO plugin. -->","yoast_head_json":{"title":"Su Ayak \u0130zi Hesaplamas\u0131 Nas\u0131l Yap\u0131l\u0131r? - QuickCarbon","description":"Kent alanlar\u0131n\u0131n geni\u015flemesi ve yo\u011fun n\u00fcfus art\u0131\u015f\u0131, ya\u015fam i\u00e7in hayati \u00f6nem ta\u015f\u0131yan tatl\u0131 su t\u00fcketiminde de ciddi bir y\u00fckselme meydana getirmi\u015f durumda. G\u0131dan\u0131n, enerjinin ve t\u00fcketici \u00fcr\u00fcnlerinin \u00fcretilmesi i\u00e7in daha fazla su t\u00fcketimine ihtiya\u00e7 duyulmas\u0131ysa s\u0131n\u0131rl\u0131 kaynaklar\u0131n bilin\u00e7li \u015fekilde t\u00fcketilmesini gereklilik h\u00e2line getiriyor. Su ayak izi kavram\u0131, yerel ve global kurulu\u015flar\u0131n bir su t\u00fcketimi de\u011ferlendirmesi yapabilmesi ve su tasarrufu sa\u011flamak i\u00e7in stratejik hedefler koyabilmesi i\u00e7in bir f\u0131rsat yarat\u0131yor. Gelin, \"Su ayak izi nedir?\", \"Su ayak izi nas\u0131l hesaplan\u0131r?\" ve \"Su ayak izini azaltmak i\u00e7in neler yap\u0131lmal\u0131?\" gibi sorular\u0131n yan\u0131tlar\u0131na birlikte bakal\u0131m.","robots":{"index":"index","follow":"follow","max-snippet":"max-snippet:-1","max-image-preview":"max-image-preview:large","max-video-preview":"max-video-preview:-1"},"canonical":"https:\/\/www.quickcarbon.com\/tr\/blog\/su-ayak-izi-hesaplamasi-nasil-yapilir\/","og_locale":"tr_TR","og_type":"article","og_title":"Su Ayak \u0130zi Hesaplamas\u0131 Nas\u0131l Yap\u0131l\u0131r? - QuickCarbon","og_description":"Kent alanlar\u0131n\u0131n geni\u015flemesi ve yo\u011fun n\u00fcfus art\u0131\u015f\u0131, ya\u015fam i\u00e7in hayati \u00f6nem ta\u015f\u0131yan tatl\u0131 su t\u00fcketiminde de ciddi bir y\u00fckselme meydana getirmi\u015f durumda. G\u0131dan\u0131n, enerjinin ve t\u00fcketici \u00fcr\u00fcnlerinin \u00fcretilmesi i\u00e7in daha fazla su t\u00fcketimine ihtiya\u00e7 duyulmas\u0131ysa s\u0131n\u0131rl\u0131 kaynaklar\u0131n bilin\u00e7li \u015fekilde t\u00fcketilmesini gereklilik h\u00e2line getiriyor. Su ayak izi kavram\u0131, yerel ve global kurulu\u015flar\u0131n bir su t\u00fcketimi de\u011ferlendirmesi yapabilmesi ve su tasarrufu sa\u011flamak i\u00e7in stratejik hedefler koyabilmesi i\u00e7in bir f\u0131rsat yarat\u0131yor. Gelin, \"Su ayak izi nedir?\", \"Su ayak izi nas\u0131l hesaplan\u0131r?\" ve \"Su ayak izini azaltmak i\u00e7in neler yap\u0131lmal\u0131?\" gibi sorular\u0131n yan\u0131tlar\u0131na birlikte bakal\u0131m.","og_url":"https:\/\/www.quickcarbon.com\/tr\/blog\/su-ayak-izi-hesaplamasi-nasil-yapilir\/","og_site_name":"QuickCarbon","article_publisher":"https:\/\/www.facebook.com\/quickcarbon\/","article_published_time":"2024-12-02T08:47:09+00:00","article_modified_time":"2024-12-02T08:47:11+00:00","og_image":[{"width":1072,"height":666,"url":"https:\/\/www.quickcarbon.com\/tr\/wp-content\/uploads\/2024\/12\/16_Kapak-Gorsel.jpg","type":"image\/jpeg"}],"author":"Elif Akko\u00e7","twitter_card":"summary_large_image","twitter_creator":"@QuickCarbon_Tr","twitter_site":"@QuickCarbon_Tr","twitter_misc":{"Written by":"Elif Akko\u00e7","Est. reading time":"11 dakika"},"schema":{"@context":"https:\/\/schema.org","@graph":[{"@type":["Article","BlogPosting"],"@id":"https:\/\/www.quickcarbon.com\/tr\/blog\/su-ayak-izi-hesaplamasi-nasil-yapilir\/#article","isPartOf":{"@id":"https:\/\/www.quickcarbon.com\/tr\/blog\/su-ayak-izi-hesaplamasi-nasil-yapilir\/"},"author":{"name":"Elif Akko\u00e7","@id":"https:\/\/www.quickcarbon.com\/tr\/#\/schema\/person\/e9ff9b7b560010798b00c0355cb606f1"},"headline":"Su Ayak \u0130zi Hesaplamas\u0131 Nas\u0131l Yap\u0131l\u0131r?","datePublished":"2024-12-02T08:47:09+00:00","dateModified":"2024-12-02T08:47:11+00:00","mainEntityOfPage":{"@id":"https:\/\/www.quickcarbon.com\/tr\/blog\/su-ayak-izi-hesaplamasi-nasil-yapilir\/"},"wordCount":2362,"publisher":{"@id":"https:\/\/www.quickcarbon.com\/tr\/#organization"},"image":{"@id":"https:\/\/www.quickcarbon.com\/tr\/blog\/su-ayak-izi-hesaplamasi-nasil-yapilir\/#primaryimage"},"thumbnailUrl":"https:\/\/www.quickcarbon.com\/tr\/wp-content\/uploads\/2024\/12\/16_Kapak-Gorsel.jpg","keywords":["su ayak izi"],"inLanguage":"tr"},{"@type":"WebPage","@id":"https:\/\/www.quickcarbon.com\/tr\/blog\/su-ayak-izi-hesaplamasi-nasil-yapilir\/","url":"https:\/\/www.quickcarbon.com\/tr\/blog\/su-ayak-izi-hesaplamasi-nasil-yapilir\/","name":"Su Ayak \u0130zi Hesaplamas\u0131 Nas\u0131l Yap\u0131l\u0131r? - QuickCarbon","isPartOf":{"@id":"https:\/\/www.quickcarbon.com\/tr\/#website"},"primaryImageOfPage":{"@id":"https:\/\/www.quickcarbon.com\/tr\/blog\/su-ayak-izi-hesaplamasi-nasil-yapilir\/#primaryimage"},"image":{"@id":"https:\/\/www.quickcarbon.com\/tr\/blog\/su-ayak-izi-hesaplamasi-nasil-yapilir\/#primaryimage"},"thumbnailUrl":"https:\/\/www.quickcarbon.com\/tr\/wp-content\/uploads\/2024\/12\/16_Kapak-Gorsel.jpg","datePublished":"2024-12-02T08:47:09+00:00","dateModified":"2024-12-02T08:47:11+00:00","description":"Kent alanlar\u0131n\u0131n geni\u015flemesi ve yo\u011fun n\u00fcfus art\u0131\u015f\u0131, ya\u015fam i\u00e7in hayati \u00f6nem ta\u015f\u0131yan tatl\u0131 su t\u00fcketiminde de ciddi bir y\u00fckselme meydana getirmi\u015f durumda. G\u0131dan\u0131n, enerjinin ve t\u00fcketici \u00fcr\u00fcnlerinin \u00fcretilmesi i\u00e7in daha fazla su t\u00fcketimine ihtiya\u00e7 duyulmas\u0131ysa s\u0131n\u0131rl\u0131 kaynaklar\u0131n bilin\u00e7li \u015fekilde t\u00fcketilmesini gereklilik h\u00e2line getiriyor. Su ayak izi kavram\u0131, yerel ve global kurulu\u015flar\u0131n bir su t\u00fcketimi de\u011ferlendirmesi yapabilmesi ve su tasarrufu sa\u011flamak i\u00e7in stratejik hedefler koyabilmesi i\u00e7in bir f\u0131rsat yarat\u0131yor. Gelin, \"Su ayak izi nedir?\", \"Su ayak izi nas\u0131l hesaplan\u0131r?\" ve \"Su ayak izini azaltmak i\u00e7in neler yap\u0131lmal\u0131?\" gibi sorular\u0131n yan\u0131tlar\u0131na birlikte bakal\u0131m.","breadcrumb":{"@id":"https:\/\/www.quickcarbon.com\/tr\/blog\/su-ayak-izi-hesaplamasi-nasil-yapilir\/#breadcrumb"},"inLanguage":"tr","potentialAction":[{"@type":"ReadAction","target":["https:\/\/www.quickcarbon.com\/tr\/blog\/su-ayak-izi-hesaplamasi-nasil-yapilir\/"]}]},{"@type":"ImageObject","inLanguage":"tr","@id":"https:\/\/www.quickcarbon.com\/tr\/blog\/su-ayak-izi-hesaplamasi-nasil-yapilir\/#primaryimage","url":"https:\/\/www.quickcarbon.com\/tr\/wp-content\/uploads\/2024\/12\/16_Kapak-Gorsel.jpg","contentUrl":"https:\/\/www.quickcarbon.com\/tr\/wp-content\/uploads\/2024\/12\/16_Kapak-Gorsel.jpg","width":1072,"height":666},{"@type":"BreadcrumbList","@id":"https:\/\/www.quickcarbon.com\/tr\/blog\/su-ayak-izi-hesaplamasi-nasil-yapilir\/#breadcrumb","itemListElement":[{"@type":"ListItem","position":1,"name":"Ana Sayfa","item":"https:\/\/www.quickcarbon.com\/tr\/"},{"@type":"ListItem","position":2,"name":"Su Ayak \u0130zi Hesaplamas\u0131 Nas\u0131l Yap\u0131l\u0131r?"}]},{"@type":"WebSite","@id":"https:\/\/www.quickcarbon.com\/tr\/#website","url":"https:\/\/www.quickcarbon.com\/tr\/","name":"QuickCarbon","description":"Take Control of Your Corporate Carbon Footprint","publisher":{"@id":"https:\/\/www.quickcarbon.com\/tr\/#organization"},"alternateName":"QC","potentialAction":[{"@type":"SearchAction","target":{"@type":"EntryPoint","urlTemplate":"https:\/\/www.quickcarbon.com\/tr\/?s={search_term_string}"},"query-input":{"@type":"PropertyValueSpecification","valueRequired":true,"valueName":"search_term_string"}}],"inLanguage":"tr"},{"@type":"Organization","@id":"https:\/\/www.quickcarbon.com\/tr\/#organization","name":"QuickCarbon","alternateName":"QC","url":"https:\/\/www.quickcarbon.com\/tr\/","logo":{"@type":"ImageObject","inLanguage":"tr","@id":"https:\/\/www.quickcarbon.com\/tr\/#\/schema\/logo\/image\/","url":"https:\/\/www.quickcarbon.com\/tr\/wp-content\/uploads\/2023\/09\/cropped-qc_favicon-1.png","contentUrl":"https:\/\/www.quickcarbon.com\/tr\/wp-content\/uploads\/2023\/09\/cropped-qc_favicon-1.png","width":512,"height":512,"caption":"QuickCarbon"},"image":{"@id":"https:\/\/www.quickcarbon.com\/tr\/#\/schema\/logo\/image\/"},"sameAs":["https:\/\/www.facebook.com\/quickcarbon\/","https:\/\/x.com\/QuickCarbon_Tr","https:\/\/www.instagram.com\/quickcarbon_official\/","https:\/\/www.linkedin.com\/showcase\/quickcarbon-\/"]},{"@type":"Person","@id":"https:\/\/www.quickcarbon.com\/tr\/#\/schema\/person\/e9ff9b7b560010798b00c0355cb606f1","name":"Elif Akko\u00e7","image":{"@type":"ImageObject","inLanguage":"tr","@id":"https:\/\/www.quickcarbon.com\/tr\/#\/schema\/person\/image\/","url":"https:\/\/secure.gravatar.com\/avatar\/1419d3d4829046468ad9f261eb84b5e321805c1b4084d3d1c85c0de62b0330de?s=96&d=mm&r=g","contentUrl":"https:\/\/secure.gravatar.com\/avatar\/1419d3d4829046468ad9f261eb84b5e321805c1b4084d3d1c85c0de62b0330de?s=96&d=mm&r=g","caption":"Elif Akko\u00e7"},"sameAs":["https:\/\/www.quickcarbon.com\/"]}]}},"_links":{"self":[{"href":"https:\/\/www.quickcarbon.com\/tr\/wp-json\/wp\/v2\/posts\/1701","targetHints":{"allow":["GET"]}}],"collection":[{"href":"https:\/\/www.quickcarbon.com\/tr\/wp-json\/wp\/v2\/posts"}],"about":[{"href":"https:\/\/www.quickcarbon.com\/tr\/wp-json\/wp\/v2\/types\/post"}],"author":[{"embeddable":true,"href":"https:\/\/www.quickcarbon.com\/tr\/wp-json\/wp\/v2\/users\/3"}],"replies":[{"embeddable":true,"href":"https:\/\/www.quickcarbon.com\/tr\/wp-json\/wp\/v2\/comments?post=1701"}],"version-history":[{"count":2,"href":"https:\/\/www.quickcarbon.com\/tr\/wp-json\/wp\/v2\/posts\/1701\/revisions"}],"predecessor-version":[{"id":1800,"href":"https:\/\/www.quickcarbon.com\/tr\/wp-json\/wp\/v2\/posts\/1701\/revisions\/1800"}],"wp:featuredmedia":[{"embeddable":true,"href":"https:\/\/www.quickcarbon.com\/tr\/wp-json\/wp\/v2\/media\/1702"}],"wp:attachment":[{"href":"https:\/\/www.quickcarbon.com\/tr\/wp-json\/wp\/v2\/media?parent=1701"}],"wp:term":[{"taxonomy":"category","embeddable":true,"href":"https:\/\/www.quickcarbon.com\/tr\/wp-json\/wp\/v2\/categories?post=1701"},{"taxonomy":"post_tag","embeddable":true,"href":"https:\/\/www.quickcarbon.com\/tr\/wp-json\/wp\/v2\/tags?post=1701"}],"curies":[{"name":"wp","href":"https:\/\/api.w.org\/{rel}","templated":true}]}}