{"id":1710,"date":"2024-12-05T11:31:53","date_gmt":"2024-12-05T08:31:53","guid":{"rendered":"https:\/\/www.quickcarbon.com\/tr\/?p=1710"},"modified":"2024-12-11T11:34:02","modified_gmt":"2024-12-11T08:34:02","slug":"su-ayak-izi-rengi","status":"publish","type":"post","link":"https:\/\/www.quickcarbon.com\/tr\/blog\/su-ayak-izi-rengi\/","title":{"rendered":"Su Ayak \u0130zi Rengi"},"content":{"rendered":"\n<figure class=\"wp-block-image\"><img loading=\"lazy\" decoding=\"async\" width=\"1072\" height=\"666\" src=\"https:\/\/www.quickcarbon.com\/tr\/wp-content\/uploads\/2024\/12\/Su-Ayak-I\u2560czi-Rengi.jpg\" alt=\"\" class=\"wp-image-1715\" srcset=\"https:\/\/www.quickcarbon.com\/tr\/wp-content\/uploads\/2024\/12\/Su-Ayak-I\u2560czi-Rengi.jpg 1072w, https:\/\/www.quickcarbon.com\/tr\/wp-content\/uploads\/2024\/12\/Su-Ayak-I\u2560czi-Rengi-300x186.jpg 300w, https:\/\/www.quickcarbon.com\/tr\/wp-content\/uploads\/2024\/12\/Su-Ayak-I\u2560czi-Rengi-1024x636.jpg 1024w, https:\/\/www.quickcarbon.com\/tr\/wp-content\/uploads\/2024\/12\/Su-Ayak-I\u2560czi-Rengi-768x477.jpg 768w\" sizes=\"auto, (max-width: 1072px) 100vw, 1072px\" \/><\/figure>\n\n\n\n<p>T\u0131pk\u0131 karbon ayak izi gibi su kullan\u0131m\u0131n\u0131n da bir ayak izi var. K\u00fc\u00e7\u00fck \u00f6l\u00e7ekli evsel t\u00fcketimden \u00fcretim s\u00fcre\u00e7lerindeki b\u00fcy\u00fck \u00f6l\u00e7ekli su t\u00fcketimine kadar her alanda su ayak izini g\u00f6rmek m\u00fcmk\u00fcn. Evlerdeki elektronik e\u015fyalar\u0131n, giyilen k\u0131yafetlerin, kullan\u0131lan ara\u00e7lar\u0131n ve t\u00fcketilen g\u0131da \u00fcr\u00fcnlerinin \u00fcretimi i\u00e7in suya ihtiya\u00e7 duyuluyor.<\/p>\n\n\n\n<p>D\u00fcnya Sa\u011fl\u0131k \u00d6rg\u00fct\u00fcn\u00fcn a\u00e7\u0131klad\u0131\u011f\u0131 verilere g\u00f6re du\u015f s\u0131ras\u0131nda her bir dakika i\u00e7in yakla\u015f\u0131k 25 litre su harcan\u0131yor. Arjen Hoekstra ve Mesfin Mekonnen taraf\u0131ndan y\u00fcr\u00fct\u00fclen <a href=\"https:\/\/www.dutchwatersector.com\/news\/real-water-use-of-the-average-world-citizens-is-an-astonishing-4000-liter-per-day\">k\u00fcresel k\u0131yaslama \u00e7al\u0131\u015fmalar\u0131na<\/a> g\u00f6reyse her birey y\u0131lda ortalama 1.385 metrek\u00fcp su t\u00fcketimi ger\u00e7ekle\u015ftiriyor.<\/p>\n\n\n\n<p>\u00d6zellikle iklim de\u011fi\u015fikli\u011fi ve n\u00fcfus art\u0131\u015f\u0131 nedeniyle su kaynaklar\u0131n\u0131n azald\u0131\u011f\u0131 d\u00fc\u015f\u00fcn\u00fcl\u00fcrse suyun ak\u0131lc\u0131 kullan\u0131m\u0131 konusunda fark\u0131ndal\u0131k sahibi olman\u0131n \u00f6nemi daha da art\u0131yor. Hem kurumsal hem bireysel \u00f6l\u00e7ekte al\u0131nacak \u00f6nlemlerle su ayak izini azaltmak m\u00fcmk\u00fcn. Gelin, &#8220;Su ayak izi nedir?&#8221; ve &#8220;Su ayak izi renkleri ne ifade eder?&#8221; gibi sorular\u0131n cevaplar\u0131na birlikte bakal\u0131m.<\/p>\n\n\n\n<h2 class=\"wp-block-heading\"><strong>Su Ayak \u0130zi Nedir?<\/strong><\/h2>\n\n\n\n<p>2002 y\u0131l\u0131nda Arjen Hoekstra UNESCO-IHE Su E\u011fitimi Enstit\u00fcs\u00fcnde \u00e7al\u0131\u015f\u0131rken t\u00fcm tedarik zinciri boyunca mal ve hizmet \u00fcretmek i\u00e7in t\u00fcketilen ve kirletilen su miktar\u0131n\u0131 \u00f6l\u00e7mek i\u00e7in bir metrik geli\u015ftirdi ve bu metri\u011fi su ayak izi olarak tan\u0131mlad\u0131. 2008 y\u0131l\u0131na gelindi\u011finde end\u00fcstriyel sekt\u00f6rlerin su ayak izine kar\u015f\u0131 artan ilgisi nedeniyle i\u015f d\u00fcnyas\u0131n\u0131n, kamunun ve akademinin \u00f6nde gelen isimleriyle birlikte Su Ayak \u0130zi A\u011f\u0131&#8217;n\u0131 kurdu.<\/p>\n\n\n\n<p>Su ayak izi, mal ve hizmetleri \u00fcretmek i\u00e7in ihtiya\u00e7 duyulan tatl\u0131 su hacmini \u00f6l\u00e7en \u00e7evresel bir g\u00f6stergedir. \u0130nsan faaliyetlerinin yaratt\u0131\u011f\u0131 etkinin b\u00fcy\u00fckl\u00fc\u011f\u00fcn\u00fcn belirlenmesi ve objektif veriler elde edilmesini sa\u011flar. Su t\u00fcketimini, yani insan faaliyetlerinin neden oldu\u011fu su kullan\u0131m\u0131n\u0131 ve kirlili\u011fini \u00f6l\u00e7en en kapsaml\u0131 g\u00f6stergeler aras\u0131ndad\u0131r. Su ayak izi \u00fcretim s\u00fcre\u00e7lerinde meydana gelen do\u011frudan ve dolayl\u0131 su t\u00fcketimini de\u011ferlendirir.<\/p>\n\n\n\n<p><strong>Do\u011frudan Su Ayak \u0130zi:<\/strong> Bir t\u00fcketici veya \u00fcreticinin su t\u00fcketimini ve su t\u00fcketimiyle ili\u015fkili kirlilik de\u011ferini ifade eder.<\/p>\n\n\n\n<p><strong>Dolayl\u0131 Su Ayak \u0130zi:<\/strong> Dolayl\u0131 su ayak izi t\u00fcketim \u00fcr\u00fcnlerinin \u00fcretimi i\u00e7in gereken su kullan\u0131m\u0131n\u0131 ve bu kullan\u0131ma ba\u011fl\u0131 kirlili\u011fi ifade eder.<\/p>\n\n\n\n<p>\u00d6rne\u011fin yemek yaparken kullan\u0131lan su do\u011frudan su ayak izini, haz\u0131rlanan yeme\u011fin bile\u015fenlerinin (et, un, sebze vs.) \u00fcretimi ve ta\u015f\u0131nmas\u0131 gibi s\u00fcre\u00e7lerde harcanan suysa dolayl\u0131 su ayak izini g\u00f6sterir.<\/p>\n\n\n\n<h2 class=\"wp-block-heading\"><strong>Su Ayak \u0130zi Rengi Ne \u0130fade Eder?<\/strong><\/h2>\n\n\n\n<figure class=\"wp-block-image\"><img loading=\"lazy\" decoding=\"async\" width=\"1072\" height=\"666\" src=\"https:\/\/www.quickcarbon.com\/tr\/wp-content\/uploads\/2024\/12\/Su-Ayak-I\u2560czi-Rengi-Ne-I\u2560cfade-Eder-.jpg\" alt=\"\" class=\"wp-image-1716\" srcset=\"https:\/\/www.quickcarbon.com\/tr\/wp-content\/uploads\/2024\/12\/Su-Ayak-I\u2560czi-Rengi-Ne-I\u2560cfade-Eder-.jpg 1072w, https:\/\/www.quickcarbon.com\/tr\/wp-content\/uploads\/2024\/12\/Su-Ayak-I\u2560czi-Rengi-Ne-I\u2560cfade-Eder--300x186.jpg 300w, https:\/\/www.quickcarbon.com\/tr\/wp-content\/uploads\/2024\/12\/Su-Ayak-I\u2560czi-Rengi-Ne-I\u2560cfade-Eder--1024x636.jpg 1024w, https:\/\/www.quickcarbon.com\/tr\/wp-content\/uploads\/2024\/12\/Su-Ayak-I\u2560czi-Rengi-Ne-I\u2560cfade-Eder--768x477.jpg 768w\" sizes=\"auto, (max-width: 1072px) 100vw, 1072px\" \/><\/figure>\n\n\n\n<p>Su Ayak \u0130zi A\u011f\u0131&#8217;nda suyun nereden geldi\u011fine ba\u011fl\u0131 olarak 3 farkl\u0131 su ayak izi rengi bulunur:<\/p>\n\n\n\n<p class=\"has-medium-font-size\"><strong>Ye\u015fil Su Ayak \u0130zi<\/strong><\/p>\n\n\n\n<p>Ya\u011fmurdan veya kardan gelen, toprakta veya bitkilerde y\u00fczeysel olarak depolanan sudur. Ye\u015fil su ayak izi tar\u0131m, bah\u00e7ecilik ve ormanc\u0131l\u0131k \u00fcr\u00fcnlerinde kullan\u0131lan su hacmini hesaplar. &#8220;Ya\u011f\u0131\u015f kaynakl\u0131 su&#8221; olarak da nitelenen ye\u015fil su ayak izi, toprakta depolanan ve yeralt\u0131 sular\u0131na kar\u0131\u015fmayan su miktar\u0131n\u0131 g\u00f6sterir.<\/p>\n\n\n\n<p>Hacim\/zaman olarak g\u00f6sterilen ye\u015fil su ayak izinin form\u00fcl\u00fc \u015f\u00f6yledir:<\/p>\n\n\n\n<p><em>Buharla\u015fan Ye\u015fil Su + \u00dcr\u00fcne D\u00e2hil Olan Ye\u015fil Su = Ye\u015fil Su Ayak \u0130zi<\/em><\/p>\n\n\n\n<p class=\"has-medium-font-size\"><strong>Mavi Su Ayak \u0130zi<\/strong><\/p>\n\n\n\n<p>Y\u00fczey veya yeralt\u0131 suyu kaynaklar\u0131ndan elde edilen, buharla\u015fan, bir \u00fcr\u00fcnde kullan\u0131lan veya denize d\u00f6k\u00fclen sudur. Sulu tar\u0131m t\u00fcketimleri, sanayi t\u00fcketimleri ve evsel su kullan\u0131m\u0131 mavi su ayak izine d\u00e2hildir. Sulu tar\u0131m i\u00e7in toplam buharla\u015fma oran\u0131, bitkisel \u00fcr\u00fcnler taraf\u0131ndan kullan\u0131lan su ve drenaj yoluyla eldi edilen su miktar\u0131 mavi su ayak izini g\u00f6sterir.<\/p>\n\n\n\n<p>Hacim\/zaman olarak g\u00f6sterilen mavi su ayak izinin form\u00fcl\u00fc \u015f\u00f6yledir:<\/p>\n\n\n\n<p><em>Buharla\u015fan Mavi Su + \u00dcr\u00fcne D\u00e2hil Olan Mavi Su + Drenaj Miktar\u0131 = Mavi Su Ayak \u0130zi<\/em><\/p>\n\n\n\n<p class=\"has-medium-font-size\"><strong>Gri Su Ayak \u0130zi<\/strong><\/p>\n\n\n\n<p>\u00dcretim s\u00fcre\u00e7lerine ba\u011fl\u0131 olarak kirlenen suyun y\u00fcr\u00fcrl\u00fckteki y\u00f6netmeliklerin izin verdi\u011fi maksimum konsantrasyonun alt\u0131nda bir konsantrasyona sahip olana kadar seyreltilmesi i\u00e7in gereken tatl\u0131 su miktar\u0131n\u0131 ifade eder.<\/p>\n\n\n\n<p>Hacim\/zaman olarak ula\u015f\u0131lan gri su ayak izinin form\u00fcl\u00fc \u015f\u00f6yledir:<\/p>\n\n\n\n<p><em>Kirletici Y\u00fck\u00fc \/ (Al\u0131c\u0131 Su K\u00fctlesinin Maksimum Konsantrasyonu &#8211; Al\u0131c\u0131 Su K\u00fctlesinin Do\u011fal Konsantrasyonu) = Gri Su Ayak \u0130zi<\/em><\/p>\n\n\n\n<p>Su ayak izi \u015firketlere, \u00fclkelere ve bireylere g\u00f6re de s\u0131n\u0131fland\u0131r\u0131labilir. \u00d6rne\u011fin bir \u015firketin mal ve hizmet \u00fcretimi gibi faaliyetleri o \u015firketin su ayak izini olu\u015fturur. Bir \u00fclkenin bireylerinden, sanayisinden ve tar\u0131m faaliyetlerinden kaynaklanan su t\u00fcketimi o \u00fclkenin su ayak izini ifade eder. Bireylerin su ayak iziniyse t\u00fcketilen t\u00fcm \u00fcr\u00fcnlerin birle\u015fik ayak izi g\u00f6sterir.<\/p>\n\n\n\n<h2 class=\"wp-block-heading\"><strong>Su Ayak \u0130zi Nas\u0131l Hesaplan\u0131r?<\/strong><\/h2>\n\n\n\n<figure class=\"wp-block-image\"><img loading=\"lazy\" decoding=\"async\" width=\"1072\" height=\"666\" src=\"https:\/\/www.quickcarbon.com\/tr\/wp-content\/uploads\/2024\/12\/Su-Ayak-I\u2560czi-Nas\u2500\u2592l-Hesaplan\u2500\u2592r-.jpg\" alt=\"\" class=\"wp-image-1713\" srcset=\"https:\/\/www.quickcarbon.com\/tr\/wp-content\/uploads\/2024\/12\/Su-Ayak-I\u2560czi-Nas\u2500\u2592l-Hesaplan\u2500\u2592r-.jpg 1072w, https:\/\/www.quickcarbon.com\/tr\/wp-content\/uploads\/2024\/12\/Su-Ayak-I\u2560czi-Nas\u2500\u2592l-Hesaplan\u2500\u2592r--300x186.jpg 300w, https:\/\/www.quickcarbon.com\/tr\/wp-content\/uploads\/2024\/12\/Su-Ayak-I\u2560czi-Nas\u2500\u2592l-Hesaplan\u2500\u2592r--1024x636.jpg 1024w, https:\/\/www.quickcarbon.com\/tr\/wp-content\/uploads\/2024\/12\/Su-Ayak-I\u2560czi-Nas\u2500\u2592l-Hesaplan\u2500\u2592r--768x477.jpg 768w\" sizes=\"auto, (max-width: 1072px) 100vw, 1072px\" \/><\/figure>\n\n\n\n<p>Bireysel bir t\u00fcketicinin, mal\u0131n, hizmetin veya belirli bir co\u011frafi alan\u0131n su ayak izini belirlemek i\u00e7in t\u00fcm durumlara uygulanabilen matematiksel form\u00fcllerin verdi\u011fi sonu\u00e7lar genellikle yakla\u015f\u0131k sonu\u00e7lard\u0131r. \u00d6zellikle bireysel ayak izinin net bir \u015fekilde hesaplanabilmesi i\u00e7in kesin bilgilere ula\u015fmak son derece zor olabilir. Yap\u0131lacak hesaplamaya ve faaliyet sekt\u00f6r\u00fcne ba\u011fl\u0131 olarak hesaplama s\u0131ras\u0131nda en \u00e7ok ba\u015fvurulan standart ISO 12044 Standard\u0131&#8217;d\u0131r.<\/p>\n\n\n\n<p><strong>ISO 14046 Standard\u0131<\/strong><\/p>\n\n\n\n<p>Bu metodoloji bir \u00fcr\u00fcn\u00fcn, ambalaj\u0131n veya s\u00fcrecin t\u00fcm ya\u015fam d\u00f6ng\u00fcs\u00fc boyunca sahip oldu\u011fu etkiyi de\u011ferlendirmek i\u00e7in kullan\u0131l\u0131r. ISO 14046 Standard\u0131 Metodolojisi d\u00f6rt a\u015famaya ayr\u0131lm\u0131\u015ft\u0131r:<\/p>\n\n\n\n<ul class=\"wp-block-list\">\n<li>Hedef ve kapsam tan\u0131m\u0131,<\/li>\n<\/ul>\n\n\n\n<ul class=\"wp-block-list\">\n<li>Su ayak izinin envanter analizi,<\/li>\n<\/ul>\n\n\n\n<ul class=\"wp-block-list\">\n<li>Su ayak izinin etki de\u011ferlendirmesi,<\/li>\n<\/ul>\n\n\n\n<ul class=\"wp-block-list\">\n<li>Sonu\u00e7lar\u0131n yorumlanmas\u0131.<\/li>\n<\/ul>\n\n\n\n<p>Su tasarrufu yap\u0131lmas\u0131 gereken noktalar\u0131n tespit edilmesini sa\u011flayan bu standart, gelecekteki risklerden ka\u00e7\u0131nmak i\u00e7in gerekli olan \u00f6nlemlerin al\u0131nmas\u0131n\u0131 sa\u011flayabilir. Elde edilen veriler su kaynakl\u0131 \u00e7evresel etkilerin azalt\u0131lmas\u0131na ve kontrol alt\u0131na al\u0131nmas\u0131na yard\u0131mc\u0131 olabilir. M\u00fc\u015fteri ve yat\u0131r\u0131mc\u0131 talepleri kar\u015f\u0131lanmaya devam ederken \u00e7evre \u00fczerindeki olumsuz etkilerin azalt\u0131lmas\u0131yla marka itibar\u0131 g\u00fc\u00e7lendirilebilir.<\/p>\n\n\n\n<h2 class=\"wp-block-heading\"><strong>\u00dcr\u00fcnlerin ve \u00dclkelerin Su Ayak \u0130zine Etkisi<\/strong><\/h2>\n\n\n\n<p>Instution of Mechanical Engineers taraf\u0131ndan haz\u0131rlanan <a href=\"https:\/\/www.imeche.org\/docs\/default-source\/reports\/Global_Food_Report.pdf\">rapora<\/a> g\u00f6re baz\u0131 g\u0131da \u00fcr\u00fcnlerinin 1 kilogram ba\u015f\u0131na t\u00fckettikleri su miktar\u0131 \u015fu \u015fekilde:<\/p>\n\n\n\n<ul class=\"wp-block-list\">\n<li>\u00c7ikolata: 17196 litre<\/li>\n<\/ul>\n\n\n\n<ul class=\"wp-block-list\">\n<li>S\u0131\u011f\u0131r Eti: 15415 litre<\/li>\n<\/ul>\n\n\n\n<ul class=\"wp-block-list\">\n<li>Koyun Eti: 10412 litre<\/li>\n<\/ul>\n\n\n\n<ul class=\"wp-block-list\">\n<li>Domuz Eti: 5988 litre<\/li>\n<\/ul>\n\n\n\n<ul class=\"wp-block-list\">\n<li>Tereya\u011f\u0131: 5553 litre<\/li>\n<\/ul>\n\n\n\n<p>\u0130klim de\u011fi\u015fikli\u011finin etkileri ya\u011f\u0131\u015flar\u0131n nereye ve nas\u0131l d\u00fc\u015ft\u00fc\u011f\u00fcn\u00fc de\u011fi\u015ftiriyor. Ayr\u0131ca k\u00fcresel su kullan\u0131m\u0131m\u0131z g\u00fcvenli s\u0131n\u0131rlar\u0131 a\u015ft\u0131k\u00e7a su krizi k\u00fcresel olarak art\u0131\u015f g\u00f6steriyor. D\u00fcnya genelinde en fazla su t\u00fcketen \u00fclkelerin listesi, 1 y\u0131lda t\u00fcketilen milyar ton suya g\u00f6re \u015fu \u015fekilde:<\/p>\n\n\n\n<ul class=\"wp-block-list\">\n<li>Hindistan: 987.38<\/li>\n<\/ul>\n\n\n\n<ul class=\"wp-block-list\">\n<li>\u00c7in: 883.39<\/li>\n<\/ul>\n\n\n\n<ul class=\"wp-block-list\">\n<li>ABD: 696.01<\/li>\n<\/ul>\n\n\n\n<ul class=\"wp-block-list\">\n<li>Rusya: 270.98<\/li>\n<\/ul>\n\n\n\n<ul class=\"wp-block-list\">\n<li>Endonezya: 269.96<\/li>\n<\/ul>\n\n\n\n<ul class=\"wp-block-list\">\n<li>Brezilya: 233.59<\/li>\n<\/ul>\n\n\n\n<p><a href=\"https:\/\/www.suverimliligi.gov.tr\/en\/water-footprint\/\">T\u00fcrkiye\u2019nin toplam su ayak iziyse<\/a> y\u0131lda yakla\u015f\u0131k 140 milyar metrek\u00fcp. T\u00fcrkiye&#8217;de su ayak izinin %89\u2019u tar\u0131m sekt\u00f6r\u00fcnden, %7\u2019si evsel su kullan\u0131m\u0131ndan ve %4\u2019\u00fcyse end\u00fcstriyel su t\u00fcketiminden kaynaklan\u0131yor. Tar\u0131m sekt\u00f6r\u00fcn\u00fcn bir bile\u015feni olan bitkisel \u00fcretimde kullan\u0131lan suyun yakla\u015f\u0131k %66&#8217;s\u0131 ye\u015fil sudan sa\u011flan\u0131yor. Tar\u0131m su ayak izi \u00f6l\u00e7\u00fcm\u00fcnde mavi ve ye\u015fil su ayak izleri s\u00f6z konusudur. Kentsel ve end\u00fcstriyel ayak izi i\u00e7inse gri su ayak izine odaklan\u0131l\u0131r.<\/p>\n\n\n\n<p>T\u00fcrkiye&#8217;de kentsel su ayak izinin gri su ayak izine oran\u0131 %87&#8217;dir. End\u00fcstriyel su ayak izi i\u00e7in bu oran %92&#8217;dir. T\u00fcrkiye&#8217;de n\u00fcfus art\u0131\u015f\u0131 b\u00f6ylesine yo\u011funken gri su ayak izine etki oranlar\u0131n\u0131n bu kadar y\u00fcksek olmas\u0131 gelecekteki su kalitesini de tehdit eder.<\/p>\n\n\n\n<h2 class=\"wp-block-heading\"><strong>Su Ayak \u0130zinin K\u00fcresel Etkileri<\/strong><\/h2>\n\n\n\n<figure class=\"wp-block-image\"><img loading=\"lazy\" decoding=\"async\" width=\"1072\" height=\"666\" src=\"https:\/\/www.quickcarbon.com\/tr\/wp-content\/uploads\/2024\/12\/Su-Ayak-I\u2560czinin-Ku\u2560eresel-Etkileri.jpg\" alt=\"\" class=\"wp-image-1714\" srcset=\"https:\/\/www.quickcarbon.com\/tr\/wp-content\/uploads\/2024\/12\/Su-Ayak-I\u2560czinin-Ku\u2560eresel-Etkileri.jpg 1072w, https:\/\/www.quickcarbon.com\/tr\/wp-content\/uploads\/2024\/12\/Su-Ayak-I\u2560czinin-Ku\u2560eresel-Etkileri-300x186.jpg 300w, https:\/\/www.quickcarbon.com\/tr\/wp-content\/uploads\/2024\/12\/Su-Ayak-I\u2560czinin-Ku\u2560eresel-Etkileri-1024x636.jpg 1024w, https:\/\/www.quickcarbon.com\/tr\/wp-content\/uploads\/2024\/12\/Su-Ayak-I\u2560czinin-Ku\u2560eresel-Etkileri-768x477.jpg 768w\" sizes=\"auto, (max-width: 1072px) 100vw, 1072px\" \/><\/figure>\n\n\n\n<p>D\u00fcnya n\u00fcfusunun artmas\u0131, t\u00fcketim kal\u0131plar\u0131n\u0131n de\u011fi\u015fmesi, ya\u015fam standartlar\u0131n\u0131n geli\u015fmesi ve sulu tar\u0131m faaliyetleri suya olan talebin artmas\u0131na neden oluyor. Asl\u0131nda D\u00fcnya&#8217;n\u0131n y\u0131ll\u0131k bazda ihtiya\u00e7 duydu\u011fu su talebini kar\u015f\u0131lamak m\u00fcmk\u00fcn. Fakat suyun varl\u0131\u011f\u0131n\u0131n zamana ve mek\u00e2na g\u00f6re farkl\u0131l\u0131k g\u00f6stermesi D\u00fcnya&#8217;n\u0131n \u00e7e\u015fitli b\u00f6lgelerinde baz\u0131 d\u00f6nemlerde su k\u0131tl\u0131\u011f\u0131 ya\u015fanmas\u0131na sebep oluyor ve bu k\u0131tl\u0131\u011f\u0131n boyutu hi\u00e7 de k\u00fc\u00e7\u00fck de\u011fil.<\/p>\n\n\n\n<p>\u0130nsanlar\u0131n varl\u0131\u011f\u0131n\u0131 s\u00fcrd\u00fcrebilmesi i\u00e7in gerekli olan ve her \u015feyden \u00f6nce temel bir insan hakk\u0131 olan tatl\u0131 suya ula\u015fmak zorla\u015f\u0131yor \u00e7\u00fcnk\u00fc D\u00fcnya&#8217;daki tatl\u0131 su kaynaklar\u0131 t\u00fckeniyor. Bank of America Global Research&#8217;\u00fcn <a href=\"https:\/\/www.iwla.org\/publications\/outdoor-america\/articles\/outdoor-america-2024-issue-2\/we're-running-out-of-clean-water-consumption-contamination-costs#:~:text=Clean%20water,%20essential%20to%20our,Bank%20of%20America%20Global%20Research.\">2023 raporu<\/a> D\u00fcnya&#8217;daki tatl\u0131 su kaynaklar\u0131n\u0131n mevcut t\u00fcketim h\u0131z\u0131yla 2040 y\u0131l\u0131na kadar t\u00fckenebilece\u011fini belirtiyor.<\/p>\n\n\n\n<p>Su k\u0131tl\u0131\u011f\u0131na dair <a href=\"https:\/\/www.unicef.org\/wash\/water-scarcity\">UNICEF<\/a> taraf\u0131ndan a\u00e7\u0131klanan baz\u0131 \u00f6nemli veriler \u015fu \u015fekilde:<\/p>\n\n\n\n<ul class=\"wp-block-list\">\n<li>D\u00fcnya n\u00fcfusunun \u00fc\u00e7te ikisi, yani yakla\u015f\u0131k 4 milyar insan y\u0131l\u0131n belirli d\u00f6nemlerinde ciddi su k\u0131tl\u0131\u011f\u0131 ya\u015f\u0131yor.<\/li>\n<\/ul>\n\n\n\n<ul class=\"wp-block-list\">\n<li>Su arz\u0131n\u0131n yetersiz oldu\u011fu \u00fclkelerde ya\u015fayan insanlar\u0131n say\u0131s\u0131 yakla\u015f\u0131k olarak 2 milyar.<\/li>\n<\/ul>\n\n\n\n<ul class=\"wp-block-list\">\n<li>2025 y\u0131l\u0131nda d\u00fcnya n\u00fcfusunun yakla\u015f\u0131k olarak yar\u0131s\u0131 suya eri\u015fimi k\u0131s\u0131tl\u0131 olan b\u00f6lgelerde ya\u015fayabilir.<\/li>\n<\/ul>\n\n\n\n<ul class=\"wp-block-list\">\n<li>2030 y\u0131l\u0131na gelindi\u011finde yakla\u015f\u0131k 700 milyon insan suya eri\u015fimin s\u0131n\u0131rl\u0131 olmas\u0131 nedeniyle g\u00f6\u00e7 etmek zorunda kalabilir.<\/li>\n<\/ul>\n\n\n\n<ul class=\"wp-block-list\">\n<li>2040 y\u0131l\u0131nda \u00e7ocuk n\u00fcfusunun yakla\u015f\u0131k %25&#8217;i su kaynaklar\u0131na eri\u015fimin zor oldu\u011fu b\u00f6lgelerde ya\u015f\u0131yor olabilir.<\/li>\n<\/ul>\n\n\n\n<p>Su t\u00fcketiminin kurumsal ve bireysel \u00f6l\u00e7ekte kontrol alt\u0131na al\u0131nabilmesi, gelecek nesiller i\u00e7in temiz su kaynaklar\u0131 b\u0131rakmaya yard\u0131mc\u0131 olabilir. Su koruma teknolojileri, uluslararas\u0131 anla\u015fmalar ve h\u00fck\u00fcmet politikalar\u0131 su t\u00fcketiminin kontrol alt\u0131na al\u0131nmas\u0131 i\u00e7in te\u015fvik edici olmal\u0131d\u0131r.<\/p>\n\n\n\n<h2 class=\"wp-block-heading\"><strong>Su Ayak \u0130zini Azaltmak \u0130\u00e7in Neler Yap\u0131labilir?<\/strong><\/h2>\n\n\n\n<p>Bireysel t\u00fcketicilerin g\u00fcnl\u00fck ya\u015famlar\u0131nda geli\u015ftirebilece\u011fi bir dizi al\u0131\u015fkanl\u0131k bireysel su ayak izinin azalmas\u0131na yard\u0131mc\u0131 olabilir. Bu al\u0131\u015fkanl\u0131klardan baz\u0131lar\u0131 \u015funlard\u0131r:<\/p>\n\n\n\n<p class=\"has-medium-font-size\"><strong>Bireysel Su Ayak \u0130zi Nas\u0131l Azalt\u0131l\u0131r?<\/strong><\/p>\n\n\n\n<ul class=\"wp-block-list\">\n<li>Du\u015f al\u0131rken kullan\u0131lan su miktar\u0131n\u0131 azaltmak i\u00e7in du\u015f s\u00fcreleri k\u0131salt\u0131labilir. Elleri ve y\u00fcz\u00fc sabunlarken, di\u015fleri f\u0131r\u00e7alarken ya da t\u0131ra\u015f olurken musluk kapat\u0131labilir. Ayr\u0131ca su ak\u0131\u015f\u0131n\u0131 d\u00fczenleyebilen \u00e7evre dostu musluklar ve du\u015f ba\u015fl\u0131klar\u0131 kullan\u0131labilir. Geleneksel musluklar dakikada yakla\u015f\u0131k 19 litre su ak\u0131\u015f\u0131 sa\u011flarken d\u00fc\u015f\u00fck bas\u0131n\u00e7l\u0131 musluklar dakikada 5 litre su ak\u0131\u015f\u0131 sa\u011flar.<\/li>\n<\/ul>\n\n\n\n<ul class=\"wp-block-list\">\n<li>Yiyeceklerin yeti\u015ftirilmesi, i\u015flenmesi ve ta\u015f\u0131nmas\u0131 i\u00e7in gereken su miktar\u0131 son derece y\u00fcksektir. Bu y\u00fczden yerel \u00fcreticilerden al\u0131\u015fveri\u015f yapmak lojistik s\u00fcre\u00e7ler i\u00e7in harcanan su miktar\u0131n\u0131 azaltabilir.<\/li>\n<\/ul>\n\n\n\n<ul class=\"wp-block-list\">\n<li>Yeni \u00fcr\u00fcnler almak yerine \u00fcr\u00fcnlerin kullan\u0131m \u00f6mr\u00fc uzat\u0131labilir. Geri d\u00f6n\u00fc\u015ft\u00fcr\u00fclm\u00fc\u015f \u00fcr\u00fcnler kullan\u0131labilir ya da eski \u00fcr\u00fcnler d\u00f6n\u00fc\u015ft\u00fcr\u00fclerek sat\u0131n al\u0131nmas\u0131 gereken \u00fcr\u00fcnlerin yerini doldurulabilir.<\/li>\n<\/ul>\n\n\n\n<ul class=\"wp-block-list\">\n<li>Bah\u00e7e sularken veya araba y\u0131karken hortum yerine kova kullan\u0131labilir.<\/li>\n<\/ul>\n\n\n\n<ul class=\"wp-block-list\">\n<li>Et t\u00fcketimi s\u0131n\u0131rland\u0131r\u0131larak sebze ve tah\u0131l odakl\u0131 bir beslenme al\u0131\u015fkanl\u0131\u011f\u0131 geli\u015ftirebilir.<\/li>\n<\/ul>\n\n\n\n<ul class=\"wp-block-list\">\n<li>\u015eeker \u00fcretiminde y\u00fcksek miktarda su kullan\u0131ld\u0131\u011f\u0131 i\u00e7in \u015feker t\u00fcketimi azalt\u0131larak bireysel su ayak izi azalt\u0131labilir.<\/li>\n<\/ul>\n\n\n\n<h2 class=\"wp-block-heading has-medium-font-size\"><strong>Kurumsal Su Ayak \u0130zi Nas\u0131l Azalt\u0131l\u0131r?<\/strong><\/h2>\n\n\n\n<ul class=\"wp-block-list\">\n<li>\u00c7evresel kalite sistemleri geli\u015ftirilebilir.<\/li>\n<\/ul>\n\n\n\n<ul class=\"wp-block-list\">\n<li>Geri d\u00f6n\u00fc\u015f\u00fcm, yeniden kullan\u0131m ve <a href=\"https:\/\/www.europarl.europa.eu\/topics\/en\/article\/20151201STO05603\/circular-economy-definition-importance-and-benefits\">d\u00f6ng\u00fcsel ekonomi<\/a> ilkeleri benimsenebilir.<\/li>\n<\/ul>\n\n\n\n<ul class=\"wp-block-list\">\n<li>K\u00e2\u011f\u0131t kullan\u0131m\u0131 s\u0131n\u0131rland\u0131r\u0131larak dijital \u00e7\u00f6z\u00fcmlerden destek al\u0131nabilir.<\/li>\n<\/ul>\n\n\n\n<ul class=\"wp-block-list\">\n<li>Su ayak izini azaltmay\u0131 taahh\u00fct eden tedarik\u00e7ilerle \u00e7al\u0131\u015f\u0131labilir.<\/li>\n<\/ul>\n\n\n\n<ul class=\"wp-block-list\">\n<li>T\u00fcm \u015firket \u00e7al\u0131\u015fanlar\u0131n\u0131n kat\u0131l\u0131m\u0131yla e\u011fitim seminerleri d\u00fczenlenebilir ve fark\u0131ndal\u0131k kampanyalar\u0131 y\u00fcr\u00fct\u00fclebilir.<\/li>\n<\/ul>\n\n\n\n<ul class=\"wp-block-list\">\n<li>Ya\u011fmur suyu toplama merkezleri ve su ar\u0131tma tesisleri kurulabilir.<\/li>\n<\/ul>\n\n\n\n<ul class=\"wp-block-list\">\n<li>Ak\u0131ll\u0131 izleme y\u00f6ntemleri gibi yenilik\u00e7i teknolojilerle su t\u00fcketimi kontrol alt\u0131na al\u0131nabilir.<\/li>\n<\/ul>\n\n\n\n<h2 class=\"wp-block-heading\"><strong>S\u00fcrd\u00fcr\u00fclebilir Hedefleri Belirlerken Yard\u0131mc\u0131n\u0131z: QuickCarbon!<\/strong><\/h2>\n\n\n\n<p>Su ayak izi, bireylerin ve kurumlar\u0131n s\u00fcrd\u00fcr\u00fclebilir bir gelece\u011fe katk\u0131da bulunmak i\u00e7in dikkate almas\u0131 gereken \u00e7evresel bir g\u00f6stergedir. Bu g\u00f6sterge sayesinde insan faaliyetlerinin yaratt\u0131\u011f\u0131 etkinin belirlenmesi i\u00e7in objektif veriler elde edilebilir. Su ayak izi bu a\u00e7\u0131dan karbon ayak iziyle de benzerlik g\u00f6sterir. Kurumlar\u0131n hem su ayak izini hem karbon ayak izini hesaplamas\u0131 sorunun merkezine odaklanarak buna y\u00f6nelik ad\u0131mlar atmas\u0131n\u0131 kolayla\u015ft\u0131rabilir. QuickCarbon \u00f6zellikle karbon ayak izini hesaplamak isteyen \u015firketler i\u00e7in profesyonel bir \u00e7\u00f6z\u00fcm sunar.<\/p>\n\n\n\n<p>Kullan\u0131c\u0131 dostu QuickCarbon yaz\u0131l\u0131m\u0131m\u0131z ISO 14064-1:2018 Standard\u0131&#8217;na ve GHG Protokol\u00fc&#8217;ne g\u00f6re hesaplama yapman\u0131z\u0131 m\u00fcmk\u00fcn k\u0131lar. Elde edilen sonu\u00e7lar raporlan\u0131r ve bu raporlar hem Word hem Excel format\u0131nda, farkl\u0131 dil se\u00e7enekleriyle indirilebilir. Siz de yaz\u0131l\u0131m\u0131m\u0131z hakk\u0131nda kapsaml\u0131 bilgi almak ve demo talebi olu\u015fturmak isterseniz bizimle <a href=\"https:\/\/www.quickcarbon.com\/tr\/iletisim\/\">ileti\u015fime<\/a> ge\u00e7ebilirsiniz.<\/p>\n","protected":false},"excerpt":{"rendered":"<p>T\u0131pk\u0131 karbon ayak izi gibi su kullan\u0131m\u0131n\u0131n da bir ayak izi var. K\u00fc\u00e7\u00fck \u00f6l\u00e7ekli evsel t\u00fcketimden \u00fcretim s\u00fcre\u00e7lerindeki b\u00fcy\u00fck \u00f6l\u00e7ekli su t\u00fcketimine kadar her alanda su ayak izini g\u00f6rmek m\u00fcmk\u00fcn. Evlerdeki elektronik e\u015fyalar\u0131n, giyilen k\u0131yafetlerin, kullan\u0131lan ara\u00e7lar\u0131n ve t\u00fcketilen g\u0131da \u00fcr\u00fcnlerinin \u00fcretimi i\u00e7in suya ihtiya\u00e7 duyuluyor.<\/p>\n","protected":false},"author":3,"featured_media":1712,"comment_status":"closed","ping_status":"open","sticky":false,"template":"","format":"standard","meta":{"footnotes":""},"categories":[1],"tags":[29,28,27,138],"class_list":["post-1710","post","type-post","status-publish","format-standard","has-post-thumbnail","hentry","category-genel","tag-gri-su-ayak-izi","tag-mavi-su-ayak-izi","tag-su-ayak-izi","tag-su-ayak-izi-rengi"],"yoast_head":"<!-- This site is optimized with the Yoast SEO plugin v25.6 - https:\/\/yoast.com\/wordpress\/plugins\/seo\/ -->\n<title>Su Ayak \u0130zi Rengi - QuickCarbon<\/title>\n<meta name=\"description\" content=\"T\u0131pk\u0131 karbon ayak izi gibi su kullan\u0131m\u0131n\u0131n da bir ayak izi var. K\u00fc\u00e7\u00fck \u00f6l\u00e7ekli evsel t\u00fcketimden \u00fcretim s\u00fcre\u00e7lerindeki b\u00fcy\u00fck \u00f6l\u00e7ekli su t\u00fcketimine kadar her alanda su ayak izini g\u00f6rmek m\u00fcmk\u00fcn. Evlerdeki elektronik e\u015fyalar\u0131n, giyilen k\u0131yafetlerin, kullan\u0131lan ara\u00e7lar\u0131n ve t\u00fcketilen g\u0131da \u00fcr\u00fcnlerinin \u00fcretimi i\u00e7in suya ihtiya\u00e7 duyuluyor.\" \/>\n<meta name=\"robots\" content=\"index, follow, max-snippet:-1, max-image-preview:large, max-video-preview:-1\" \/>\n<link rel=\"canonical\" href=\"https:\/\/www.quickcarbon.com\/tr\/blog\/su-ayak-izi-rengi\/\" \/>\n<meta property=\"og:locale\" content=\"tr_TR\" \/>\n<meta property=\"og:type\" content=\"article\" \/>\n<meta property=\"og:title\" content=\"Su Ayak \u0130zi Rengi - QuickCarbon\" \/>\n<meta property=\"og:description\" content=\"T\u0131pk\u0131 karbon ayak izi gibi su kullan\u0131m\u0131n\u0131n da bir ayak izi var. K\u00fc\u00e7\u00fck \u00f6l\u00e7ekli evsel t\u00fcketimden \u00fcretim s\u00fcre\u00e7lerindeki b\u00fcy\u00fck \u00f6l\u00e7ekli su t\u00fcketimine kadar her alanda su ayak izini g\u00f6rmek m\u00fcmk\u00fcn. Evlerdeki elektronik e\u015fyalar\u0131n, giyilen k\u0131yafetlerin, kullan\u0131lan ara\u00e7lar\u0131n ve t\u00fcketilen g\u0131da \u00fcr\u00fcnlerinin \u00fcretimi i\u00e7in suya ihtiya\u00e7 duyuluyor.\" \/>\n<meta property=\"og:url\" content=\"https:\/\/www.quickcarbon.com\/tr\/blog\/su-ayak-izi-rengi\/\" \/>\n<meta property=\"og:site_name\" content=\"QuickCarbon\" \/>\n<meta property=\"article:publisher\" content=\"https:\/\/www.facebook.com\/quickcarbon\/\" \/>\n<meta property=\"article:published_time\" content=\"2024-12-05T08:31:53+00:00\" \/>\n<meta property=\"article:modified_time\" content=\"2024-12-11T08:34:02+00:00\" \/>\n<meta property=\"og:image\" content=\"https:\/\/www.quickcarbon.com\/tr\/wp-content\/uploads\/2024\/12\/17_Kapak-Gorsel.jpg\" \/>\n\t<meta property=\"og:image:width\" content=\"1072\" \/>\n\t<meta property=\"og:image:height\" content=\"666\" \/>\n\t<meta property=\"og:image:type\" content=\"image\/jpeg\" \/>\n<meta name=\"author\" content=\"Elif Akko\u00e7\" \/>\n<meta name=\"twitter:card\" content=\"summary_large_image\" \/>\n<meta name=\"twitter:creator\" content=\"@QuickCarbon_Tr\" \/>\n<meta name=\"twitter:site\" content=\"@QuickCarbon_Tr\" \/>\n<meta name=\"twitter:label1\" content=\"Written by\" \/>\n\t<meta name=\"twitter:data1\" content=\"Elif Akko\u00e7\" \/>\n\t<meta name=\"twitter:label2\" content=\"Est. reading time\" \/>\n\t<meta name=\"twitter:data2\" content=\"11 dakika\" \/>\n<script type=\"application\/ld+json\" class=\"yoast-schema-graph\">{\"@context\":\"https:\/\/schema.org\",\"@graph\":[{\"@type\":[\"Article\",\"BlogPosting\"],\"@id\":\"https:\/\/www.quickcarbon.com\/tr\/blog\/su-ayak-izi-rengi\/#article\",\"isPartOf\":{\"@id\":\"https:\/\/www.quickcarbon.com\/tr\/blog\/su-ayak-izi-rengi\/\"},\"author\":{\"name\":\"Elif Akko\u00e7\",\"@id\":\"https:\/\/www.quickcarbon.com\/tr\/#\/schema\/person\/e9ff9b7b560010798b00c0355cb606f1\"},\"headline\":\"Su Ayak \u0130zi Rengi\",\"datePublished\":\"2024-12-05T08:31:53+00:00\",\"dateModified\":\"2024-12-11T08:34:02+00:00\",\"mainEntityOfPage\":{\"@id\":\"https:\/\/www.quickcarbon.com\/tr\/blog\/su-ayak-izi-rengi\/\"},\"wordCount\":2203,\"publisher\":{\"@id\":\"https:\/\/www.quickcarbon.com\/tr\/#organization\"},\"image\":{\"@id\":\"https:\/\/www.quickcarbon.com\/tr\/blog\/su-ayak-izi-rengi\/#primaryimage\"},\"thumbnailUrl\":\"https:\/\/www.quickcarbon.com\/tr\/wp-content\/uploads\/2024\/12\/17_Kapak-Gorsel.jpg\",\"keywords\":[\"gri su ayak izi\",\"mavi su ayak izi\",\"su ayak izi\",\"su ayak izi rengi\"],\"inLanguage\":\"tr\"},{\"@type\":\"WebPage\",\"@id\":\"https:\/\/www.quickcarbon.com\/tr\/blog\/su-ayak-izi-rengi\/\",\"url\":\"https:\/\/www.quickcarbon.com\/tr\/blog\/su-ayak-izi-rengi\/\",\"name\":\"Su Ayak \u0130zi Rengi - QuickCarbon\",\"isPartOf\":{\"@id\":\"https:\/\/www.quickcarbon.com\/tr\/#website\"},\"primaryImageOfPage\":{\"@id\":\"https:\/\/www.quickcarbon.com\/tr\/blog\/su-ayak-izi-rengi\/#primaryimage\"},\"image\":{\"@id\":\"https:\/\/www.quickcarbon.com\/tr\/blog\/su-ayak-izi-rengi\/#primaryimage\"},\"thumbnailUrl\":\"https:\/\/www.quickcarbon.com\/tr\/wp-content\/uploads\/2024\/12\/17_Kapak-Gorsel.jpg\",\"datePublished\":\"2024-12-05T08:31:53+00:00\",\"dateModified\":\"2024-12-11T08:34:02+00:00\",\"description\":\"T\u0131pk\u0131 karbon ayak izi gibi su kullan\u0131m\u0131n\u0131n da bir ayak izi var. K\u00fc\u00e7\u00fck \u00f6l\u00e7ekli evsel t\u00fcketimden \u00fcretim s\u00fcre\u00e7lerindeki b\u00fcy\u00fck \u00f6l\u00e7ekli su t\u00fcketimine kadar her alanda su ayak izini g\u00f6rmek m\u00fcmk\u00fcn. Evlerdeki elektronik e\u015fyalar\u0131n, giyilen k\u0131yafetlerin, kullan\u0131lan ara\u00e7lar\u0131n ve t\u00fcketilen g\u0131da \u00fcr\u00fcnlerinin \u00fcretimi i\u00e7in suya ihtiya\u00e7 duyuluyor.\",\"breadcrumb\":{\"@id\":\"https:\/\/www.quickcarbon.com\/tr\/blog\/su-ayak-izi-rengi\/#breadcrumb\"},\"inLanguage\":\"tr\",\"potentialAction\":[{\"@type\":\"ReadAction\",\"target\":[\"https:\/\/www.quickcarbon.com\/tr\/blog\/su-ayak-izi-rengi\/\"]}]},{\"@type\":\"ImageObject\",\"inLanguage\":\"tr\",\"@id\":\"https:\/\/www.quickcarbon.com\/tr\/blog\/su-ayak-izi-rengi\/#primaryimage\",\"url\":\"https:\/\/www.quickcarbon.com\/tr\/wp-content\/uploads\/2024\/12\/17_Kapak-Gorsel.jpg\",\"contentUrl\":\"https:\/\/www.quickcarbon.com\/tr\/wp-content\/uploads\/2024\/12\/17_Kapak-Gorsel.jpg\",\"width\":1072,\"height\":666},{\"@type\":\"BreadcrumbList\",\"@id\":\"https:\/\/www.quickcarbon.com\/tr\/blog\/su-ayak-izi-rengi\/#breadcrumb\",\"itemListElement\":[{\"@type\":\"ListItem\",\"position\":1,\"name\":\"Ana Sayfa\",\"item\":\"https:\/\/www.quickcarbon.com\/tr\/\"},{\"@type\":\"ListItem\",\"position\":2,\"name\":\"Su Ayak \u0130zi Rengi\"}]},{\"@type\":\"WebSite\",\"@id\":\"https:\/\/www.quickcarbon.com\/tr\/#website\",\"url\":\"https:\/\/www.quickcarbon.com\/tr\/\",\"name\":\"QuickCarbon\",\"description\":\"Take Control of Your Corporate Carbon Footprint\",\"publisher\":{\"@id\":\"https:\/\/www.quickcarbon.com\/tr\/#organization\"},\"alternateName\":\"QC\",\"potentialAction\":[{\"@type\":\"SearchAction\",\"target\":{\"@type\":\"EntryPoint\",\"urlTemplate\":\"https:\/\/www.quickcarbon.com\/tr\/?s={search_term_string}\"},\"query-input\":{\"@type\":\"PropertyValueSpecification\",\"valueRequired\":true,\"valueName\":\"search_term_string\"}}],\"inLanguage\":\"tr\"},{\"@type\":\"Organization\",\"@id\":\"https:\/\/www.quickcarbon.com\/tr\/#organization\",\"name\":\"QuickCarbon\",\"alternateName\":\"QC\",\"url\":\"https:\/\/www.quickcarbon.com\/tr\/\",\"logo\":{\"@type\":\"ImageObject\",\"inLanguage\":\"tr\",\"@id\":\"https:\/\/www.quickcarbon.com\/tr\/#\/schema\/logo\/image\/\",\"url\":\"https:\/\/www.quickcarbon.com\/tr\/wp-content\/uploads\/2023\/09\/cropped-qc_favicon-1.png\",\"contentUrl\":\"https:\/\/www.quickcarbon.com\/tr\/wp-content\/uploads\/2023\/09\/cropped-qc_favicon-1.png\",\"width\":512,\"height\":512,\"caption\":\"QuickCarbon\"},\"image\":{\"@id\":\"https:\/\/www.quickcarbon.com\/tr\/#\/schema\/logo\/image\/\"},\"sameAs\":[\"https:\/\/www.facebook.com\/quickcarbon\/\",\"https:\/\/x.com\/QuickCarbon_Tr\",\"https:\/\/www.instagram.com\/quickcarbon_official\/\",\"https:\/\/www.linkedin.com\/showcase\/quickcarbon-\/\"]},{\"@type\":\"Person\",\"@id\":\"https:\/\/www.quickcarbon.com\/tr\/#\/schema\/person\/e9ff9b7b560010798b00c0355cb606f1\",\"name\":\"Elif Akko\u00e7\",\"image\":{\"@type\":\"ImageObject\",\"inLanguage\":\"tr\",\"@id\":\"https:\/\/www.quickcarbon.com\/tr\/#\/schema\/person\/image\/\",\"url\":\"https:\/\/secure.gravatar.com\/avatar\/1419d3d4829046468ad9f261eb84b5e321805c1b4084d3d1c85c0de62b0330de?s=96&d=mm&r=g\",\"contentUrl\":\"https:\/\/secure.gravatar.com\/avatar\/1419d3d4829046468ad9f261eb84b5e321805c1b4084d3d1c85c0de62b0330de?s=96&d=mm&r=g\",\"caption\":\"Elif Akko\u00e7\"},\"sameAs\":[\"https:\/\/www.quickcarbon.com\/\"]}]}<\/script>\n<!-- \/ Yoast SEO plugin. -->","yoast_head_json":{"title":"Su Ayak \u0130zi Rengi - QuickCarbon","description":"T\u0131pk\u0131 karbon ayak izi gibi su kullan\u0131m\u0131n\u0131n da bir ayak izi var. K\u00fc\u00e7\u00fck \u00f6l\u00e7ekli evsel t\u00fcketimden \u00fcretim s\u00fcre\u00e7lerindeki b\u00fcy\u00fck \u00f6l\u00e7ekli su t\u00fcketimine kadar her alanda su ayak izini g\u00f6rmek m\u00fcmk\u00fcn. Evlerdeki elektronik e\u015fyalar\u0131n, giyilen k\u0131yafetlerin, kullan\u0131lan ara\u00e7lar\u0131n ve t\u00fcketilen g\u0131da \u00fcr\u00fcnlerinin \u00fcretimi i\u00e7in suya ihtiya\u00e7 duyuluyor.","robots":{"index":"index","follow":"follow","max-snippet":"max-snippet:-1","max-image-preview":"max-image-preview:large","max-video-preview":"max-video-preview:-1"},"canonical":"https:\/\/www.quickcarbon.com\/tr\/blog\/su-ayak-izi-rengi\/","og_locale":"tr_TR","og_type":"article","og_title":"Su Ayak \u0130zi Rengi - QuickCarbon","og_description":"T\u0131pk\u0131 karbon ayak izi gibi su kullan\u0131m\u0131n\u0131n da bir ayak izi var. K\u00fc\u00e7\u00fck \u00f6l\u00e7ekli evsel t\u00fcketimden \u00fcretim s\u00fcre\u00e7lerindeki b\u00fcy\u00fck \u00f6l\u00e7ekli su t\u00fcketimine kadar her alanda su ayak izini g\u00f6rmek m\u00fcmk\u00fcn. Evlerdeki elektronik e\u015fyalar\u0131n, giyilen k\u0131yafetlerin, kullan\u0131lan ara\u00e7lar\u0131n ve t\u00fcketilen g\u0131da \u00fcr\u00fcnlerinin \u00fcretimi i\u00e7in suya ihtiya\u00e7 duyuluyor.","og_url":"https:\/\/www.quickcarbon.com\/tr\/blog\/su-ayak-izi-rengi\/","og_site_name":"QuickCarbon","article_publisher":"https:\/\/www.facebook.com\/quickcarbon\/","article_published_time":"2024-12-05T08:31:53+00:00","article_modified_time":"2024-12-11T08:34:02+00:00","og_image":[{"width":1072,"height":666,"url":"https:\/\/www.quickcarbon.com\/tr\/wp-content\/uploads\/2024\/12\/17_Kapak-Gorsel.jpg","type":"image\/jpeg"}],"author":"Elif Akko\u00e7","twitter_card":"summary_large_image","twitter_creator":"@QuickCarbon_Tr","twitter_site":"@QuickCarbon_Tr","twitter_misc":{"Written by":"Elif Akko\u00e7","Est. reading time":"11 dakika"},"schema":{"@context":"https:\/\/schema.org","@graph":[{"@type":["Article","BlogPosting"],"@id":"https:\/\/www.quickcarbon.com\/tr\/blog\/su-ayak-izi-rengi\/#article","isPartOf":{"@id":"https:\/\/www.quickcarbon.com\/tr\/blog\/su-ayak-izi-rengi\/"},"author":{"name":"Elif Akko\u00e7","@id":"https:\/\/www.quickcarbon.com\/tr\/#\/schema\/person\/e9ff9b7b560010798b00c0355cb606f1"},"headline":"Su Ayak \u0130zi Rengi","datePublished":"2024-12-05T08:31:53+00:00","dateModified":"2024-12-11T08:34:02+00:00","mainEntityOfPage":{"@id":"https:\/\/www.quickcarbon.com\/tr\/blog\/su-ayak-izi-rengi\/"},"wordCount":2203,"publisher":{"@id":"https:\/\/www.quickcarbon.com\/tr\/#organization"},"image":{"@id":"https:\/\/www.quickcarbon.com\/tr\/blog\/su-ayak-izi-rengi\/#primaryimage"},"thumbnailUrl":"https:\/\/www.quickcarbon.com\/tr\/wp-content\/uploads\/2024\/12\/17_Kapak-Gorsel.jpg","keywords":["gri su ayak izi","mavi su ayak izi","su ayak izi","su ayak izi rengi"],"inLanguage":"tr"},{"@type":"WebPage","@id":"https:\/\/www.quickcarbon.com\/tr\/blog\/su-ayak-izi-rengi\/","url":"https:\/\/www.quickcarbon.com\/tr\/blog\/su-ayak-izi-rengi\/","name":"Su Ayak \u0130zi Rengi - QuickCarbon","isPartOf":{"@id":"https:\/\/www.quickcarbon.com\/tr\/#website"},"primaryImageOfPage":{"@id":"https:\/\/www.quickcarbon.com\/tr\/blog\/su-ayak-izi-rengi\/#primaryimage"},"image":{"@id":"https:\/\/www.quickcarbon.com\/tr\/blog\/su-ayak-izi-rengi\/#primaryimage"},"thumbnailUrl":"https:\/\/www.quickcarbon.com\/tr\/wp-content\/uploads\/2024\/12\/17_Kapak-Gorsel.jpg","datePublished":"2024-12-05T08:31:53+00:00","dateModified":"2024-12-11T08:34:02+00:00","description":"T\u0131pk\u0131 karbon ayak izi gibi su kullan\u0131m\u0131n\u0131n da bir ayak izi var. K\u00fc\u00e7\u00fck \u00f6l\u00e7ekli evsel t\u00fcketimden \u00fcretim s\u00fcre\u00e7lerindeki b\u00fcy\u00fck \u00f6l\u00e7ekli su t\u00fcketimine kadar her alanda su ayak izini g\u00f6rmek m\u00fcmk\u00fcn. Evlerdeki elektronik e\u015fyalar\u0131n, giyilen k\u0131yafetlerin, kullan\u0131lan ara\u00e7lar\u0131n ve t\u00fcketilen g\u0131da \u00fcr\u00fcnlerinin \u00fcretimi i\u00e7in suya ihtiya\u00e7 duyuluyor.","breadcrumb":{"@id":"https:\/\/www.quickcarbon.com\/tr\/blog\/su-ayak-izi-rengi\/#breadcrumb"},"inLanguage":"tr","potentialAction":[{"@type":"ReadAction","target":["https:\/\/www.quickcarbon.com\/tr\/blog\/su-ayak-izi-rengi\/"]}]},{"@type":"ImageObject","inLanguage":"tr","@id":"https:\/\/www.quickcarbon.com\/tr\/blog\/su-ayak-izi-rengi\/#primaryimage","url":"https:\/\/www.quickcarbon.com\/tr\/wp-content\/uploads\/2024\/12\/17_Kapak-Gorsel.jpg","contentUrl":"https:\/\/www.quickcarbon.com\/tr\/wp-content\/uploads\/2024\/12\/17_Kapak-Gorsel.jpg","width":1072,"height":666},{"@type":"BreadcrumbList","@id":"https:\/\/www.quickcarbon.com\/tr\/blog\/su-ayak-izi-rengi\/#breadcrumb","itemListElement":[{"@type":"ListItem","position":1,"name":"Ana Sayfa","item":"https:\/\/www.quickcarbon.com\/tr\/"},{"@type":"ListItem","position":2,"name":"Su Ayak \u0130zi Rengi"}]},{"@type":"WebSite","@id":"https:\/\/www.quickcarbon.com\/tr\/#website","url":"https:\/\/www.quickcarbon.com\/tr\/","name":"QuickCarbon","description":"Take Control of Your Corporate Carbon Footprint","publisher":{"@id":"https:\/\/www.quickcarbon.com\/tr\/#organization"},"alternateName":"QC","potentialAction":[{"@type":"SearchAction","target":{"@type":"EntryPoint","urlTemplate":"https:\/\/www.quickcarbon.com\/tr\/?s={search_term_string}"},"query-input":{"@type":"PropertyValueSpecification","valueRequired":true,"valueName":"search_term_string"}}],"inLanguage":"tr"},{"@type":"Organization","@id":"https:\/\/www.quickcarbon.com\/tr\/#organization","name":"QuickCarbon","alternateName":"QC","url":"https:\/\/www.quickcarbon.com\/tr\/","logo":{"@type":"ImageObject","inLanguage":"tr","@id":"https:\/\/www.quickcarbon.com\/tr\/#\/schema\/logo\/image\/","url":"https:\/\/www.quickcarbon.com\/tr\/wp-content\/uploads\/2023\/09\/cropped-qc_favicon-1.png","contentUrl":"https:\/\/www.quickcarbon.com\/tr\/wp-content\/uploads\/2023\/09\/cropped-qc_favicon-1.png","width":512,"height":512,"caption":"QuickCarbon"},"image":{"@id":"https:\/\/www.quickcarbon.com\/tr\/#\/schema\/logo\/image\/"},"sameAs":["https:\/\/www.facebook.com\/quickcarbon\/","https:\/\/x.com\/QuickCarbon_Tr","https:\/\/www.instagram.com\/quickcarbon_official\/","https:\/\/www.linkedin.com\/showcase\/quickcarbon-\/"]},{"@type":"Person","@id":"https:\/\/www.quickcarbon.com\/tr\/#\/schema\/person\/e9ff9b7b560010798b00c0355cb606f1","name":"Elif Akko\u00e7","image":{"@type":"ImageObject","inLanguage":"tr","@id":"https:\/\/www.quickcarbon.com\/tr\/#\/schema\/person\/image\/","url":"https:\/\/secure.gravatar.com\/avatar\/1419d3d4829046468ad9f261eb84b5e321805c1b4084d3d1c85c0de62b0330de?s=96&d=mm&r=g","contentUrl":"https:\/\/secure.gravatar.com\/avatar\/1419d3d4829046468ad9f261eb84b5e321805c1b4084d3d1c85c0de62b0330de?s=96&d=mm&r=g","caption":"Elif Akko\u00e7"},"sameAs":["https:\/\/www.quickcarbon.com\/"]}]}},"_links":{"self":[{"href":"https:\/\/www.quickcarbon.com\/tr\/wp-json\/wp\/v2\/posts\/1710","targetHints":{"allow":["GET"]}}],"collection":[{"href":"https:\/\/www.quickcarbon.com\/tr\/wp-json\/wp\/v2\/posts"}],"about":[{"href":"https:\/\/www.quickcarbon.com\/tr\/wp-json\/wp\/v2\/types\/post"}],"author":[{"embeddable":true,"href":"https:\/\/www.quickcarbon.com\/tr\/wp-json\/wp\/v2\/users\/3"}],"replies":[{"embeddable":true,"href":"https:\/\/www.quickcarbon.com\/tr\/wp-json\/wp\/v2\/comments?post=1710"}],"version-history":[{"count":3,"href":"https:\/\/www.quickcarbon.com\/tr\/wp-json\/wp\/v2\/posts\/1710\/revisions"}],"predecessor-version":[{"id":1718,"href":"https:\/\/www.quickcarbon.com\/tr\/wp-json\/wp\/v2\/posts\/1710\/revisions\/1718"}],"wp:featuredmedia":[{"embeddable":true,"href":"https:\/\/www.quickcarbon.com\/tr\/wp-json\/wp\/v2\/media\/1712"}],"wp:attachment":[{"href":"https:\/\/www.quickcarbon.com\/tr\/wp-json\/wp\/v2\/media?parent=1710"}],"wp:term":[{"taxonomy":"category","embeddable":true,"href":"https:\/\/www.quickcarbon.com\/tr\/wp-json\/wp\/v2\/categories?post=1710"},{"taxonomy":"post_tag","embeddable":true,"href":"https:\/\/www.quickcarbon.com\/tr\/wp-json\/wp\/v2\/tags?post=1710"}],"curies":[{"name":"wp","href":"https:\/\/api.w.org\/{rel}","templated":true}]}}