{"id":1761,"date":"2024-12-26T16:40:07","date_gmt":"2024-12-26T13:40:07","guid":{"rendered":"https:\/\/www.quickcarbon.com\/tr\/?p=1761"},"modified":"2025-01-02T11:20:49","modified_gmt":"2025-01-02T08:20:49","slug":"yesil-mutabakat-nedir","status":"publish","type":"post","link":"https:\/\/www.quickcarbon.com\/tr\/blog\/yesil-mutabakat-nedir\/","title":{"rendered":"Ye\u015fil Mutabakat Nedir?"},"content":{"rendered":"\n<p>S\u00fcrd\u00fcr\u00fclebilir bir gelecek i\u00e7in at\u0131lan g\u00fc\u00e7l\u00fc ad\u0131mlar aras\u0131nda yer alan Ye\u015fil Mutabakat, iklim de\u011fi\u015fikli\u011fine ve \u00e7evresel bozulmaya kar\u015f\u0131 etkili stratejileri i\u00e7erir. Kaynaklar\u0131n verimli kullan\u0131ld\u0131\u011f\u0131, rekabet\u00e7i ve modern bir ekonomik yap\u0131y\u0131 \u00f6ng\u00f6ren ye\u015fil mutabakat, ekonomik ve sosyal boyutlar\u0131yla da kapsaml\u0131 bir d\u00f6n\u00fc\u015f\u00fcm plan\u0131d\u0131r. Gelin, temel bile\u015fenlerinden uygulama zorluklar\u0131na kadar ye\u015fil mutabakatla ilgili merak edilenlere birlikte bakal\u0131m.<\/p>\n\n\n\n<figure class=\"wp-block-image\"><img loading=\"lazy\" decoding=\"async\" width=\"1072\" height=\"666\" src=\"https:\/\/www.quickcarbon.com\/tr\/wp-content\/uploads\/2024\/12\/Yes\u2560gil-Mutabakat-Nedir-.jpg\" alt=\"\" class=\"wp-image-1766\" srcset=\"https:\/\/www.quickcarbon.com\/tr\/wp-content\/uploads\/2024\/12\/Yes\u2560gil-Mutabakat-Nedir-.jpg 1072w, https:\/\/www.quickcarbon.com\/tr\/wp-content\/uploads\/2024\/12\/Yes\u2560gil-Mutabakat-Nedir--300x186.jpg 300w, https:\/\/www.quickcarbon.com\/tr\/wp-content\/uploads\/2024\/12\/Yes\u2560gil-Mutabakat-Nedir--1024x636.jpg 1024w, https:\/\/www.quickcarbon.com\/tr\/wp-content\/uploads\/2024\/12\/Yes\u2560gil-Mutabakat-Nedir--768x477.jpg 768w\" sizes=\"auto, (max-width: 1072px) 100vw, 1072px\" \/><\/figure>\n\n\n\n<h2 class=\"wp-block-heading\"><strong>Ye\u015fil Mutabakat Nedir?<\/strong><\/h2>\n\n\n\n<p>2019 y\u0131l\u0131nda Avrupa Komisyonu Ba\u015fkan\u0131 Ursula von der Leyen taraf\u0131ndan ortaya at\u0131lan Ye\u015fil Mutabakat, AB&#8217;deki sera gaz\u0131 emisyonlar\u0131n\u0131n 2050 y\u0131l\u0131na kadar s\u0131f\u0131rlanmas\u0131n\u0131 hedefler. \u0130klim de\u011fi\u015fikli\u011fini ortadan kald\u0131rma hedefi do\u011frultusunda \u015fekillenen Ye\u015fil Mutabakat, s\u00fcrd\u00fcr\u00fclebilir kalk\u0131nmay\u0131 destekleyen kapsaml\u0131 politikalar\u0131n ve uygulamalar\u0131n hayata ge\u00e7irilmesini hedefler.<\/p>\n\n\n\n<p>Ye\u015fil Mutabakat ifadesi, ABD ekonomisini 1929&#8217;daki B\u00fcy\u00fck Buhran\u2019dan \u00e7\u0131karmak amac\u0131yla 1933-1939 y\u0131llar\u0131 aras\u0131nda ABD Ba\u015fkan\u0131 Franklin Delano Roosevelt taraf\u0131ndan uygulanan ve kamu hizmetleriyle birlikte ekonomik ve sosyal reformlar\u0131 i\u00e7eren New Deal program\u0131na bir g\u00f6nderme yapar. Ancak, B\u00fcy\u00fck Buhran mevcut bir krize i\u015faret ederken, Ye\u015fil Mutabakat hen\u00fcz tam anlam\u0131yla ger\u00e7ekle\u015fmemi\u015f bir krizi, yani k\u00fcresel \u0131s\u0131nmay\u0131, ve bu krizin \u00f6nlenmesi i\u00e7in at\u0131lmas\u0131 gereken ad\u0131mlar\u0131 merkeze al\u0131r. \u0130nsan faaliyetlerinin bir sonucu olan k\u00fcresel \u0131s\u0131nma, gelecekteki nesillerin refah\u0131n\u0131 ciddi bi\u00e7imde tehdit etmektedir.<\/p>\n\n\n\n<p>S\u00f6z konusu plan\u0131n ba\u015far\u0131yla uygulanabilmesi i\u00e7in t\u00fcm sekt\u00f6rlerin aktif kat\u0131l\u0131m\u0131 hayati \u00f6nem ta\u015f\u0131r. K\u00fcresel \u0131s\u0131nmayla etkin bir \u015fekilde m\u00fccadele edebilmek ad\u0131na, ilgili politikalar\u0131n b\u00fct\u00fcnc\u00fcl bir perspektifle ele al\u0131nmas\u0131 ve kapsay\u0131c\u0131 bir yakla\u015f\u0131m benimsenmesi gerekmektedir. Plan\u0131n odaklanmas\u0131 gereken temel boyutlar aras\u0131nda iklim, \u00e7evre, enerji, ula\u015f\u0131m, end\u00fcstri, tar\u0131m ve s\u00fcrd\u00fcr\u00fclebilir finans yer al\u0131r. Bu uygulamalar\u0131n tasar\u0131m ve hayata ge\u00e7irilme s\u00fcre\u00e7lerinde, s\u00f6z konusu boyutlar aras\u0131ndaki g\u00fc\u00e7l\u00fc ve dinamik ba\u011flant\u0131lar mutlaka dikkate al\u0131nmal\u0131d\u0131r.<\/p>\n\n\n\n<h2 class=\"wp-block-heading\"><strong>AB Ye\u015fil Mutabakat\u0131n\u0131n Bile\u015fenleri<\/strong><\/h2>\n\n\n\n<figure class=\"wp-block-image\"><img loading=\"lazy\" decoding=\"async\" width=\"1072\" height=\"666\" src=\"https:\/\/www.quickcarbon.com\/tr\/wp-content\/uploads\/2024\/12\/AB-Yes\u2560gil-Mutabakat\u2500\u2592n\u2500\u2592n-Biles\u2560genleri.jpg\" alt=\"\" class=\"wp-image-1763\" srcset=\"https:\/\/www.quickcarbon.com\/tr\/wp-content\/uploads\/2024\/12\/AB-Yes\u2560gil-Mutabakat\u2500\u2592n\u2500\u2592n-Biles\u2560genleri.jpg 1072w, https:\/\/www.quickcarbon.com\/tr\/wp-content\/uploads\/2024\/12\/AB-Yes\u2560gil-Mutabakat\u2500\u2592n\u2500\u2592n-Biles\u2560genleri-300x186.jpg 300w, https:\/\/www.quickcarbon.com\/tr\/wp-content\/uploads\/2024\/12\/AB-Yes\u2560gil-Mutabakat\u2500\u2592n\u2500\u2592n-Biles\u2560genleri-1024x636.jpg 1024w, https:\/\/www.quickcarbon.com\/tr\/wp-content\/uploads\/2024\/12\/AB-Yes\u2560gil-Mutabakat\u2500\u2592n\u2500\u2592n-Biles\u2560genleri-768x477.jpg 768w\" sizes=\"auto, (max-width: 1072px) 100vw, 1072px\" \/><\/figure>\n\n\n\n<p>K\u00fcresel \u0131s\u0131nmayla m\u00fccadelede avantaj sa\u011flayacak ve iklim n\u00f6trl\u00fc\u011f\u00fcn\u00fc m\u00fcmk\u00fcn k\u0131lacak giri\u015fimlerden olan Ye\u015fil Mutabakat, yeni pazarlar yarat\u0131lmas\u0131ndan yeni teknolojiler geli\u015ftirilmesine kadar pek \u00e7ok f\u0131rsat yaratabilir. Ye\u015fil Mutabakat&#8217;\u0131n temel bile\u015fenleriyse \u015funlard\u0131r:<\/p>\n\n\n\n<p class=\"has-medium-font-size\"><strong>D\u00fc\u015f\u00fck Maliyetli, Temiz ve G\u00fcvenli Enerji<\/strong><\/p>\n\n\n\n<p>\u0130klim de\u011fi\u015fikli\u011fiyle m\u00fccadelede hedeflenen de\u011fi\u015fikliklerin ger\u00e7ekle\u015ftirilebilmesi i\u00e7in mevcut enerji modeliyle ilgili d\u00fczenlemeler yap\u0131lmas\u0131 bir gerekliliktir. Ye\u015fil Mutabakat enerji konusunda \u015fu noktalara odaklan\u0131r:<\/p>\n\n\n\n<ul class=\"wp-block-list\">\n<li>A\u00e7\u0131k deniz r\u00fczg\u00e2r enerjisi gibi yenilenebilir ve s\u00fcrd\u00fcr\u00fclebilir enerji kaynaklar\u0131 kullan\u0131lmal\u0131d\u0131r.<\/li>\n\n\n\n<li>K\u00f6m\u00fcr gibi fosil yak\u0131tlar\u0131n enerji \u00fcretiminde kullan\u0131m\u0131 s\u0131n\u0131rland\u0131r\u0131lmal\u0131, uzun vadede tamamen durdurulmal\u0131d\u0131r.<\/li>\n\n\n\n<li>Yenilenebilir gazlar olan hidrojen ve biyogazlar daha fazla tercih edilmelidir.<\/li>\n\n\n\n<li>Enerji verimlili\u011fi sa\u011flamak i\u00e7in yap\u0131lan \u00e7al\u0131\u015fmalar \u00f6nceliklendirilmelidir.<\/li>\n\n\n\n<li>\u00c7elik ve \u00e7imento \u00fcretimi kaynakl\u0131 karbon emisyonlar\u0131n\u0131n azalt\u0131lmas\u0131 ad\u0131na karbon yakalama, depolama ve yeniden kullanma gibi i\u015flemlere olanak sa\u011flayan ak\u0131ll\u0131 altyap\u0131lar geli\u015ftirilmelidir.<\/li>\n<\/ul>\n\n\n\n<p class=\"has-medium-font-size\"><strong>D\u00f6ng\u00fcsel Ekonomi<\/strong><\/p>\n\n\n\n<p>Do\u011frusal ekonomiye bir alternatif olarak geli\u015ftirilen d\u00f6ng\u00fcsel ekonomi modeli, \u00fcr\u00fcnlerin \u00f6mr\u00fcn\u00fcn uzat\u0131lmas\u0131 ve b\u00f6ylece kaynaklar\u0131n verimli kullan\u0131lmas\u0131 etraf\u0131nda \u015fekillenir. D\u00f6ng\u00fcsel ekonomi modelinde \u00f6mr\u00fcn\u00fc tamamlayan \u00fcr\u00fcnler at\u0131lmaz ve geri d\u00f6n\u00fc\u015ft\u00fcr\u00fclerek yeniden kullan\u0131l\u0131r. Geri d\u00f6n\u00fc\u015f\u00fcm uygulamalar\u0131 sayesinde at\u0131k miktar\u0131 azald\u0131\u011f\u0131ndan \u00e7evre kirlili\u011finin \u00f6n\u00fcne ge\u00e7ilebilir. \u00dcretim s\u00fcrecinde de\u011fi\u015fiklikler meydana gelmesi ve geri d\u00f6n\u00fc\u015f\u00fcm\u00fcn artmas\u0131 yeni uzmanl\u0131klar ve i\u015f sahalar\u0131 yaratabilir. Farkl\u0131 sekt\u00f6rler aras\u0131nda i\u015f birlikleri kurulabilir ve \u00e7e\u015fitli sekt\u00f6rlerin kaynaklara ula\u015fmas\u0131 kolayla\u015fabilir.<\/p>\n\n\n\n<p class=\"has-medium-font-size\"><strong>Enerji Verimlili\u011fi, S\u00fcrd\u00fcr\u00fclebilir Yap\u0131lar ve \u0130stihdam Olanaklar\u0131<\/strong><\/p>\n\n\n\n<p>Avrupa Birli\u011fi \u00fclkelerindeki binalar\u0131n \u00e7o\u011fu eskidir ve s\u00fcrd\u00fcr\u00fclebilir yap\u0131lara d\u00f6n\u00fc\u015ft\u00fcr\u00fclmeleri i\u00e7in yenilenmeleri gerekir. Binalar\u0131 enerji verimlili\u011fine uygun h\u00e2le getirmek ve in\u015faat sekt\u00f6r\u00fcnde d\u00f6ng\u00fcsel ekonomi politikalar\u0131n\u0131 uygulamak i\u00e7in hem kamu binalar\u0131n\u0131n hem de \u00f6zel binalar\u0131n yenilenmesi plan\u0131 hayata ge\u00e7irilmi\u015ftir. Bu durum pek \u00e7ok birey i\u00e7in yeni i\u015f f\u0131rsatlar\u0131 ve istihdam olanaklar\u0131 yaratabilir.<\/p>\n\n\n\n<p class=\"has-medium-font-size\"><strong>S\u00fcrd\u00fcr\u00fclebilir Ula\u015f\u0131m<\/strong><\/p>\n\n\n\n<figure class=\"wp-block-image\"><img loading=\"lazy\" decoding=\"async\" width=\"1072\" height=\"666\" src=\"https:\/\/www.quickcarbon.com\/tr\/wp-content\/uploads\/2024\/12\/Su\u2560erdu\u2560eru\u2560elebilir-Ulas\u2560g\u2500\u2592m.jpg\" alt=\"\" class=\"wp-image-1764\" srcset=\"https:\/\/www.quickcarbon.com\/tr\/wp-content\/uploads\/2024\/12\/Su\u2560erdu\u2560eru\u2560elebilir-Ulas\u2560g\u2500\u2592m.jpg 1072w, https:\/\/www.quickcarbon.com\/tr\/wp-content\/uploads\/2024\/12\/Su\u2560erdu\u2560eru\u2560elebilir-Ulas\u2560g\u2500\u2592m-300x186.jpg 300w, https:\/\/www.quickcarbon.com\/tr\/wp-content\/uploads\/2024\/12\/Su\u2560erdu\u2560eru\u2560elebilir-Ulas\u2560g\u2500\u2592m-1024x636.jpg 1024w, https:\/\/www.quickcarbon.com\/tr\/wp-content\/uploads\/2024\/12\/Su\u2560erdu\u2560eru\u2560elebilir-Ulas\u2560g\u2500\u2592m-768x477.jpg 768w\" sizes=\"auto, (max-width: 1072px) 100vw, 1072px\" \/><\/figure>\n\n\n\n<p>Ye\u015fil Mutabakat, karbon emisyonlar\u0131n\u0131n y\u00fcksek seviyelerde oldu\u011fu ula\u015f\u0131m sekt\u00f6r\u00fc i\u00e7in de \u00e7e\u015fitli \u00f6neriler sunar. Ula\u015f\u0131m ara\u00e7lar\u0131n\u0131n daha s\u00fcrd\u00fcr\u00fclebilir hale gelmesi ad\u0131na, \u00e7evre dostu ve yenilik\u00e7i alternatiflerin benimsenmesi gerekmektedir. Bu kapsamda, \u00e7ok modlu ta\u015f\u0131mac\u0131l\u0131k sistemlerinin te\u015fvik edilmesi ve elektrikli ara\u00e7lara ge\u00e7i\u015fin h\u0131zland\u0131r\u0131lmas\u0131 gibi uygulamalar \u00f6ne \u00e7\u0131kmaktad\u0131r. Bu ad\u0131mlar, hem emisyonlar\u0131n azalt\u0131lmas\u0131na hem de enerji verimlili\u011finin art\u0131r\u0131lmas\u0131na \u00f6nemli katk\u0131lar sa\u011flayacakt\u0131r.<\/p>\n\n\n\n<p class=\"has-medium-font-size\"><strong>Ekosistemi ve Biyo\u00e7e\u015fitlili\u011fi Koruma<\/strong><\/p>\n\n\n\n<p>Ye\u015fil mutabakat, ekosistemin ve bu sistem i\u00e7erisinde yer alan biyo\u00e7e\u015fitlili\u011fin korunmas\u0131 i\u00e7in son derece \u00f6nemlidir. Ekosistemlerin korunmas\u0131n\u0131 sa\u011flamak i\u00e7in do\u011fal alanlar\u0131n zarar g\u00f6rmesini engelleyecek \u00e7al\u0131\u015fmalar\u0131n y\u00fcr\u00fct\u00fclmesi gerekir. Ayr\u0131ca orman yang\u0131nlar\u0131 ve benzeri nedenlerle zarar g\u00f6ren do\u011fal alanlar\u0131n tekrar ye\u015fillendirilmesi ve hasar g\u00f6ren ekosistemlerin onar\u0131lmas\u0131 Ye\u015fil Mutabakat&#8217;\u0131n \u00f6nerdi\u011fi uygulamalar aras\u0131nda yer al\u0131r.<\/p>\n\n\n\n<p class=\"has-medium-font-size\"><strong>Sa\u011fl\u0131kl\u0131 Bir \u00c7evre \u0130\u00e7in Kirlili\u011fin Azalt\u0131lmas\u0131<\/strong><\/p>\n\n\n\n<p>\u00c7evre kirlili\u011fini azaltmay\u0131 hedefleyen s\u0131f\u0131r kirlilik giri\u015fimleri, Ye\u015fil Mutabakat&#8217;\u0131n temel bile\u015fenlerinden biridir. Bu giri\u015fimler, do\u011fal kaynaklar\u0131n korunmas\u0131n\u0131 ve \u00e7evresel etkilerin en aza indirilmesini ama\u00e7layan \u00e7e\u015fitli politikalar\u0131 i\u00e7erir. Bu kapsamda, \u00f6zellikle tar\u0131m ve g\u0131da \u00fcretim s\u00fcre\u00e7lerinde \u00e7evre \u00fczerindeki olumsuz etkileri azaltmay\u0131 hedefleyen &#8216;tarladan sofraya&#8217; yakla\u015f\u0131m\u0131 \u00f6ne \u00e7\u0131kmaktad\u0131r. Bu yakla\u015f\u0131m, s\u00fcrd\u00fcr\u00fclebilir tar\u0131m uygulamalar\u0131n\u0131 te\u015fvik ederek hem ekosistemin korunmas\u0131na hem de halk sa\u011fl\u0131\u011f\u0131n\u0131n iyile\u015ftirilmesine katk\u0131 sa\u011flamay\u0131 ama\u00e7lar.<\/p>\n\n\n\n<p>Avrupa Kardiyoloji Derne\u011fi\u2019nin verilerine g\u00f6re Avrupa&#8217;da her y\u0131l hava kirlili\u011fi nedeniyle neredeyse 800.000 bireyin erken \u00f6l\u00fcyor olmas\u0131, hava kirlili\u011fini \u00f6nlemek i\u00e7in h\u0131zl\u0131 ad\u0131mlar at\u0131lmas\u0131 gerekti\u011fini ifade eden g\u00f6stergelerden biridir. Bu sorunun \u00f6n\u00fcne ge\u00e7ebilmek i\u00e7in hava kalitesi mevzuatlar\u0131n\u0131n, D\u00fcnya Sa\u011fl\u0131k \u00d6rg\u00fct\u00fc taraf\u0131ndan belirlenen emisyon s\u0131n\u0131rlar\u0131na uygun \u015fekilde yeniden d\u00fczenlenmesi b\u00fcy\u00fck \u00f6nem ta\u015f\u0131r. Bunun yan\u0131 s\u0131ra, do\u011fal alanlar\u0131n korunmas\u0131n\u0131 sa\u011flamak amac\u0131yla kimyasal maddelerin kullan\u0131m\u0131n\u0131n azalt\u0131lmas\u0131 ve at\u0131k y\u00f6netiminin uluslararas\u0131 standartlara uygun bir \u015fekilde ger\u00e7ekle\u015ftirilmesi gerekmektedir.<\/p>\n\n\n\n<h2 class=\"wp-block-heading\"><strong>Ye\u015fil Mutabakat\u0131n \u00d6n\u00fcndeki Zorluklar<\/strong><\/h2>\n\n\n\n<p>S\u00fcrd\u00fcr\u00fclebilir bir gelecek i\u00e7in kapsaml\u0131 uygulamalar\u0131n y\u00fcr\u00fcrl\u00fc\u011fe sokulmas\u0131n\u0131 gerektiren Ye\u015fil Mutabakat, birtak\u0131m zorluklar\u0131 da beraberinde getirir. Program\u0131n verimli bir \u015fekilde uygulanmas\u0131n\u0131n \u00f6n\u00fcndeki zorluklardan baz\u0131lar\u0131 \u015funlard\u0131r:<\/p>\n\n\n\n<p class=\"has-medium-font-size\"><strong>Enerji Ge\u00e7i\u015finde D\u0131\u015fa Ba\u011f\u0131ml\u0131l\u0131k<\/strong><\/p>\n\n\n\n<p>AB \u00fclkelerinde gaz ve petrol gibi karbon emisyonu y\u00fcksek fosil yak\u0131tlara olan ba\u011f\u0131ml\u0131l\u0131\u011f\u0131n tamamen sona erdirilmesi k\u0131sa vadede zorlu bir hedef olarak de\u011ferlendirilmektedir. Bunun temel nedeni, toplam enerji ihtiyac\u0131n\u0131n yaln\u0131zca yenilenebilir kaynaklarla kar\u015f\u0131lanmas\u0131n\u0131n mevcut ko\u015fullarda m\u00fcmk\u00fcn g\u00f6r\u00fcnmemesidir. Ye\u015fil enerjiye ge\u00e7i\u015f s\u00fcrecinde, \u00f6zellikle pil \u00fcretimi i\u00e7in kritik \u00f6neme sahip kobalt ve lityum gibi hammaddelerin AB d\u0131\u015f\u0131ndaki \u00fclkelerden tedarik edilmesi gereklili\u011fi, \u00fclkelerin yeni bir d\u0131\u015fa ba\u011f\u0131ml\u0131l\u0131k riskiyle kar\u015f\u0131 kar\u015f\u0131ya kalmas\u0131na yol a\u00e7abilir. Bu durum, haz\u0131rlanan ye\u015fil enerji senaryolar\u0131nda da vurgulanmakta ve eski ba\u011f\u0131ml\u0131l\u0131klar\u0131n yan\u0131na yenilerinin eklenebilece\u011fi ifade edilmektedir.<\/p>\n\n\n\n<p class=\"has-medium-font-size\"><strong>Kritik Ham Maddeler<\/strong><\/p>\n\n\n\n<p>Kritik hammaddeler, karbon emisyonlar\u0131 d\u00fc\u015f\u00fck bir sekt\u00f6r olu\u015fturmak i\u00e7in hayati bir \u00f6neme sahiptir. &#8216;Kritik hammadde&#8217; stat\u00fcs\u00fc, hem ekonomik a\u00e7\u0131dan stratejik de\u011fer ta\u015f\u0131yan hem de \u00fcreticilerinin veya ula\u015f\u0131m yollar\u0131n\u0131n g\u00fcvenilmezli\u011fi nedeniyle tedari\u011fi riskli olan hammaddelere verilmektedir. Avrupa Birli\u011fi, kritik hammaddelerle ilgili listelerini her \u00fc\u00e7 y\u0131lda bir g\u00fcncellemektedir. Bu listelerden elde edilen veriler, AB\u2019nin bir\u00e7ok kritik hammadde i\u00e7in yabanc\u0131 tedarik\u00e7ilere b\u00fcy\u00fck \u00f6l\u00e7\u00fcde ba\u011f\u0131ml\u0131 oldu\u011funu ortaya koymaktad\u0131r. Bu durum, AB \u00fclkelerinin d\u0131\u015fa ba\u011f\u0131ml\u0131l\u0131\u011f\u0131n\u0131n farkl\u0131 bir boyutunu g\u00f6zler \u00f6n\u00fcne sermektedir.<\/p>\n\n\n\n<p>Avrupa Birli\u011fi, Ye\u015fil Mutabakat gere\u011fince kritik hammaddelerin \u00fcretiminden da\u011f\u0131t\u0131m\u0131na kadar olan s\u00fcreci d\u00fczenleyen bir Kritik Ham Maddeler Yasas\u0131\u2019na sahiptir. Kritik Ham Maddeler Yasas\u0131\u2019na g\u00f6re bu maddelerin \u00e7\u0131kar\u0131lmas\u0131, i\u015flenmesi ve geri d\u00f6n\u00fc\u015f\u00fcm\u00fc i\u00e7in belirli kriterler bulunur. Yerel ham maddelerin artt\u0131r\u0131lmas\u0131ysa madencilik faaliyetleriyle ilgili yasalar\u0131n gev\u015fetilmesini gerektirir. \u00c7\u00fcnk\u00fc bu yasalar s\u00f6z konusu madencilik \u00e7al\u0131\u015fmalar\u0131n\u0131n \u00e7evreye y\u00f6nelik olumsuz etkisi nedeniyle k\u0131s\u0131tlamalar getirir.<\/p>\n\n\n\n<p class=\"has-medium-font-size\"><strong>Ekonomik ve \u00c7evresel \u0130kilemler<\/strong><\/p>\n\n\n\n<p>Ye\u015fil Mutabakat\u2019\u0131n i\u015f \u00e7evrelerinde ekonomik ve \u00e7evresel etkileriyle ilgili karma\u015f\u0131k tepkiler bulunmaktad\u0131r. Ye\u015fil Mutabakat Sanayi Plan\u0131 ve \u00f6nerilen baz\u0131 yasalar, belirli sekt\u00f6rler taraf\u0131ndan olumsuz kar\u015f\u0131lanmaktad\u0131r. Bu payda\u015flar, yerel i\u00e7eriklerin y\u00fcksek maliyetlerinden ve bunun rekabet g\u00fcc\u00fc \u00fczerindeki olumsuz etkilerinden \u015fikayet\u00e7idir. \u00d6rne\u011fin, g\u00fcne\u015f panellerinin AB \u00fclkelerinde \u00fcretilmesinin maliyeti, bu \u00fcretimin \u00c7in&#8217;de yap\u0131lmas\u0131 durumunda ortaya \u00e7\u0131kacak maliyetin \u00fc\u00e7 kat\u0131d\u0131r.<\/p>\n\n\n\n<p>\u00c7evresel etkiler \u00f6zellikle kritik ham maddelerin madencili\u011finde g\u00f6r\u00fclmektedir. AB \u00fclkelerinde bulunan kritik ham madde rezervlerinin \u00f6nemli bir k\u0131sm\u0131, koruma b\u00f6lgeleri i\u00e7inde veya bu b\u00f6lgelere yak\u0131n alanlarda yer almaktad\u0131r. Bu b\u00f6lgelerde ger\u00e7ekle\u015ftirilecek madencilik faaliyetleri, ciddi \u00e7evre kirlili\u011fine ve biyo\u00e7e\u015fitlilik kayb\u0131na yol a\u00e7aca\u011f\u0131ndan, Ye\u015fil Mutabakat ilkelerinin uygulanmas\u0131 zorlay\u0131c\u0131 olabilir.<\/p>\n\n\n\n<h2 class=\"wp-block-heading has-medium-font-size\"><strong>Ye\u015fil Mutabakat Sanayi Plan\u0131<\/strong><\/h2>\n\n\n\n<figure class=\"wp-block-image\"><img loading=\"lazy\" decoding=\"async\" width=\"1072\" height=\"666\" src=\"https:\/\/www.quickcarbon.com\/tr\/wp-content\/uploads\/2024\/12\/Yes\u2560gil-Mutabakat\u2500\u2592n-O\u2560enu\u2560endeki-Zorluklar.jpg\" alt=\"\" class=\"wp-image-1765\" srcset=\"https:\/\/www.quickcarbon.com\/tr\/wp-content\/uploads\/2024\/12\/Yes\u2560gil-Mutabakat\u2500\u2592n-O\u2560enu\u2560endeki-Zorluklar.jpg 1072w, https:\/\/www.quickcarbon.com\/tr\/wp-content\/uploads\/2024\/12\/Yes\u2560gil-Mutabakat\u2500\u2592n-O\u2560enu\u2560endeki-Zorluklar-300x186.jpg 300w, https:\/\/www.quickcarbon.com\/tr\/wp-content\/uploads\/2024\/12\/Yes\u2560gil-Mutabakat\u2500\u2592n-O\u2560enu\u2560endeki-Zorluklar-1024x636.jpg 1024w, https:\/\/www.quickcarbon.com\/tr\/wp-content\/uploads\/2024\/12\/Yes\u2560gil-Mutabakat\u2500\u2592n-O\u2560enu\u2560endeki-Zorluklar-768x477.jpg 768w\" sizes=\"auto, (max-width: 1072px) 100vw, 1072px\" \/><\/figure>\n\n\n\n<p>Avrupa Birli\u011fi kapsam\u0131nda geli\u015ftirilen Ye\u015fil Mutabakat Sanayi Plan\u0131, 1 \u015eubat 2023 tarihinde yay\u0131mland\u0131. Bu plan\u0131n amac\u0131, k\u00fcresel \u0131s\u0131nmayla m\u00fccadele s\u00fcrecinde uygulamaya konulan tedbirlerin, AB \u00fclkelerinin sanayideki rekabet g\u00fcc\u00fcne ve \u00fcretim kapasitesine zarar vermesini engellemektir. Karbonsuz \u00fcretim ve tedarik s\u00fcre\u00e7lerini destekleyen plan, Avrupa Birli\u011fi\u2019nin milyarlarca avroluk s\u00fcbvansiyon g\u00fcc\u00fcnden faydalanmaktad\u0131r.<\/p>\n\n\n\n<p>Ye\u015fil Mutabakat Sanayi plan\u0131, d\u00f6rt temele dayan\u0131r. Bu temeller \u015funlard\u0131r:<\/p>\n\n\n\n<ul class=\"wp-block-list\">\n<li><strong>\u00d6ng\u00f6r\u00fclebilir ve Basitle\u015ftirilmi\u015f \u0130dari \u00c7er\u00e7eve:<\/strong> Net-S\u0131f\u0131r Sanayi Yasas\u0131 ile s\u0131f\u0131r karbon hedeflerine ula\u015fmada \u00f6nemli olan r\u00fczg\u00e2r enerjisi, g\u00fcne\u015f enerjisi gibi sekt\u00f6rler i\u00e7in uygun ko\u015fullar olu\u015fturmak ve 2030 y\u0131l\u0131na kadar sanayi kapasitesine y\u00f6nelik hedefler belirleyerek ba\u011f\u0131ml\u0131l\u0131k risklerini y\u00f6netmek. Ayr\u0131ca, Kritik Ham Madde Yasas\u0131 ile nadir toprak elementlerine eri\u015fimi sa\u011flayarak anahtar teknoloji \u00fcretimini desteklemek ve kaynak bulma konusunda i\u015f birlikleri kurmak.<\/li>\n\n\n\n<li><strong>Finansmana Ula\u015f\u0131m\u0131n Kolayla\u015ft\u0131r\u0131lmas\u0131:<\/strong> Avrupa Egemenlik Fonu ile ortak bir AB finansman fonu olu\u015fturarak her \u00fcye \u00fclkenin temiz teknolojiye ge\u00e7i\u015finin adil \u015fartlarda y\u00f6netilmesini sa\u011flamak.<\/li>\n\n\n\n<li><strong>Becerilerin Geli\u015ftirilmesi:<\/strong> Ye\u015fil teknolojiye ge\u00e7i\u015f s\u00fcrecinde ortaya \u00e7\u0131kacak i\u015f g\u00fcc\u00fc ihtiyac\u0131n\u0131 kar\u015f\u0131lamak ve istihdam yaratmak amac\u0131yla e\u011fitim planlar\u0131 olu\u015fturmak.<\/li>\n\n\n\n<li><strong>Dayan\u0131kl\u0131 Tedarik Zincirleri A\u00e7\u0131k Ticaret:<\/strong> S\u0131f\u0131r karbon hedeflerine ula\u015fmak i\u00e7in adil bir ticaret anlay\u0131\u015f\u0131 benimsemek, ticaret a\u011flar\u0131n\u0131 geni\u015fletmek, maliyetleri d\u00fc\u015f\u00fcrmek ve AB pazar\u0131n\u0131 yabanc\u0131 yat\u0131r\u0131mc\u0131lar\u0131n yaratabilece\u011fi rekabetten korumak.<\/li>\n<\/ul>\n\n\n\n<p>Ye\u015fil Mutabakat Sanayi Plan\u0131\u2019n\u0131n tek amac\u0131 karbonsuzla\u015fmay\u0131 sa\u011flamak ve bu s\u00fcre\u00e7te gerekli inovasyonlar\u0131 ger\u00e7ekle\u015ftirmek de\u011fildir. Ayr\u0131ca, plan\u0131n baz\u0131 s\u0131n\u0131rlay\u0131c\u0131 fakt\u00f6rleri de bulunmaktad\u0131r. \u00d6rne\u011fin, yaln\u0131zca enerji g\u00fcvenli\u011fi ve kritik ham maddelere odaklanmas\u0131, plan\u0131n kapsay\u0131c\u0131 olmaktan \u00e7\u0131kmas\u0131na neden olabilir. Buna ek olarak, karbonsuzla\u015fma uygulamalar\u0131 hem maliyetlidir hem de teknik zorluklar i\u00e7ermektedir. Bu da s\u00f6z konusu sanayi plan\u0131n\u0131n uygulanmas\u0131n\u0131 zorla\u015ft\u0131rabilir.<\/p>\n\n\n\n<h2 class=\"wp-block-heading\"><strong>QuickCarbon\u2019un Yenilik\u00e7i \u00c7\u00f6z\u00fcmleriyle \u015eirketinizin Karbon Ayak \u0130zini Azalt\u0131n<\/strong><\/h2>\n\n\n\n<p>QuickCarbon, bir \u015firketin karbon ayak izini ISO 14064-1: 2018 Standard\u0131 ve GHG Protokol\u00fc&#8217;ne g\u00f6re hesaplar ve detayl\u0131 olarak raporlar. \u0130\u015fletmelerin emisyonlar\u0131n\u0131 azaltmaya y\u00f6nelik stratejiler geli\u015ftirmelerine olanak tan\u0131yan kullan\u0131c\u0131 dostu QuickCarbon yaz\u0131l\u0131m\u0131m\u0131z, web tabanl\u0131 eri\u015fim ve filtreleme \u00f6zellikleriyle de son derece etkin bir kullan\u0131m sunar. \u015eeffaf fiyatland\u0131rma politikalar\u0131yla b\u00fcy\u00fck\/k\u00fc\u00e7\u00fck t\u00fcm i\u015fletmelere etkili \u00e7\u00f6z\u00fcmler sunan QuickCarbon yaz\u0131l\u0131m\u0131na sahip olmak bizimle <a href=\"https:\/\/www.quickcarbon.com\/tr\/iletisim\/\">ileti\u015fime<\/a> ge\u00e7ebilir, s\u00fcrd\u00fcr\u00fclebilirlik hedeflerinize bir ad\u0131m daha yakla\u015fabilirsiniz.<\/p>\n","protected":false},"excerpt":{"rendered":"<p>S\u00fcrd\u00fcr\u00fclebilir bir gelecek i\u00e7in at\u0131lan g\u00fc\u00e7l\u00fc ad\u0131mlar aras\u0131nda yer alan Ye\u015fil Mutabakat, iklim de\u011fi\u015fikli\u011fine ve \u00e7evresel bozulmaya kar\u015f\u0131 etkili stratejileri i\u00e7erir. Kaynaklar\u0131n verimli kullan\u0131ld\u0131\u011f\u0131, rekabet\u00e7i ve modern bir ekonomik yap\u0131y\u0131 \u00f6ng\u00f6ren ye\u015fil mutabakat, ekonomik ve sosyal boyutlar\u0131yla da kapsaml\u0131 bir d\u00f6n\u00fc\u015f\u00fcm plan\u0131d\u0131r. Gelin, temel bile\u015fenlerinden uygulama zorluklar\u0131na kadar ye\u015fil mutabakatla ilgili merak edilenlere birlikte bakal\u0131m.<\/p>\n","protected":false},"author":3,"featured_media":1762,"comment_status":"closed","ping_status":"open","sticky":false,"template":"","format":"standard","meta":{"footnotes":""},"categories":[1],"tags":[33,37,27,68,12],"class_list":["post-1761","post","type-post","status-publish","format-standard","has-post-thumbnail","hentry","category-genel","tag-karbon-emisyonu","tag-karbon-vergisi","tag-su-ayak-izi","tag-surdurulebilirlik","tag-yenilenebilir-enerji"],"yoast_head":"<!-- This site is optimized with the Yoast SEO plugin v25.6 - https:\/\/yoast.com\/wordpress\/plugins\/seo\/ -->\n<title>Ye\u015fil Mutabakat Nedir? - QuickCarbon<\/title>\n<meta name=\"description\" content=\"S\u00fcrd\u00fcr\u00fclebilir bir gelecek i\u00e7in at\u0131lan g\u00fc\u00e7l\u00fc ad\u0131mlar aras\u0131nda yer alan Ye\u015fil Mutabakat, iklim de\u011fi\u015fikli\u011fine ve \u00e7evresel bozulmaya kar\u015f\u0131 etkili stratejileri i\u00e7erir. Kaynaklar\u0131n verimli kullan\u0131ld\u0131\u011f\u0131, rekabet\u00e7i ve modern bir ekonomik yap\u0131y\u0131 \u00f6ng\u00f6ren ye\u015fil mutabakat, ekonomik ve sosyal boyutlar\u0131yla da kapsaml\u0131 bir d\u00f6n\u00fc\u015f\u00fcm plan\u0131d\u0131r. Gelin, temel bile\u015fenlerinden uygulama zorluklar\u0131na kadar ye\u015fil mutabakatla ilgili merak edilenlere birlikte bakal\u0131m.\" \/>\n<meta name=\"robots\" content=\"index, follow, max-snippet:-1, max-image-preview:large, max-video-preview:-1\" \/>\n<link rel=\"canonical\" href=\"https:\/\/www.quickcarbon.com\/tr\/blog\/yesil-mutabakat-nedir\/\" \/>\n<meta property=\"og:locale\" content=\"tr_TR\" \/>\n<meta property=\"og:type\" content=\"article\" \/>\n<meta property=\"og:title\" content=\"Ye\u015fil Mutabakat Nedir? - QuickCarbon\" \/>\n<meta property=\"og:description\" content=\"S\u00fcrd\u00fcr\u00fclebilir bir gelecek i\u00e7in at\u0131lan g\u00fc\u00e7l\u00fc ad\u0131mlar aras\u0131nda yer alan Ye\u015fil Mutabakat, iklim de\u011fi\u015fikli\u011fine ve \u00e7evresel bozulmaya kar\u015f\u0131 etkili stratejileri i\u00e7erir. Kaynaklar\u0131n verimli kullan\u0131ld\u0131\u011f\u0131, rekabet\u00e7i ve modern bir ekonomik yap\u0131y\u0131 \u00f6ng\u00f6ren ye\u015fil mutabakat, ekonomik ve sosyal boyutlar\u0131yla da kapsaml\u0131 bir d\u00f6n\u00fc\u015f\u00fcm plan\u0131d\u0131r. Gelin, temel bile\u015fenlerinden uygulama zorluklar\u0131na kadar ye\u015fil mutabakatla ilgili merak edilenlere birlikte bakal\u0131m.\" \/>\n<meta property=\"og:url\" content=\"https:\/\/www.quickcarbon.com\/tr\/blog\/yesil-mutabakat-nedir\/\" \/>\n<meta property=\"og:site_name\" content=\"QuickCarbon\" \/>\n<meta property=\"article:publisher\" content=\"https:\/\/www.facebook.com\/quickcarbon\/\" \/>\n<meta property=\"article:published_time\" content=\"2024-12-26T13:40:07+00:00\" \/>\n<meta property=\"article:modified_time\" content=\"2025-01-02T08:20:49+00:00\" \/>\n<meta property=\"og:image\" content=\"https:\/\/www.quickcarbon.com\/tr\/wp-content\/uploads\/2024\/12\/25_Kapak-Gorsel.jpg\" \/>\n\t<meta property=\"og:image:width\" content=\"1072\" \/>\n\t<meta property=\"og:image:height\" content=\"666\" \/>\n\t<meta property=\"og:image:type\" content=\"image\/jpeg\" \/>\n<meta name=\"author\" content=\"Elif Akko\u00e7\" \/>\n<meta name=\"twitter:card\" content=\"summary_large_image\" \/>\n<meta name=\"twitter:creator\" content=\"@QuickCarbon_Tr\" \/>\n<meta name=\"twitter:site\" content=\"@QuickCarbon_Tr\" \/>\n<meta name=\"twitter:label1\" content=\"Written by\" \/>\n\t<meta name=\"twitter:data1\" content=\"Elif Akko\u00e7\" \/>\n\t<meta name=\"twitter:label2\" content=\"Est. reading time\" \/>\n\t<meta name=\"twitter:data2\" content=\"10 dakika\" \/>\n<script type=\"application\/ld+json\" class=\"yoast-schema-graph\">{\"@context\":\"https:\/\/schema.org\",\"@graph\":[{\"@type\":[\"Article\",\"BlogPosting\"],\"@id\":\"https:\/\/www.quickcarbon.com\/tr\/blog\/yesil-mutabakat-nedir\/#article\",\"isPartOf\":{\"@id\":\"https:\/\/www.quickcarbon.com\/tr\/blog\/yesil-mutabakat-nedir\/\"},\"author\":{\"name\":\"Elif Akko\u00e7\",\"@id\":\"https:\/\/www.quickcarbon.com\/tr\/#\/schema\/person\/e9ff9b7b560010798b00c0355cb606f1\"},\"headline\":\"Ye\u015fil Mutabakat Nedir?\",\"datePublished\":\"2024-12-26T13:40:07+00:00\",\"dateModified\":\"2025-01-02T08:20:49+00:00\",\"mainEntityOfPage\":{\"@id\":\"https:\/\/www.quickcarbon.com\/tr\/blog\/yesil-mutabakat-nedir\/\"},\"wordCount\":2201,\"publisher\":{\"@id\":\"https:\/\/www.quickcarbon.com\/tr\/#organization\"},\"image\":{\"@id\":\"https:\/\/www.quickcarbon.com\/tr\/blog\/yesil-mutabakat-nedir\/#primaryimage\"},\"thumbnailUrl\":\"https:\/\/www.quickcarbon.com\/tr\/wp-content\/uploads\/2024\/12\/25_Kapak-Gorsel.jpg\",\"keywords\":[\"karbon emisyonu\",\"karbon vergisi\",\"su ayak izi\",\"s\u00fcrd\u00fcr\u00fclebilirlik\",\"yenilenebilir enerji\"],\"inLanguage\":\"tr\"},{\"@type\":\"WebPage\",\"@id\":\"https:\/\/www.quickcarbon.com\/tr\/blog\/yesil-mutabakat-nedir\/\",\"url\":\"https:\/\/www.quickcarbon.com\/tr\/blog\/yesil-mutabakat-nedir\/\",\"name\":\"Ye\u015fil Mutabakat Nedir? - QuickCarbon\",\"isPartOf\":{\"@id\":\"https:\/\/www.quickcarbon.com\/tr\/#website\"},\"primaryImageOfPage\":{\"@id\":\"https:\/\/www.quickcarbon.com\/tr\/blog\/yesil-mutabakat-nedir\/#primaryimage\"},\"image\":{\"@id\":\"https:\/\/www.quickcarbon.com\/tr\/blog\/yesil-mutabakat-nedir\/#primaryimage\"},\"thumbnailUrl\":\"https:\/\/www.quickcarbon.com\/tr\/wp-content\/uploads\/2024\/12\/25_Kapak-Gorsel.jpg\",\"datePublished\":\"2024-12-26T13:40:07+00:00\",\"dateModified\":\"2025-01-02T08:20:49+00:00\",\"description\":\"S\u00fcrd\u00fcr\u00fclebilir bir gelecek i\u00e7in at\u0131lan g\u00fc\u00e7l\u00fc ad\u0131mlar aras\u0131nda yer alan Ye\u015fil Mutabakat, iklim de\u011fi\u015fikli\u011fine ve \u00e7evresel bozulmaya kar\u015f\u0131 etkili stratejileri i\u00e7erir. Kaynaklar\u0131n verimli kullan\u0131ld\u0131\u011f\u0131, rekabet\u00e7i ve modern bir ekonomik yap\u0131y\u0131 \u00f6ng\u00f6ren ye\u015fil mutabakat, ekonomik ve sosyal boyutlar\u0131yla da kapsaml\u0131 bir d\u00f6n\u00fc\u015f\u00fcm plan\u0131d\u0131r. Gelin, temel bile\u015fenlerinden uygulama zorluklar\u0131na kadar ye\u015fil mutabakatla ilgili merak edilenlere birlikte bakal\u0131m.\",\"breadcrumb\":{\"@id\":\"https:\/\/www.quickcarbon.com\/tr\/blog\/yesil-mutabakat-nedir\/#breadcrumb\"},\"inLanguage\":\"tr\",\"potentialAction\":[{\"@type\":\"ReadAction\",\"target\":[\"https:\/\/www.quickcarbon.com\/tr\/blog\/yesil-mutabakat-nedir\/\"]}]},{\"@type\":\"ImageObject\",\"inLanguage\":\"tr\",\"@id\":\"https:\/\/www.quickcarbon.com\/tr\/blog\/yesil-mutabakat-nedir\/#primaryimage\",\"url\":\"https:\/\/www.quickcarbon.com\/tr\/wp-content\/uploads\/2024\/12\/25_Kapak-Gorsel.jpg\",\"contentUrl\":\"https:\/\/www.quickcarbon.com\/tr\/wp-content\/uploads\/2024\/12\/25_Kapak-Gorsel.jpg\",\"width\":1072,\"height\":666},{\"@type\":\"BreadcrumbList\",\"@id\":\"https:\/\/www.quickcarbon.com\/tr\/blog\/yesil-mutabakat-nedir\/#breadcrumb\",\"itemListElement\":[{\"@type\":\"ListItem\",\"position\":1,\"name\":\"Ana Sayfa\",\"item\":\"https:\/\/www.quickcarbon.com\/tr\/\"},{\"@type\":\"ListItem\",\"position\":2,\"name\":\"Ye\u015fil Mutabakat Nedir?\"}]},{\"@type\":\"WebSite\",\"@id\":\"https:\/\/www.quickcarbon.com\/tr\/#website\",\"url\":\"https:\/\/www.quickcarbon.com\/tr\/\",\"name\":\"QuickCarbon\",\"description\":\"Take Control of Your Corporate Carbon Footprint\",\"publisher\":{\"@id\":\"https:\/\/www.quickcarbon.com\/tr\/#organization\"},\"alternateName\":\"QC\",\"potentialAction\":[{\"@type\":\"SearchAction\",\"target\":{\"@type\":\"EntryPoint\",\"urlTemplate\":\"https:\/\/www.quickcarbon.com\/tr\/?s={search_term_string}\"},\"query-input\":{\"@type\":\"PropertyValueSpecification\",\"valueRequired\":true,\"valueName\":\"search_term_string\"}}],\"inLanguage\":\"tr\"},{\"@type\":\"Organization\",\"@id\":\"https:\/\/www.quickcarbon.com\/tr\/#organization\",\"name\":\"QuickCarbon\",\"alternateName\":\"QC\",\"url\":\"https:\/\/www.quickcarbon.com\/tr\/\",\"logo\":{\"@type\":\"ImageObject\",\"inLanguage\":\"tr\",\"@id\":\"https:\/\/www.quickcarbon.com\/tr\/#\/schema\/logo\/image\/\",\"url\":\"https:\/\/www.quickcarbon.com\/tr\/wp-content\/uploads\/2023\/09\/cropped-qc_favicon-1.png\",\"contentUrl\":\"https:\/\/www.quickcarbon.com\/tr\/wp-content\/uploads\/2023\/09\/cropped-qc_favicon-1.png\",\"width\":512,\"height\":512,\"caption\":\"QuickCarbon\"},\"image\":{\"@id\":\"https:\/\/www.quickcarbon.com\/tr\/#\/schema\/logo\/image\/\"},\"sameAs\":[\"https:\/\/www.facebook.com\/quickcarbon\/\",\"https:\/\/x.com\/QuickCarbon_Tr\",\"https:\/\/www.instagram.com\/quickcarbon_official\/\",\"https:\/\/www.linkedin.com\/showcase\/quickcarbon-\/\"]},{\"@type\":\"Person\",\"@id\":\"https:\/\/www.quickcarbon.com\/tr\/#\/schema\/person\/e9ff9b7b560010798b00c0355cb606f1\",\"name\":\"Elif Akko\u00e7\",\"image\":{\"@type\":\"ImageObject\",\"inLanguage\":\"tr\",\"@id\":\"https:\/\/www.quickcarbon.com\/tr\/#\/schema\/person\/image\/\",\"url\":\"https:\/\/secure.gravatar.com\/avatar\/1419d3d4829046468ad9f261eb84b5e321805c1b4084d3d1c85c0de62b0330de?s=96&d=mm&r=g\",\"contentUrl\":\"https:\/\/secure.gravatar.com\/avatar\/1419d3d4829046468ad9f261eb84b5e321805c1b4084d3d1c85c0de62b0330de?s=96&d=mm&r=g\",\"caption\":\"Elif Akko\u00e7\"},\"sameAs\":[\"https:\/\/www.quickcarbon.com\/\"]}]}<\/script>\n<!-- \/ Yoast SEO plugin. -->","yoast_head_json":{"title":"Ye\u015fil Mutabakat Nedir? - QuickCarbon","description":"S\u00fcrd\u00fcr\u00fclebilir bir gelecek i\u00e7in at\u0131lan g\u00fc\u00e7l\u00fc ad\u0131mlar aras\u0131nda yer alan Ye\u015fil Mutabakat, iklim de\u011fi\u015fikli\u011fine ve \u00e7evresel bozulmaya kar\u015f\u0131 etkili stratejileri i\u00e7erir. Kaynaklar\u0131n verimli kullan\u0131ld\u0131\u011f\u0131, rekabet\u00e7i ve modern bir ekonomik yap\u0131y\u0131 \u00f6ng\u00f6ren ye\u015fil mutabakat, ekonomik ve sosyal boyutlar\u0131yla da kapsaml\u0131 bir d\u00f6n\u00fc\u015f\u00fcm plan\u0131d\u0131r. Gelin, temel bile\u015fenlerinden uygulama zorluklar\u0131na kadar ye\u015fil mutabakatla ilgili merak edilenlere birlikte bakal\u0131m.","robots":{"index":"index","follow":"follow","max-snippet":"max-snippet:-1","max-image-preview":"max-image-preview:large","max-video-preview":"max-video-preview:-1"},"canonical":"https:\/\/www.quickcarbon.com\/tr\/blog\/yesil-mutabakat-nedir\/","og_locale":"tr_TR","og_type":"article","og_title":"Ye\u015fil Mutabakat Nedir? - QuickCarbon","og_description":"S\u00fcrd\u00fcr\u00fclebilir bir gelecek i\u00e7in at\u0131lan g\u00fc\u00e7l\u00fc ad\u0131mlar aras\u0131nda yer alan Ye\u015fil Mutabakat, iklim de\u011fi\u015fikli\u011fine ve \u00e7evresel bozulmaya kar\u015f\u0131 etkili stratejileri i\u00e7erir. Kaynaklar\u0131n verimli kullan\u0131ld\u0131\u011f\u0131, rekabet\u00e7i ve modern bir ekonomik yap\u0131y\u0131 \u00f6ng\u00f6ren ye\u015fil mutabakat, ekonomik ve sosyal boyutlar\u0131yla da kapsaml\u0131 bir d\u00f6n\u00fc\u015f\u00fcm plan\u0131d\u0131r. Gelin, temel bile\u015fenlerinden uygulama zorluklar\u0131na kadar ye\u015fil mutabakatla ilgili merak edilenlere birlikte bakal\u0131m.","og_url":"https:\/\/www.quickcarbon.com\/tr\/blog\/yesil-mutabakat-nedir\/","og_site_name":"QuickCarbon","article_publisher":"https:\/\/www.facebook.com\/quickcarbon\/","article_published_time":"2024-12-26T13:40:07+00:00","article_modified_time":"2025-01-02T08:20:49+00:00","og_image":[{"width":1072,"height":666,"url":"https:\/\/www.quickcarbon.com\/tr\/wp-content\/uploads\/2024\/12\/25_Kapak-Gorsel.jpg","type":"image\/jpeg"}],"author":"Elif Akko\u00e7","twitter_card":"summary_large_image","twitter_creator":"@QuickCarbon_Tr","twitter_site":"@QuickCarbon_Tr","twitter_misc":{"Written by":"Elif Akko\u00e7","Est. reading time":"10 dakika"},"schema":{"@context":"https:\/\/schema.org","@graph":[{"@type":["Article","BlogPosting"],"@id":"https:\/\/www.quickcarbon.com\/tr\/blog\/yesil-mutabakat-nedir\/#article","isPartOf":{"@id":"https:\/\/www.quickcarbon.com\/tr\/blog\/yesil-mutabakat-nedir\/"},"author":{"name":"Elif Akko\u00e7","@id":"https:\/\/www.quickcarbon.com\/tr\/#\/schema\/person\/e9ff9b7b560010798b00c0355cb606f1"},"headline":"Ye\u015fil Mutabakat Nedir?","datePublished":"2024-12-26T13:40:07+00:00","dateModified":"2025-01-02T08:20:49+00:00","mainEntityOfPage":{"@id":"https:\/\/www.quickcarbon.com\/tr\/blog\/yesil-mutabakat-nedir\/"},"wordCount":2201,"publisher":{"@id":"https:\/\/www.quickcarbon.com\/tr\/#organization"},"image":{"@id":"https:\/\/www.quickcarbon.com\/tr\/blog\/yesil-mutabakat-nedir\/#primaryimage"},"thumbnailUrl":"https:\/\/www.quickcarbon.com\/tr\/wp-content\/uploads\/2024\/12\/25_Kapak-Gorsel.jpg","keywords":["karbon emisyonu","karbon vergisi","su ayak izi","s\u00fcrd\u00fcr\u00fclebilirlik","yenilenebilir enerji"],"inLanguage":"tr"},{"@type":"WebPage","@id":"https:\/\/www.quickcarbon.com\/tr\/blog\/yesil-mutabakat-nedir\/","url":"https:\/\/www.quickcarbon.com\/tr\/blog\/yesil-mutabakat-nedir\/","name":"Ye\u015fil Mutabakat Nedir? - QuickCarbon","isPartOf":{"@id":"https:\/\/www.quickcarbon.com\/tr\/#website"},"primaryImageOfPage":{"@id":"https:\/\/www.quickcarbon.com\/tr\/blog\/yesil-mutabakat-nedir\/#primaryimage"},"image":{"@id":"https:\/\/www.quickcarbon.com\/tr\/blog\/yesil-mutabakat-nedir\/#primaryimage"},"thumbnailUrl":"https:\/\/www.quickcarbon.com\/tr\/wp-content\/uploads\/2024\/12\/25_Kapak-Gorsel.jpg","datePublished":"2024-12-26T13:40:07+00:00","dateModified":"2025-01-02T08:20:49+00:00","description":"S\u00fcrd\u00fcr\u00fclebilir bir gelecek i\u00e7in at\u0131lan g\u00fc\u00e7l\u00fc ad\u0131mlar aras\u0131nda yer alan Ye\u015fil Mutabakat, iklim de\u011fi\u015fikli\u011fine ve \u00e7evresel bozulmaya kar\u015f\u0131 etkili stratejileri i\u00e7erir. Kaynaklar\u0131n verimli kullan\u0131ld\u0131\u011f\u0131, rekabet\u00e7i ve modern bir ekonomik yap\u0131y\u0131 \u00f6ng\u00f6ren ye\u015fil mutabakat, ekonomik ve sosyal boyutlar\u0131yla da kapsaml\u0131 bir d\u00f6n\u00fc\u015f\u00fcm plan\u0131d\u0131r. Gelin, temel bile\u015fenlerinden uygulama zorluklar\u0131na kadar ye\u015fil mutabakatla ilgili merak edilenlere birlikte bakal\u0131m.","breadcrumb":{"@id":"https:\/\/www.quickcarbon.com\/tr\/blog\/yesil-mutabakat-nedir\/#breadcrumb"},"inLanguage":"tr","potentialAction":[{"@type":"ReadAction","target":["https:\/\/www.quickcarbon.com\/tr\/blog\/yesil-mutabakat-nedir\/"]}]},{"@type":"ImageObject","inLanguage":"tr","@id":"https:\/\/www.quickcarbon.com\/tr\/blog\/yesil-mutabakat-nedir\/#primaryimage","url":"https:\/\/www.quickcarbon.com\/tr\/wp-content\/uploads\/2024\/12\/25_Kapak-Gorsel.jpg","contentUrl":"https:\/\/www.quickcarbon.com\/tr\/wp-content\/uploads\/2024\/12\/25_Kapak-Gorsel.jpg","width":1072,"height":666},{"@type":"BreadcrumbList","@id":"https:\/\/www.quickcarbon.com\/tr\/blog\/yesil-mutabakat-nedir\/#breadcrumb","itemListElement":[{"@type":"ListItem","position":1,"name":"Ana Sayfa","item":"https:\/\/www.quickcarbon.com\/tr\/"},{"@type":"ListItem","position":2,"name":"Ye\u015fil Mutabakat Nedir?"}]},{"@type":"WebSite","@id":"https:\/\/www.quickcarbon.com\/tr\/#website","url":"https:\/\/www.quickcarbon.com\/tr\/","name":"QuickCarbon","description":"Take Control of Your Corporate Carbon Footprint","publisher":{"@id":"https:\/\/www.quickcarbon.com\/tr\/#organization"},"alternateName":"QC","potentialAction":[{"@type":"SearchAction","target":{"@type":"EntryPoint","urlTemplate":"https:\/\/www.quickcarbon.com\/tr\/?s={search_term_string}"},"query-input":{"@type":"PropertyValueSpecification","valueRequired":true,"valueName":"search_term_string"}}],"inLanguage":"tr"},{"@type":"Organization","@id":"https:\/\/www.quickcarbon.com\/tr\/#organization","name":"QuickCarbon","alternateName":"QC","url":"https:\/\/www.quickcarbon.com\/tr\/","logo":{"@type":"ImageObject","inLanguage":"tr","@id":"https:\/\/www.quickcarbon.com\/tr\/#\/schema\/logo\/image\/","url":"https:\/\/www.quickcarbon.com\/tr\/wp-content\/uploads\/2023\/09\/cropped-qc_favicon-1.png","contentUrl":"https:\/\/www.quickcarbon.com\/tr\/wp-content\/uploads\/2023\/09\/cropped-qc_favicon-1.png","width":512,"height":512,"caption":"QuickCarbon"},"image":{"@id":"https:\/\/www.quickcarbon.com\/tr\/#\/schema\/logo\/image\/"},"sameAs":["https:\/\/www.facebook.com\/quickcarbon\/","https:\/\/x.com\/QuickCarbon_Tr","https:\/\/www.instagram.com\/quickcarbon_official\/","https:\/\/www.linkedin.com\/showcase\/quickcarbon-\/"]},{"@type":"Person","@id":"https:\/\/www.quickcarbon.com\/tr\/#\/schema\/person\/e9ff9b7b560010798b00c0355cb606f1","name":"Elif Akko\u00e7","image":{"@type":"ImageObject","inLanguage":"tr","@id":"https:\/\/www.quickcarbon.com\/tr\/#\/schema\/person\/image\/","url":"https:\/\/secure.gravatar.com\/avatar\/1419d3d4829046468ad9f261eb84b5e321805c1b4084d3d1c85c0de62b0330de?s=96&d=mm&r=g","contentUrl":"https:\/\/secure.gravatar.com\/avatar\/1419d3d4829046468ad9f261eb84b5e321805c1b4084d3d1c85c0de62b0330de?s=96&d=mm&r=g","caption":"Elif Akko\u00e7"},"sameAs":["https:\/\/www.quickcarbon.com\/"]}]}},"_links":{"self":[{"href":"https:\/\/www.quickcarbon.com\/tr\/wp-json\/wp\/v2\/posts\/1761","targetHints":{"allow":["GET"]}}],"collection":[{"href":"https:\/\/www.quickcarbon.com\/tr\/wp-json\/wp\/v2\/posts"}],"about":[{"href":"https:\/\/www.quickcarbon.com\/tr\/wp-json\/wp\/v2\/types\/post"}],"author":[{"embeddable":true,"href":"https:\/\/www.quickcarbon.com\/tr\/wp-json\/wp\/v2\/users\/3"}],"replies":[{"embeddable":true,"href":"https:\/\/www.quickcarbon.com\/tr\/wp-json\/wp\/v2\/comments?post=1761"}],"version-history":[{"count":1,"href":"https:\/\/www.quickcarbon.com\/tr\/wp-json\/wp\/v2\/posts\/1761\/revisions"}],"predecessor-version":[{"id":1767,"href":"https:\/\/www.quickcarbon.com\/tr\/wp-json\/wp\/v2\/posts\/1761\/revisions\/1767"}],"wp:featuredmedia":[{"embeddable":true,"href":"https:\/\/www.quickcarbon.com\/tr\/wp-json\/wp\/v2\/media\/1762"}],"wp:attachment":[{"href":"https:\/\/www.quickcarbon.com\/tr\/wp-json\/wp\/v2\/media?parent=1761"}],"wp:term":[{"taxonomy":"category","embeddable":true,"href":"https:\/\/www.quickcarbon.com\/tr\/wp-json\/wp\/v2\/categories?post=1761"},{"taxonomy":"post_tag","embeddable":true,"href":"https:\/\/www.quickcarbon.com\/tr\/wp-json\/wp\/v2\/tags?post=1761"}],"curies":[{"name":"wp","href":"https:\/\/api.w.org\/{rel}","templated":true}]}}