{"id":1784,"date":"2025-01-06T12:06:15","date_gmt":"2025-01-06T09:06:15","guid":{"rendered":"https:\/\/www.quickcarbon.com\/tr\/?p=1784"},"modified":"2025-01-06T12:06:17","modified_gmt":"2025-01-06T09:06:17","slug":"karbon-ayak-izi-hesaplama-yontemleri","status":"publish","type":"post","link":"https:\/\/www.quickcarbon.com\/tr\/blog\/karbon-ayak-izi-hesaplama-yontemleri\/","title":{"rendered":"Karbon Ayak \u0130zi Hesaplama Y\u00f6ntemleri"},"content":{"rendered":"\n<p>\u0130nsan faaliyetlerinin \u00e7evreye verdi\u011fi zarar\u0131 azaltmak gelecek nesillere ya\u015fanabilir bir d\u00fcnya b\u0131rakma konusunda b\u00fcy\u00fck \u00f6nem ta\u015f\u0131r. Bu do\u011frultuda geli\u015ftirilen s\u00fcrd\u00fcr\u00fclebilirlik hedeflerine ula\u015fmak i\u00e7in gerekli ad\u0131mlar\u0131 atmak amac\u0131yla karbon ayak izini hesaplamak \u00e7evresel etkilerin fark\u0131na var\u0131lmas\u0131 ve azalt\u0131lmas\u0131 i\u00e7in gerekli ilk a\u015famad\u0131r. Gelin, karbon ayak izi hesaplamas\u0131n\u0131n \u00f6nemine, farkl\u0131 karbon ayak izi hesaplama y\u00f6ntemlerine ve do\u011fru y\u00f6ntemi se\u00e7mek i\u00e7in dikkat edilmesi gerekenlere birlikte bakal\u0131m.<\/p>\n\n\n\n<figure class=\"wp-block-image\"><img loading=\"lazy\" decoding=\"async\" width=\"1072\" height=\"666\" src=\"https:\/\/www.quickcarbon.com\/tr\/wp-content\/uploads\/2025\/01\/Karbon-Ayak-I\u2560czi-Hesaplama-Yo\u2560entemleri.jpg\" alt=\"\" class=\"wp-image-1787\" srcset=\"https:\/\/www.quickcarbon.com\/tr\/wp-content\/uploads\/2025\/01\/Karbon-Ayak-I\u2560czi-Hesaplama-Yo\u2560entemleri.jpg 1072w, https:\/\/www.quickcarbon.com\/tr\/wp-content\/uploads\/2025\/01\/Karbon-Ayak-I\u2560czi-Hesaplama-Yo\u2560entemleri-300x186.jpg 300w, https:\/\/www.quickcarbon.com\/tr\/wp-content\/uploads\/2025\/01\/Karbon-Ayak-I\u2560czi-Hesaplama-Yo\u2560entemleri-1024x636.jpg 1024w, https:\/\/www.quickcarbon.com\/tr\/wp-content\/uploads\/2025\/01\/Karbon-Ayak-I\u2560czi-Hesaplama-Yo\u2560entemleri-768x477.jpg 768w\" sizes=\"auto, (max-width: 1072px) 100vw, 1072px\" \/><\/figure>\n\n\n\n<h2 class=\"wp-block-heading\"><strong>Karbon Ayak \u0130zi Nedir?<\/strong><\/h2>\n\n\n\n<p>Karbon ayak izi, insanlar\u0131n ya da kurumlar\u0131n \u00e7e\u015fitli faaliyetlerinden kaynaklanan sera gaz\u0131 emisyonlar\u0131n\u0131n karbondioksit e\u015fde\u011feri cinsinden miktar\u0131n\u0131 ifade eder. Bu \u00f6l\u00e7\u00fc, atmosfere sal\u0131nan sera gazlar\u0131n\u0131n k\u00fcresel \u0131s\u0131nmaya ne kadar katk\u0131da bulundu\u011funu belirlemek i\u00e7in kullan\u0131l\u0131r. \u015eirketlerin karbon ayak izi azald\u0131\u011f\u0131nda karbon emisyonlar\u0131 ve dolay\u0131s\u0131yla k\u00fcresel \u0131s\u0131nmaya olan etkileri de azalm\u0131\u015f demektir. CO2 cinsinden ifade edilen bu \u00f6l\u00e7\u00fc, kaynaklar\u0131n bilin\u00e7li \u015fekilde kullan\u0131ld\u0131\u011f\u0131 ye\u015fil bir gelecek olu\u015fturma konusunda \u00f6nemlidir.<\/p>\n\n\n\n<p>Sera gaz\u0131 emisyonlar\u0131n\u0131, do\u011frudan emisyonlar ve dolayl\u0131 emisyonlar olmak \u00fczere iki farkl\u0131 kategoride incelemek m\u00fcmk\u00fcnd\u00fcr. Arabalar\u0131n motorunu \u00e7al\u0131\u015ft\u0131rmak ya da binalar\u0131 \u0131s\u0131tmak i\u00e7in fosil yak\u0131t kullanmak do\u011frudan karbon emisyonlar\u0131na \u00f6rnek olarak g\u00f6sterilebilir. Fosil yak\u0131tlar kullan\u0131larak elde edilen elektri\u011fin t\u00fcketilmesi nedeniyle ortaya \u00e7\u0131kan sera gaz\u0131 emisyonlar\u0131ysa dolayl\u0131 karbon emisyonu olarak ifade edilebilir. B\u00fcy\u00fck hayvanc\u0131l\u0131k \u00e7iftliklerinde hayvanlar taraf\u0131ndan \u00fcretilen metan, nitrojen oksit ve kloroflorokarbonlar da bu emisyonlara d\u00e2hildir.<\/p>\n\n\n\n<h2 class=\"wp-block-heading\"><strong>Karbon Ayak \u0130zi Neden \u00d6nemli?<\/strong><\/h2>\n\n\n\n<p>Karbon ayak izinin \u00f6nemini anlamak i\u00e7in bu \u00f6l\u00e7\u00fcn\u00fcn ekolojiye y\u00f6nelik etkilerini daha iyi bilmek gerekir. Toprak alt\u0131ndan \u00e7\u0131kar\u0131lan ve yak\u0131larak atmosferdeki CO2 miktar\u0131n\u0131n artmas\u0131na neden olan fosil yak\u0131tlar, sera etkisini art\u0131r\u0131r. Normalde d\u00fcnyaya ula\u015ft\u0131ktan sonra uzaya geri g\u00f6nderilen g\u00fcne\u015f \u0131\u015f\u0131nlar\u0131, artan karbon tutuculu\u011fu nedeniyle atmosferde hapsolur. Uzaya geri d\u00f6nemeyen gaz, d\u00fcnyan\u0131n ortalama y\u00fczey ve deniz s\u0131cakl\u0131klar\u0131nda art\u0131\u015fa yol a\u00e7ar. Bu art\u0131\u015flar a\u015f\u0131r\u0131 ya\u011f\u0131\u015f, sel, s\u0131cak hava dalgalar\u0131, kurakl\u0131k ve orman yang\u0131nlar\u0131 gibi ekstrem hava olaylar\u0131n\u0131n ya\u015fanmas\u0131na neden olur.<\/p>\n\n\n\n<p>D\u00fcnyada k\u00fcresel \u0131s\u0131nmaya kar\u015f\u0131 y\u00fcr\u00fct\u00fclen m\u00fccadeleler ve d\u00fcnyadaki pek \u00e7ok \u00fclkenin kat\u0131l\u0131m\u0131yla imzalanan uluslararas\u0131 anla\u015fmalar, k\u00fcresel \u0131s\u0131nman\u0131n sanayiden \u00f6nceki seviyelerin 1,5 ila 2 derece \u00fczerinde tutulmas\u0131n\u0131 hedefler. Bu \u00e7al\u0131\u015fmalar\u0131n temel amac\u0131, bu e\u015fi\u011fin ge\u00e7ilmesi h\u00e2linde meydana gelebilecek istenmeyen sonu\u00e7lar\u0131n engellenmesidir. Buzullar\u0131n erimesi, deniz seviyelerinin y\u00fckselmesi ve su ekosistemlerindeki biyo\u00e7e\u015fitlili\u011fin kaybedilmesi s\u00f6z konusu istenmeyen sonu\u00e7lardan yaln\u0131zca birka\u00e7\u0131d\u0131r. \u00d6zellikle buzullar\u0131n erimesi ve \u00e7\u00f6l alanlar\u0131n\u0131n geni\u015flemesi d\u00fcnyam\u0131zda geri d\u00f6nd\u00fcr\u00fclemez bir tahribata yol a\u00e7abilir.<\/p>\n\n\n\n<p>Karbon ayak izinin hesaplanmas\u0131, bu gibi istenmeyen sonu\u00e7lar\u0131 \u00f6nlemek i\u00e7in verilecek m\u00fccadelede stratejilerin belirlenmesine yard\u0131mc\u0131 olur.<\/p>\n\n\n\n<h2 class=\"wp-block-heading\"><strong>Karbon Ayak \u0130zini Hesaplamak Ne Gibi Faydalar Sa\u011flayabilir?<\/strong><\/h2>\n\n\n\n<figure class=\"wp-block-image\"><img loading=\"lazy\" decoding=\"async\" width=\"1072\" height=\"666\" src=\"https:\/\/www.quickcarbon.com\/tr\/wp-content\/uploads\/2025\/01\/Karbon-Ayak-I\u2560czini-Hesaplamak-Ne-Gibi-Faydalar-Sag\u2560alayabilir-.jpg\" alt=\"\" class=\"wp-image-1788\" srcset=\"https:\/\/www.quickcarbon.com\/tr\/wp-content\/uploads\/2025\/01\/Karbon-Ayak-I\u2560czini-Hesaplamak-Ne-Gibi-Faydalar-Sag\u2560alayabilir-.jpg 1072w, https:\/\/www.quickcarbon.com\/tr\/wp-content\/uploads\/2025\/01\/Karbon-Ayak-I\u2560czini-Hesaplamak-Ne-Gibi-Faydalar-Sag\u2560alayabilir--300x186.jpg 300w, https:\/\/www.quickcarbon.com\/tr\/wp-content\/uploads\/2025\/01\/Karbon-Ayak-I\u2560czini-Hesaplamak-Ne-Gibi-Faydalar-Sag\u2560alayabilir--1024x636.jpg 1024w, https:\/\/www.quickcarbon.com\/tr\/wp-content\/uploads\/2025\/01\/Karbon-Ayak-I\u2560czini-Hesaplamak-Ne-Gibi-Faydalar-Sag\u2560alayabilir--768x477.jpg 768w\" sizes=\"auto, (max-width: 1072px) 100vw, 1072px\" \/><\/figure>\n\n\n\n<p>Karbon ayak izinin do\u011fru bir \u015fekilde hesaplanmas\u0131, \u015firketlerin \u00e7evreye y\u00f6nelik olumsuz etkilerinin fark\u0131na varmalar\u0131 ve gerekli \u00f6nlemleri almalar\u0131 bak\u0131m\u0131ndan b\u00fcy\u00fck \u00f6nem ta\u015f\u0131r. Baz\u0131 halka a\u00e7\u0131k \u015firketlerin hissedarlar\u0131na s\u00fcrd\u00fcr\u00fclebilirlik raporlar\u0131 sumas\u0131 ve k\u00fcresel \u0131s\u0131nmayla m\u00fccadele ettiklerini g\u00f6stermesi gerekir. \u015eirketler, \u00fcretim tesislerindeki at\u0131klar\u0131n y\u00f6netiminden ofislerde kullan\u0131lan elektri\u011fin t\u00fcr\u00fcne kadar \u015firket operasyonlar\u0131n\u0131n her noktas\u0131nda emisyon kaynaklar\u0131n\u0131 belirlemeli ve bu kaynaklardan do\u011fru veriler elde etmelidir.<\/p>\n\n\n\n<p>Do\u011fru verilerle ger\u00e7ekle\u015ftirilen bir karbon ayak izi hesaplamas\u0131 \u015fu gibi faydalar sa\u011flayabilir:<\/p>\n\n\n\n<p class=\"has-medium-font-size\"><strong>Uyumluluk ve Raporlama S\u00fcreci<\/strong><\/p>\n\n\n\n<p>Karbon ayak izini hesaplayan \u015firketler \u00e7evre kirlili\u011fini azaltacak stratejiler geli\u015ftirebilir. \u00c7evre bilimi ve s\u00fcrd\u00fcr\u00fclebilirlik ilkeleri \u0131\u015f\u0131\u011f\u0131nda hedefler belirleyen ve ad\u0131mlar atan \u015firketler, s\u00fcrd\u00fcr\u00fclebilirlik hedeflerine ula\u015fma konusunda kararl\u0131 olduklar\u0131n\u0131 g\u00f6sterme f\u0131rsat\u0131 yakalar. Bu sayede m\u00fc\u015fteri ve yat\u0131r\u0131mc\u0131 ili\u015fkilerinin g\u00fc\u00e7lenmesi ve s\u00fcrd\u00fcr\u00fclebilir h\u00e2le gelmesi m\u00fcmk\u00fcnd\u00fcr.<\/p>\n\n\n\n<p class=\"has-medium-font-size\"><strong>Karbon Emisyonlar\u0131n\u0131n Y\u00f6netimi<\/strong><\/p>\n\n\n\n<p>Karbon ayak izi hesaplamas\u0131 sayesinde emisyon y\u00f6netiminde iyile\u015fmeler kaydedilebilir. Bu hesaplamalara dayanarak emisyon azaltma hedefleri belirlenir ve bu hedeflere ula\u015fmak i\u00e7in at\u0131lan ad\u0131mlar takip edilebilir. Y\u00fcksek karbon emisyonlar\u0131n\u0131n nereden geldi\u011fini belirleyen \u015firketler, s\u00fcrd\u00fcr\u00fclebilirlik \u00e7al\u0131\u015fmalar\u0131n\u0131 bu alanlara odaklayabilir.<\/p>\n\n\n\n<p class=\"has-medium-font-size\"><strong>Maliyet Avantajlar\u0131 ve \u015eirket \u0130tibar\u0131<\/strong><\/p>\n\n\n\n<p>Karbon ayak izi hesaplamas\u0131na ba\u011fl\u0131 olarak \u015fekillenen karbon y\u00f6netimi maliyet tasarrufu sa\u011flayabilir. Karbon ayak izini \u00f6l\u00e7en \u015firketler; enerji, ula\u015f\u0131m ve fosil yak\u0131t kullan\u0131m\u0131 gibi alanlarda karbon azaltma stratejileri benimseyerek daha \u00e7evreci ve d\u00fc\u015f\u00fck maliyetli \u00e7\u00f6z\u00fcmlere y\u00f6nelebilir.<\/p>\n\n\n\n<p>Hem t\u00fcketiciler hem yat\u0131r\u0131mc\u0131lar i\u00e7in \u015firketlerin \u00e7evresel ve sosyal uygulamalar\u0131 son derece \u00f6nemlidir. K\u00fcresel s\u00fcrd\u00fcr\u00fclebilirlik trendleri ve t\u00fcketici beklentileriyle de uyumlu olan bu hesaplamalar marka itibar\u0131n\u0131 olumlu etkileyerek i\u015fletmelerin b\u00fcy\u00fcmesini destekleyebilir.<\/p>\n\n\n\n<h2 class=\"wp-block-heading\"><strong>Karbon Ayak \u0130zi Hesaplama Y\u00f6ntemleri<\/strong><\/h2>\n\n\n\n<p>Karbon ayak izlerini hesaplamak i\u00e7in harcamaya dayal\u0131, faaliyete dayal\u0131 ve hibrit olmak \u00fczere \u00fc\u00e7 farkl\u0131 y\u00f6ntem kullan\u0131labilir. Bu y\u00f6ntemlerin detaylar\u0131ysa \u015funlard\u0131r:<\/p>\n\n\n\n<p class=\"has-medium-font-size\"><strong>Harcamaya Dayal\u0131 Karbon Hesaplama Y\u00f6ntemi<\/strong><\/p>\n\n\n\n<figure class=\"wp-block-image\"><img loading=\"lazy\" decoding=\"async\" width=\"1072\" height=\"666\" src=\"https:\/\/www.quickcarbon.com\/tr\/wp-content\/uploads\/2025\/01\/Harcamaya-Dayal\u2500\u2592-Karbon-Hesaplama-Yo\u2560entemi.jpg\" alt=\"\" class=\"wp-image-1786\" srcset=\"https:\/\/www.quickcarbon.com\/tr\/wp-content\/uploads\/2025\/01\/Harcamaya-Dayal\u2500\u2592-Karbon-Hesaplama-Yo\u2560entemi.jpg 1072w, https:\/\/www.quickcarbon.com\/tr\/wp-content\/uploads\/2025\/01\/Harcamaya-Dayal\u2500\u2592-Karbon-Hesaplama-Yo\u2560entemi-300x186.jpg 300w, https:\/\/www.quickcarbon.com\/tr\/wp-content\/uploads\/2025\/01\/Harcamaya-Dayal\u2500\u2592-Karbon-Hesaplama-Yo\u2560entemi-1024x636.jpg 1024w, https:\/\/www.quickcarbon.com\/tr\/wp-content\/uploads\/2025\/01\/Harcamaya-Dayal\u2500\u2592-Karbon-Hesaplama-Yo\u2560entemi-768x477.jpg 768w\" sizes=\"auto, (max-width: 1072px) 100vw, 1072px\" \/><\/figure>\n\n\n\n<p>Harcamaya dayal\u0131 karbon hesaplama, pek \u00e7ok \u015firket taraf\u0131ndan uygulanabilecek basit bir y\u00f6ntemdir. Mal ve hizmetlerin mali verilerini kullanan bu y\u00f6ntemde harcamaya dayal\u0131 emisyon fakt\u00f6rleri kullan\u0131l\u0131r. Harcamaya dayal\u0131 karbon hesaplama y\u00f6ntemi \u015fu \u015fekilde ger\u00e7ekle\u015ftirilir:<\/p>\n\n\n\n<ul class=\"wp-block-list\">\n<li><strong>Verilerin Toplanmas\u0131: <\/strong>Harcamaya dayal\u0131 hesaplama y\u00f6ntemi hem tedarik a\u011f\u0131 s\u00fcre\u00e7lerinde hem kurumsal olarak ger\u00e7ekle\u015ftirilen sat\u0131n al\u0131mlara dair gider raporlar\u0131nda, faturalarda ya da tedarik kay\u0131tlar\u0131nda bulunan finansal verileri kapsar.<\/li>\n\n\n\n<li><strong>Emisyon Fakt\u00f6rlerinin Belirlenmesi: <\/strong>Finansal verilerin kapsaml\u0131 olarak d\u00fczenlenmesinden sonra harcamaya dayal\u0131 emisyon fakt\u00f6rlerine ge\u00e7ilebilir. Mal ya da hizmetlerin neden oldu\u011fu emisyonlar\u0131n de\u011ferlendirilmesini sa\u011flayan ve end\u00fcstriyel ya da ulusal verilerden al\u0131nan veriler, finansal harcama birimi ba\u015f\u0131na ortalama sera gaz\u0131 emisyonlar\u0131n\u0131 g\u00f6sterir.<\/li>\n\n\n\n<li><strong>Emisyon Hesaplamalar\u0131:<\/strong> Bu a\u015famada mal ya da hizmetlerin finansal de\u011ferleri, ilgili emisyon fakt\u00f6r\u00fcyle \u00e7arp\u0131l\u0131r. T\u00fcm mal ve hizmetler i\u00e7in uygulanan bu hesaplama sayesinde elde edilen de\u011ferler toplan\u0131r ve tahmini karbon ayak izi belirlenir.<\/li>\n<\/ul>\n\n\n\n<p>Harcamaya dayal\u0131 karbon hesaplama y\u00f6nteminin en temel avantaj\u0131 bilgilerin eri\u015filebilirli\u011fi nedeniyle son derece basit olmas\u0131d\u0131r. Hesaplama i\u00e7in kullan\u0131lacak olan finansal verilere kolayca ula\u015f\u0131labildi\u011fi i\u00e7in \u015firketin kapsaml\u0131 bir ara\u015ft\u0131rma yapmas\u0131 gerekmez. \u00d6zellikle s\u0131n\u0131rl\u0131 kaynaklara sahip \u015firketler i\u00e7in bu \u00f6nemli bir fakt\u00f6rd\u00fcr. \u0130kinci olarak harcamaya dayal\u0131 emisyon fakt\u00f6rlerine kamu veri tabanlar\u0131ndan da end\u00fcstri raporlar\u0131ndan da ula\u015fmak m\u00fcmk\u00fcnd\u00fcr.<\/p>\n\n\n\n<p class=\"has-medium-font-size\"><strong>Faaliyete Dayal\u0131 Karbon Hesaplama Y\u00f6ntemi<\/strong><\/p>\n\n\n\n<figure class=\"wp-block-image\"><img loading=\"lazy\" decoding=\"async\" width=\"1072\" height=\"666\" src=\"https:\/\/www.quickcarbon.com\/tr\/wp-content\/uploads\/2025\/01\/Faaliyete-Dayal\u2500\u2592-Karbon-Hesaplama-Yo\u2560entemi.jpg\" alt=\"\" class=\"wp-image-1785\" srcset=\"https:\/\/www.quickcarbon.com\/tr\/wp-content\/uploads\/2025\/01\/Faaliyete-Dayal\u2500\u2592-Karbon-Hesaplama-Yo\u2560entemi.jpg 1072w, https:\/\/www.quickcarbon.com\/tr\/wp-content\/uploads\/2025\/01\/Faaliyete-Dayal\u2500\u2592-Karbon-Hesaplama-Yo\u2560entemi-300x186.jpg 300w, https:\/\/www.quickcarbon.com\/tr\/wp-content\/uploads\/2025\/01\/Faaliyete-Dayal\u2500\u2592-Karbon-Hesaplama-Yo\u2560entemi-1024x636.jpg 1024w, https:\/\/www.quickcarbon.com\/tr\/wp-content\/uploads\/2025\/01\/Faaliyete-Dayal\u2500\u2592-Karbon-Hesaplama-Yo\u2560entemi-768x477.jpg 768w\" sizes=\"auto, (max-width: 1072px) 100vw, 1072px\" \/><\/figure>\n\n\n\n<p>Faaliyete dayal\u0131 karbon hesaplama y\u00f6ntemi, \u015firketlerin \u00e7evre \u00fczerindeki etkilerinin hesaplanmas\u0131 i\u00e7in \u00e7ok daha kapsaml\u0131 bir yakla\u015f\u0131m sunar. Bu y\u00f6ntemi uygularken \u015firketler operasyonlar\u0131 ve tedarik zinciri kapsam\u0131nda ger\u00e7ekle\u015fen faaliyetlerin detayl\u0131 verilerine gereksinim duyar. Karbon emisyonlar\u0131n\u0131n daha hassas bir \u00f6l\u00e7\u00fcm\u00fcn\u00fc sunan bu y\u00f6ntem \u015fu \u015fekilde ger\u00e7ekle\u015ftirilir:<\/p>\n\n\n\n<ul class=\"wp-block-list\">\n<li><strong>Verilerin Toplanmas\u0131:<\/strong> Veri toplama, operasyonlar ve de\u011fer zincirlerinin genelinde ger\u00e7ekle\u015ftirilen faaliyetlerle ilgili detaylar\u0131n elde edilmesidir. S\u00f6z konusu bilgiler \u015firketin enerji t\u00fcketiminden lojistik s\u00fcre\u00e7lerine kadar bir\u00e7ok bilgiyi i\u00e7erebilir.<\/li>\n\n\n\n<li><strong>Emisyon Fakt\u00f6rlerinin Belirlenmesi:<\/strong> Emisyon fakt\u00f6rleri, her faaliyetin \u00fcretti\u011fi ortalama sera gaz\u0131 emisyonlar\u0131n\u0131 g\u00f6sterir. S\u00f6z konusu fakt\u00f6rlerle ilgili emisyonlar hakk\u0131nda do\u011fru bilgiler elde etmek m\u00fcmk\u00fcnd\u00fcr.<\/li>\n\n\n\n<li><strong>Emisyon Hesaplamalar\u0131:<\/strong> Karbon emisyonunun hesaplama a\u015famas\u0131nda her s\u00fcre\u00e7ten elde edilen faaliyet verileri ilgili emisyon fakt\u00f6r\u00fcyle \u00e7arp\u0131l\u0131r. Kurulu\u015fun t\u00fcm faaliyetleri i\u00e7in ger\u00e7ekle\u015ftirilen bu hesaplamalar\u0131n toplam\u0131, \u015firketin karbon ayak izini g\u00f6sterir.<\/li>\n<\/ul>\n\n\n\n<p>Faaliyete dayal\u0131 karbon hesaplama y\u00f6ntemi hem kapsaml\u0131 hem do\u011fru sonu\u00e7lar verir. \u00c7\u00fcnk\u00fc toplanan veriler \u00e7ok daha ayr\u0131nt\u0131l\u0131d\u0131r. Bu ayr\u0131nt\u0131l\u0131 veriler, kurulu\u015fun karbon ayak izlerinin daha hassas ve do\u011fru bir \u015fekilde hesaplanmas\u0131n\u0131 ve iklim de\u011fi\u015fikli\u011fiyle m\u00fccadele ad\u0131mlar\u0131n\u0131n etkili bir \u015fekilde planlanmas\u0131n\u0131 sa\u011flar. Ayr\u0131ca daha geni\u015f bir emisyon kayna\u011f\u0131 bilgisine de eri\u015fim sa\u011flanabilir. Bu kaynaklar\u0131n i\u00e7erisinde do\u011frudan ve dolayl\u0131 emisyonlar bulunur. B\u00f6ylece \u015firketin karbon ayak izini daha net bir \u015fekilde g\u00f6stermek m\u00fcmk\u00fcnd\u00fcr.<\/p>\n\n\n\n<p class=\"has-medium-font-size\"><strong>Hibrit Karbon Hesaplama Y\u00f6ntemi<\/strong><\/p>\n\n\n\n<p>Hibrit karbon hesaplama y\u00f6nteminde hem harcama bazl\u0131 hem faaliyet bazl\u0131 hesaplama yakla\u015f\u0131mlar\u0131 bir arada kullan\u0131l\u0131r. Harcama tabanl\u0131 y\u00f6ntemin basit yap\u0131s\u0131 ve faaliyet tabanl\u0131 y\u00f6ntemin veri derinli\u011fi \u00e7ok daha etkili bir sonu\u00e7 elde edilmesine yard\u0131mc\u0131 olabilir. \u0130ki farkl\u0131 metodun avantajlar\u0131n\u0131 bir arada sunan hibrit karbon hesaplama y\u00f6ntemi, bu iki y\u00f6ntemin kendine has s\u0131n\u0131rlamalar\u0131n\u0131 a\u015farak kapsaml\u0131 bir \u00e7er\u00e7eve sa\u011flar.<\/p>\n\n\n\n<p>Hibrit y\u00f6ntemi benimseyen \u015firketler do\u011fruluk ve y\u00f6netilebilirli\u011fin yan\u0131 s\u0131ra esneklik avantaj\u0131ndan da faydalan\u0131r. Bu y\u00f6ntemde faaliyete dayal\u0131 veriler kontroll\u00fc bir \u015fekilde g\u00f6zlemlenir. Bu sayede \u015firketler emisyon kaynaklar\u0131yla ilgili net \u00e7\u0131kar\u0131mlarda bulunabilir ve bu do\u011frultuda etkili stratejiler haz\u0131rlayabilir. Ayr\u0131ca \u015firketler operasyon ve tedarik a\u011flar\u0131n\u0131n farkl\u0131 noktalar\u0131ndaki uygun veri kaynaklar\u0131ndan yararlanabilir. Hibrit yakla\u015f\u0131m, ayr\u0131nt\u0131l\u0131 ve kapsaml\u0131 bir \u00e7evresel performans de\u011ferlendirmesini m\u00fcmk\u00fcn k\u0131lar.<\/p>\n\n\n\n<h2 class=\"wp-block-heading\"><strong>Do\u011fru Karbon Hesaplamas\u0131 Y\u00f6ntemini Se\u00e7mek<\/strong><\/h2>\n\n\n\n<p>Do\u011fru karbon hesaplamas\u0131 y\u00f6ntemi hem \u015firketlerin faaliyetlerine hem elde edilmek istenen verilere g\u00f6re de\u011fi\u015fiklik g\u00f6sterebilir. \u015eirketin i\u015fletme t\u00fcr\u00fc, operasyonel s\u00fcre\u00e7lerdeki kompleks yap\u0131, verilere eri\u015fim gibi \u00e7e\u015fitli fakt\u00f6rler do\u011fru hesaplama y\u00f6nteminin se\u00e7ilmesi konusunda belirleyicidir. T\u00fcm hesaplama y\u00f6ntemlerinin kendine \u00f6zg\u00fc avantajlar\u0131 ve dezavantajlar\u0131 bulunur. Hangi y\u00f6ntemin \u015firket ihtiya\u00e7lar\u0131yla uyumlu oldu\u011funu anlamak i\u00e7in t\u00fcm art\u0131lar\u0131n ve eksilerin g\u00f6z \u00f6n\u00fcnde bulundurulmas\u0131 gerekir. Karma\u015f\u0131k operasyonel s\u00fcre\u00e7lere sahip olan \u015firketlerde daha basit bir y\u00f6ntem olan faaliyet tabanl\u0131 hesaplama y\u00f6ntemi tercih edilebilir. Harcama bazl\u0131 karbon ayak izi hesaplama y\u00f6ntemiyse verilere ula\u015fma konusunda sorun ya\u015famayan \u015firketler i\u00e7in uygun olabilir.<\/p>\n\n\n\n<p>Do\u011fru y\u00f6ntemi se\u00e7mek i\u00e7in \u015firketlerin karbon emisyonlar\u0131yla ilgili verilere ne \u00f6l\u00e7\u00fcde ula\u015fabildi\u011fini tespit etmesi gerekir. Emisyonlar\u0131n kapsam\u0131n\u0131 ve \u00f6l\u00e7e\u011fini de\u011ferlendirmenin m\u00fcmk\u00fcn olmad\u0131\u011f\u0131 durumlarda y\u00f6nteme karar vermek de zorlay\u0131c\u0131 olabilir. Sera gaz\u0131 emisyonlar\u0131 genellikle 3 kapsamda de\u011ferlendirilir. Birinci kapsam do\u011frudan emisyonlar\u0131, ikinci kapsam dolayl\u0131 emisyonlar\u0131 ve \u00fc\u00e7\u00fcnc\u00fc kapsam da tedarik zinciriyle ilgili di\u011fer dolayl\u0131 emisyonlar\u0131 g\u00f6sterir.<\/p>\n\n\n\n<p>\u00d6zellikle do\u011frudan ve dolayl\u0131 emisyon sal\u0131m\u0131n\u0131 yo\u011fun \u015fekilde ger\u00e7ekle\u015ftiren \u015firketler faaliyet bazl\u0131 hesaplama y\u00f6ntemlerine y\u00f6nelebilir. Fakat \u00fc\u00e7\u00fcnc\u00fc kapsamda de\u011ferlendirilen di\u011fer dolayl\u0131 emisyonlar\u0131n verilerine ula\u015fmak ve takibini yapmak zorlay\u0131c\u0131 olabilir. Bu y\u00fczden kapsam 3 emisyonlar\u0131 yo\u011fun olarak \u015firketler harcama bazl\u0131 hesaplama y\u00f6ntemleri tercih edebilir.<\/p>\n\n\n\n<p>Verilerin ne kadar g\u00fcvenilir oldu\u011fu ve ne \u015fekilde kullan\u0131labilece\u011fi gibi unsurlar karbon ayak izi hesaplama y\u00f6ntemini se\u00e7erken dikkate al\u0131nabilir. Burada hangi y\u00f6ntemin se\u00e7ilece\u011fine dair daha basit bir ayr\u0131m yapmak m\u00fcmk\u00fcnd\u00fcr. \u00d6rne\u011fin karma\u015f\u0131k olmayan, takibi kolayca yap\u0131labilen ve ula\u015f\u0131labilir verilere sahip olundu\u011funda faaliyet bazl\u0131 hesaplama y\u00f6ntemi; verilerin toplanmas\u0131n\u0131n, i\u015flenmesinin ve takibinin yap\u0131lmas\u0131n\u0131n zor oldu\u011fu durumlardaysa harcama bazl\u0131 hesaplama y\u00f6ntemi tercih edilebilir.<\/p>\n\n\n\n<p>S\u00fcrd\u00fcr\u00fclebilir y\u00f6ntemler tercih etmek \u015firketlerin karbon ayak izi hesaplamalar\u0131nda bir devaml\u0131l\u0131k sa\u011flayabilir. Bu, elde edilen veriler \u00fczerinden karbon ayak izi konusundaki ilerleyi\u015fin takibini yapmay\u0131 kolayla\u015ft\u0131r\u0131r. Sekt\u00f6rel ihtiya\u00e7lar ve yat\u0131r\u0131mc\u0131 beklentileri de g\u00f6z \u00f6n\u00fcnde bulundurularak y\u00f6ntem se\u00e7imi yap\u0131labilir. Raporlama se\u00e7enekleri ve gereksinimleri de yine piyasa beklentileri ve yat\u0131r\u0131mc\u0131 taleplerine uygun \u015fekilde belirlenmelidir. Daha ayr\u0131nt\u0131l\u0131 raporlar g\u00f6rmek isteyen yat\u0131r\u0131mc\u0131lar veya ortaklar netlik ve kesinlikten uzak y\u00f6ntemlerin kullan\u0131lmas\u0131ndan ho\u015fnut olmayabilir. Karbon hesaplama y\u00f6ntemini se\u00e7erken sekt\u00f6re \u00f6zg\u00fc d\u00fczenlemeleri ve beklentileri hesaba katarak \u015feffafl\u0131\u011f\u0131 ve g\u00fcvenilirli\u011fi artt\u0131rmak m\u00fcmk\u00fcnd\u00fcr. Bunlara ek olarak hangi y\u00f6ntem se\u00e7ilirse se\u00e7ilsin hem veri toplarken hem analiz yaparken hassas sonu\u00e7lar veren ara\u00e7lar kullanmak gerekir.<\/p>\n\n\n\n<h2 class=\"wp-block-heading\"><strong>Karbon Ayak \u0130zinizi Hesaplayarak Yat\u0131r\u0131mc\u0131lara G\u00fcven Verin!<\/strong><\/h2>\n\n\n\n<p>QuickCarbon, dan\u0131\u015fmanl\u0131k hizmetine gerek kalmadan karbon ayak izini \u00f6l\u00e7me ve raporlama f\u0131rsat\u0131 sunan kullan\u0131c\u0131 dostu bir yaz\u0131l\u0131md\u0131r. QuickCarbon yaz\u0131l\u0131m\u0131m\u0131z kurumsal karbon ayak izinin ISO 14064-1:2018 Standard\u0131 ve GHG Protokol\u00fc\u2019ne g\u00f6re hesaplanmas\u0131n\u0131 ve raporlanmas\u0131n\u0131 sa\u011flar. Ger\u00e7ekle\u015ftirilen hesaplamalar \u00fczerinden elde edilen raporlar, \u015firketlerin karbon emisyonlar\u0131n\u0131n azalt\u0131lmas\u0131na y\u00f6nelik stratejiler geli\u015ftirmesine destek olabilir.<\/p>\n\n\n\n<p>Verileri \u00fcst\u00fcn g\u00fcvenlik y\u00f6ntemleri kullanarak saklayan QuickCarbon yaz\u0131l\u0131m\u0131m\u0131z, s\u0131n\u0131rs\u0131z say\u0131da veriyi kolay bir \u015fekilde sisteme girmenizi ve tek tu\u015fla raporlar alman\u0131z\u0131 sa\u011flar. Raporlar\u0131n\u0131z\u0131 Word ve Excel formatlar\u0131nda farkl\u0131 dil se\u00e7enekleriyle alman\u0131z m\u00fcmk\u00fcnd\u00fcr. Siz de QuickCarbon yaz\u0131l\u0131m\u0131m\u0131zla ilgili merak ettiklerinizi dan\u0131\u015fmak ve demo talebinde bulunmak i\u00e7in bizimle <a href=\"https:\/\/www.quickcarbon.com\/tr\/iletisim\/\">ileti\u015fime<\/a> ge\u00e7ebilirsiniz.<\/p>\n","protected":false},"excerpt":{"rendered":"<p>\u0130nsan faaliyetlerinin \u00e7evreye verdi\u011fi zarar\u0131 azaltmak gelecek nesillere ya\u015fanabilir bir d\u00fcnya b\u0131rakma konusunda b\u00fcy\u00fck \u00f6nem ta\u015f\u0131r. Bu do\u011frultuda geli\u015ftirilen s\u00fcrd\u00fcr\u00fclebilirlik hedeflerine ula\u015fmak i\u00e7in gerekli ad\u0131mlar\u0131 atmak amac\u0131yla karbon ayak izini hesaplamak \u00e7evresel etkilerin fark\u0131na var\u0131lmas\u0131 ve azalt\u0131lmas\u0131 i\u00e7in gerekli ilk a\u015famad\u0131r. Gelin, karbon ayak izi hesaplamas\u0131n\u0131n \u00f6nemine, farkl\u0131 karbon ayak izi hesaplama y\u00f6ntemlerine ve do\u011fru y\u00f6ntemi se\u00e7mek i\u00e7in dikkat edilmesi gerekenlere birlikte bakal\u0131m.<\/p>\n","protected":false},"author":3,"featured_media":1789,"comment_status":"closed","ping_status":"open","sticky":false,"template":"","format":"standard","meta":{"footnotes":""},"categories":[1],"tags":[34,152,33,68,11],"class_list":["post-1784","post","type-post","status-publish","format-standard","has-post-thumbnail","hentry","category-genel","tag-karbon-ayak-izi","tag-karbon-ayak-izi-hesaplama-yontemleri","tag-karbon-emisyonu","tag-surdurulebilirlik","tag-temiz-enerji"],"yoast_head":"<!-- This site is optimized with the Yoast SEO plugin v25.6 - https:\/\/yoast.com\/wordpress\/plugins\/seo\/ -->\n<title>Karbon Ayak \u0130zi Hesaplama Y\u00f6ntemleri - QuickCarbon<\/title>\n<meta name=\"description\" content=\"\u0130nsan faaliyetlerinin \u00e7evreye verdi\u011fi zarar\u0131 azaltmak gelecek nesillere ya\u015fanabilir bir d\u00fcnya b\u0131rakma konusunda b\u00fcy\u00fck \u00f6nem ta\u015f\u0131r. Bu do\u011frultuda geli\u015ftirilen s\u00fcrd\u00fcr\u00fclebilirlik hedeflerine ula\u015fmak i\u00e7in gerekli ad\u0131mlar\u0131 atmak amac\u0131yla karbon ayak izini hesaplamak \u00e7evresel etkilerin fark\u0131na var\u0131lmas\u0131 ve azalt\u0131lmas\u0131 i\u00e7in gerekli ilk a\u015famad\u0131r. Gelin, karbon ayak izi hesaplamas\u0131n\u0131n \u00f6nemine, farkl\u0131 karbon ayak izi hesaplama y\u00f6ntemlerine ve do\u011fru y\u00f6ntemi se\u00e7mek i\u00e7in dikkat edilmesi gerekenlere birlikte bakal\u0131m.\" \/>\n<meta name=\"robots\" content=\"index, follow, max-snippet:-1, max-image-preview:large, max-video-preview:-1\" \/>\n<link rel=\"canonical\" href=\"https:\/\/www.quickcarbon.com\/tr\/blog\/karbon-ayak-izi-hesaplama-yontemleri\/\" \/>\n<meta property=\"og:locale\" content=\"tr_TR\" \/>\n<meta property=\"og:type\" content=\"article\" \/>\n<meta property=\"og:title\" content=\"Karbon Ayak \u0130zi Hesaplama Y\u00f6ntemleri - QuickCarbon\" \/>\n<meta property=\"og:description\" content=\"\u0130nsan faaliyetlerinin \u00e7evreye verdi\u011fi zarar\u0131 azaltmak gelecek nesillere ya\u015fanabilir bir d\u00fcnya b\u0131rakma konusunda b\u00fcy\u00fck \u00f6nem ta\u015f\u0131r. Bu do\u011frultuda geli\u015ftirilen s\u00fcrd\u00fcr\u00fclebilirlik hedeflerine ula\u015fmak i\u00e7in gerekli ad\u0131mlar\u0131 atmak amac\u0131yla karbon ayak izini hesaplamak \u00e7evresel etkilerin fark\u0131na var\u0131lmas\u0131 ve azalt\u0131lmas\u0131 i\u00e7in gerekli ilk a\u015famad\u0131r. Gelin, karbon ayak izi hesaplamas\u0131n\u0131n \u00f6nemine, farkl\u0131 karbon ayak izi hesaplama y\u00f6ntemlerine ve do\u011fru y\u00f6ntemi se\u00e7mek i\u00e7in dikkat edilmesi gerekenlere birlikte bakal\u0131m.\" \/>\n<meta property=\"og:url\" content=\"https:\/\/www.quickcarbon.com\/tr\/blog\/karbon-ayak-izi-hesaplama-yontemleri\/\" \/>\n<meta property=\"og:site_name\" content=\"QuickCarbon\" \/>\n<meta property=\"article:publisher\" content=\"https:\/\/www.facebook.com\/quickcarbon\/\" \/>\n<meta property=\"article:published_time\" content=\"2025-01-06T09:06:15+00:00\" \/>\n<meta property=\"article:modified_time\" content=\"2025-01-06T09:06:17+00:00\" \/>\n<meta property=\"og:image\" content=\"https:\/\/www.quickcarbon.com\/tr\/wp-content\/uploads\/2025\/01\/22_Kapak-Gorsel.jpg\" \/>\n\t<meta property=\"og:image:width\" content=\"1072\" \/>\n\t<meta property=\"og:image:height\" content=\"666\" \/>\n\t<meta property=\"og:image:type\" content=\"image\/jpeg\" \/>\n<meta name=\"author\" content=\"Elif Akko\u00e7\" \/>\n<meta name=\"twitter:card\" content=\"summary_large_image\" \/>\n<meta name=\"twitter:creator\" content=\"@QuickCarbon_Tr\" \/>\n<meta name=\"twitter:site\" content=\"@QuickCarbon_Tr\" \/>\n<meta name=\"twitter:label1\" content=\"Written by\" \/>\n\t<meta name=\"twitter:data1\" content=\"Elif Akko\u00e7\" \/>\n\t<meta name=\"twitter:label2\" content=\"Est. reading time\" \/>\n\t<meta name=\"twitter:data2\" content=\"11 dakika\" \/>\n<script type=\"application\/ld+json\" class=\"yoast-schema-graph\">{\"@context\":\"https:\/\/schema.org\",\"@graph\":[{\"@type\":[\"Article\",\"BlogPosting\"],\"@id\":\"https:\/\/www.quickcarbon.com\/tr\/blog\/karbon-ayak-izi-hesaplama-yontemleri\/#article\",\"isPartOf\":{\"@id\":\"https:\/\/www.quickcarbon.com\/tr\/blog\/karbon-ayak-izi-hesaplama-yontemleri\/\"},\"author\":{\"name\":\"Elif Akko\u00e7\",\"@id\":\"https:\/\/www.quickcarbon.com\/tr\/#\/schema\/person\/e9ff9b7b560010798b00c0355cb606f1\"},\"headline\":\"Karbon Ayak \u0130zi Hesaplama Y\u00f6ntemleri\",\"datePublished\":\"2025-01-06T09:06:15+00:00\",\"dateModified\":\"2025-01-06T09:06:17+00:00\",\"mainEntityOfPage\":{\"@id\":\"https:\/\/www.quickcarbon.com\/tr\/blog\/karbon-ayak-izi-hesaplama-yontemleri\/\"},\"wordCount\":2297,\"publisher\":{\"@id\":\"https:\/\/www.quickcarbon.com\/tr\/#organization\"},\"image\":{\"@id\":\"https:\/\/www.quickcarbon.com\/tr\/blog\/karbon-ayak-izi-hesaplama-yontemleri\/#primaryimage\"},\"thumbnailUrl\":\"https:\/\/www.quickcarbon.com\/tr\/wp-content\/uploads\/2025\/01\/22_Kapak-Gorsel.jpg\",\"keywords\":[\"karbon ayak izi\",\"karbon ayak izi hesaplama y\u00f6ntemleri\",\"karbon emisyonu\",\"s\u00fcrd\u00fcr\u00fclebilirlik\",\"temiz enerji\"],\"inLanguage\":\"tr\"},{\"@type\":\"WebPage\",\"@id\":\"https:\/\/www.quickcarbon.com\/tr\/blog\/karbon-ayak-izi-hesaplama-yontemleri\/\",\"url\":\"https:\/\/www.quickcarbon.com\/tr\/blog\/karbon-ayak-izi-hesaplama-yontemleri\/\",\"name\":\"Karbon Ayak \u0130zi Hesaplama Y\u00f6ntemleri - QuickCarbon\",\"isPartOf\":{\"@id\":\"https:\/\/www.quickcarbon.com\/tr\/#website\"},\"primaryImageOfPage\":{\"@id\":\"https:\/\/www.quickcarbon.com\/tr\/blog\/karbon-ayak-izi-hesaplama-yontemleri\/#primaryimage\"},\"image\":{\"@id\":\"https:\/\/www.quickcarbon.com\/tr\/blog\/karbon-ayak-izi-hesaplama-yontemleri\/#primaryimage\"},\"thumbnailUrl\":\"https:\/\/www.quickcarbon.com\/tr\/wp-content\/uploads\/2025\/01\/22_Kapak-Gorsel.jpg\",\"datePublished\":\"2025-01-06T09:06:15+00:00\",\"dateModified\":\"2025-01-06T09:06:17+00:00\",\"description\":\"\u0130nsan faaliyetlerinin \u00e7evreye verdi\u011fi zarar\u0131 azaltmak gelecek nesillere ya\u015fanabilir bir d\u00fcnya b\u0131rakma konusunda b\u00fcy\u00fck \u00f6nem ta\u015f\u0131r. Bu do\u011frultuda geli\u015ftirilen s\u00fcrd\u00fcr\u00fclebilirlik hedeflerine ula\u015fmak i\u00e7in gerekli ad\u0131mlar\u0131 atmak amac\u0131yla karbon ayak izini hesaplamak \u00e7evresel etkilerin fark\u0131na var\u0131lmas\u0131 ve azalt\u0131lmas\u0131 i\u00e7in gerekli ilk a\u015famad\u0131r. Gelin, karbon ayak izi hesaplamas\u0131n\u0131n \u00f6nemine, farkl\u0131 karbon ayak izi hesaplama y\u00f6ntemlerine ve do\u011fru y\u00f6ntemi se\u00e7mek i\u00e7in dikkat edilmesi gerekenlere birlikte bakal\u0131m.\",\"breadcrumb\":{\"@id\":\"https:\/\/www.quickcarbon.com\/tr\/blog\/karbon-ayak-izi-hesaplama-yontemleri\/#breadcrumb\"},\"inLanguage\":\"tr\",\"potentialAction\":[{\"@type\":\"ReadAction\",\"target\":[\"https:\/\/www.quickcarbon.com\/tr\/blog\/karbon-ayak-izi-hesaplama-yontemleri\/\"]}]},{\"@type\":\"ImageObject\",\"inLanguage\":\"tr\",\"@id\":\"https:\/\/www.quickcarbon.com\/tr\/blog\/karbon-ayak-izi-hesaplama-yontemleri\/#primaryimage\",\"url\":\"https:\/\/www.quickcarbon.com\/tr\/wp-content\/uploads\/2025\/01\/22_Kapak-Gorsel.jpg\",\"contentUrl\":\"https:\/\/www.quickcarbon.com\/tr\/wp-content\/uploads\/2025\/01\/22_Kapak-Gorsel.jpg\",\"width\":1072,\"height\":666},{\"@type\":\"BreadcrumbList\",\"@id\":\"https:\/\/www.quickcarbon.com\/tr\/blog\/karbon-ayak-izi-hesaplama-yontemleri\/#breadcrumb\",\"itemListElement\":[{\"@type\":\"ListItem\",\"position\":1,\"name\":\"Ana Sayfa\",\"item\":\"https:\/\/www.quickcarbon.com\/tr\/\"},{\"@type\":\"ListItem\",\"position\":2,\"name\":\"Karbon Ayak \u0130zi Hesaplama Y\u00f6ntemleri\"}]},{\"@type\":\"WebSite\",\"@id\":\"https:\/\/www.quickcarbon.com\/tr\/#website\",\"url\":\"https:\/\/www.quickcarbon.com\/tr\/\",\"name\":\"QuickCarbon\",\"description\":\"Take Control of Your Corporate Carbon Footprint\",\"publisher\":{\"@id\":\"https:\/\/www.quickcarbon.com\/tr\/#organization\"},\"alternateName\":\"QC\",\"potentialAction\":[{\"@type\":\"SearchAction\",\"target\":{\"@type\":\"EntryPoint\",\"urlTemplate\":\"https:\/\/www.quickcarbon.com\/tr\/?s={search_term_string}\"},\"query-input\":{\"@type\":\"PropertyValueSpecification\",\"valueRequired\":true,\"valueName\":\"search_term_string\"}}],\"inLanguage\":\"tr\"},{\"@type\":\"Organization\",\"@id\":\"https:\/\/www.quickcarbon.com\/tr\/#organization\",\"name\":\"QuickCarbon\",\"alternateName\":\"QC\",\"url\":\"https:\/\/www.quickcarbon.com\/tr\/\",\"logo\":{\"@type\":\"ImageObject\",\"inLanguage\":\"tr\",\"@id\":\"https:\/\/www.quickcarbon.com\/tr\/#\/schema\/logo\/image\/\",\"url\":\"https:\/\/www.quickcarbon.com\/tr\/wp-content\/uploads\/2023\/09\/cropped-qc_favicon-1.png\",\"contentUrl\":\"https:\/\/www.quickcarbon.com\/tr\/wp-content\/uploads\/2023\/09\/cropped-qc_favicon-1.png\",\"width\":512,\"height\":512,\"caption\":\"QuickCarbon\"},\"image\":{\"@id\":\"https:\/\/www.quickcarbon.com\/tr\/#\/schema\/logo\/image\/\"},\"sameAs\":[\"https:\/\/www.facebook.com\/quickcarbon\/\",\"https:\/\/x.com\/QuickCarbon_Tr\",\"https:\/\/www.instagram.com\/quickcarbon_official\/\",\"https:\/\/www.linkedin.com\/showcase\/quickcarbon-\/\"]},{\"@type\":\"Person\",\"@id\":\"https:\/\/www.quickcarbon.com\/tr\/#\/schema\/person\/e9ff9b7b560010798b00c0355cb606f1\",\"name\":\"Elif Akko\u00e7\",\"image\":{\"@type\":\"ImageObject\",\"inLanguage\":\"tr\",\"@id\":\"https:\/\/www.quickcarbon.com\/tr\/#\/schema\/person\/image\/\",\"url\":\"https:\/\/secure.gravatar.com\/avatar\/1419d3d4829046468ad9f261eb84b5e321805c1b4084d3d1c85c0de62b0330de?s=96&d=mm&r=g\",\"contentUrl\":\"https:\/\/secure.gravatar.com\/avatar\/1419d3d4829046468ad9f261eb84b5e321805c1b4084d3d1c85c0de62b0330de?s=96&d=mm&r=g\",\"caption\":\"Elif Akko\u00e7\"},\"sameAs\":[\"https:\/\/www.quickcarbon.com\/\"]}]}<\/script>\n<!-- \/ Yoast SEO plugin. -->","yoast_head_json":{"title":"Karbon Ayak \u0130zi Hesaplama Y\u00f6ntemleri - QuickCarbon","description":"\u0130nsan faaliyetlerinin \u00e7evreye verdi\u011fi zarar\u0131 azaltmak gelecek nesillere ya\u015fanabilir bir d\u00fcnya b\u0131rakma konusunda b\u00fcy\u00fck \u00f6nem ta\u015f\u0131r. Bu do\u011frultuda geli\u015ftirilen s\u00fcrd\u00fcr\u00fclebilirlik hedeflerine ula\u015fmak i\u00e7in gerekli ad\u0131mlar\u0131 atmak amac\u0131yla karbon ayak izini hesaplamak \u00e7evresel etkilerin fark\u0131na var\u0131lmas\u0131 ve azalt\u0131lmas\u0131 i\u00e7in gerekli ilk a\u015famad\u0131r. Gelin, karbon ayak izi hesaplamas\u0131n\u0131n \u00f6nemine, farkl\u0131 karbon ayak izi hesaplama y\u00f6ntemlerine ve do\u011fru y\u00f6ntemi se\u00e7mek i\u00e7in dikkat edilmesi gerekenlere birlikte bakal\u0131m.","robots":{"index":"index","follow":"follow","max-snippet":"max-snippet:-1","max-image-preview":"max-image-preview:large","max-video-preview":"max-video-preview:-1"},"canonical":"https:\/\/www.quickcarbon.com\/tr\/blog\/karbon-ayak-izi-hesaplama-yontemleri\/","og_locale":"tr_TR","og_type":"article","og_title":"Karbon Ayak \u0130zi Hesaplama Y\u00f6ntemleri - QuickCarbon","og_description":"\u0130nsan faaliyetlerinin \u00e7evreye verdi\u011fi zarar\u0131 azaltmak gelecek nesillere ya\u015fanabilir bir d\u00fcnya b\u0131rakma konusunda b\u00fcy\u00fck \u00f6nem ta\u015f\u0131r. Bu do\u011frultuda geli\u015ftirilen s\u00fcrd\u00fcr\u00fclebilirlik hedeflerine ula\u015fmak i\u00e7in gerekli ad\u0131mlar\u0131 atmak amac\u0131yla karbon ayak izini hesaplamak \u00e7evresel etkilerin fark\u0131na var\u0131lmas\u0131 ve azalt\u0131lmas\u0131 i\u00e7in gerekli ilk a\u015famad\u0131r. Gelin, karbon ayak izi hesaplamas\u0131n\u0131n \u00f6nemine, farkl\u0131 karbon ayak izi hesaplama y\u00f6ntemlerine ve do\u011fru y\u00f6ntemi se\u00e7mek i\u00e7in dikkat edilmesi gerekenlere birlikte bakal\u0131m.","og_url":"https:\/\/www.quickcarbon.com\/tr\/blog\/karbon-ayak-izi-hesaplama-yontemleri\/","og_site_name":"QuickCarbon","article_publisher":"https:\/\/www.facebook.com\/quickcarbon\/","article_published_time":"2025-01-06T09:06:15+00:00","article_modified_time":"2025-01-06T09:06:17+00:00","og_image":[{"width":1072,"height":666,"url":"https:\/\/www.quickcarbon.com\/tr\/wp-content\/uploads\/2025\/01\/22_Kapak-Gorsel.jpg","type":"image\/jpeg"}],"author":"Elif Akko\u00e7","twitter_card":"summary_large_image","twitter_creator":"@QuickCarbon_Tr","twitter_site":"@QuickCarbon_Tr","twitter_misc":{"Written by":"Elif Akko\u00e7","Est. reading time":"11 dakika"},"schema":{"@context":"https:\/\/schema.org","@graph":[{"@type":["Article","BlogPosting"],"@id":"https:\/\/www.quickcarbon.com\/tr\/blog\/karbon-ayak-izi-hesaplama-yontemleri\/#article","isPartOf":{"@id":"https:\/\/www.quickcarbon.com\/tr\/blog\/karbon-ayak-izi-hesaplama-yontemleri\/"},"author":{"name":"Elif Akko\u00e7","@id":"https:\/\/www.quickcarbon.com\/tr\/#\/schema\/person\/e9ff9b7b560010798b00c0355cb606f1"},"headline":"Karbon Ayak \u0130zi Hesaplama Y\u00f6ntemleri","datePublished":"2025-01-06T09:06:15+00:00","dateModified":"2025-01-06T09:06:17+00:00","mainEntityOfPage":{"@id":"https:\/\/www.quickcarbon.com\/tr\/blog\/karbon-ayak-izi-hesaplama-yontemleri\/"},"wordCount":2297,"publisher":{"@id":"https:\/\/www.quickcarbon.com\/tr\/#organization"},"image":{"@id":"https:\/\/www.quickcarbon.com\/tr\/blog\/karbon-ayak-izi-hesaplama-yontemleri\/#primaryimage"},"thumbnailUrl":"https:\/\/www.quickcarbon.com\/tr\/wp-content\/uploads\/2025\/01\/22_Kapak-Gorsel.jpg","keywords":["karbon ayak izi","karbon ayak izi hesaplama y\u00f6ntemleri","karbon emisyonu","s\u00fcrd\u00fcr\u00fclebilirlik","temiz enerji"],"inLanguage":"tr"},{"@type":"WebPage","@id":"https:\/\/www.quickcarbon.com\/tr\/blog\/karbon-ayak-izi-hesaplama-yontemleri\/","url":"https:\/\/www.quickcarbon.com\/tr\/blog\/karbon-ayak-izi-hesaplama-yontemleri\/","name":"Karbon Ayak \u0130zi Hesaplama Y\u00f6ntemleri - QuickCarbon","isPartOf":{"@id":"https:\/\/www.quickcarbon.com\/tr\/#website"},"primaryImageOfPage":{"@id":"https:\/\/www.quickcarbon.com\/tr\/blog\/karbon-ayak-izi-hesaplama-yontemleri\/#primaryimage"},"image":{"@id":"https:\/\/www.quickcarbon.com\/tr\/blog\/karbon-ayak-izi-hesaplama-yontemleri\/#primaryimage"},"thumbnailUrl":"https:\/\/www.quickcarbon.com\/tr\/wp-content\/uploads\/2025\/01\/22_Kapak-Gorsel.jpg","datePublished":"2025-01-06T09:06:15+00:00","dateModified":"2025-01-06T09:06:17+00:00","description":"\u0130nsan faaliyetlerinin \u00e7evreye verdi\u011fi zarar\u0131 azaltmak gelecek nesillere ya\u015fanabilir bir d\u00fcnya b\u0131rakma konusunda b\u00fcy\u00fck \u00f6nem ta\u015f\u0131r. Bu do\u011frultuda geli\u015ftirilen s\u00fcrd\u00fcr\u00fclebilirlik hedeflerine ula\u015fmak i\u00e7in gerekli ad\u0131mlar\u0131 atmak amac\u0131yla karbon ayak izini hesaplamak \u00e7evresel etkilerin fark\u0131na var\u0131lmas\u0131 ve azalt\u0131lmas\u0131 i\u00e7in gerekli ilk a\u015famad\u0131r. Gelin, karbon ayak izi hesaplamas\u0131n\u0131n \u00f6nemine, farkl\u0131 karbon ayak izi hesaplama y\u00f6ntemlerine ve do\u011fru y\u00f6ntemi se\u00e7mek i\u00e7in dikkat edilmesi gerekenlere birlikte bakal\u0131m.","breadcrumb":{"@id":"https:\/\/www.quickcarbon.com\/tr\/blog\/karbon-ayak-izi-hesaplama-yontemleri\/#breadcrumb"},"inLanguage":"tr","potentialAction":[{"@type":"ReadAction","target":["https:\/\/www.quickcarbon.com\/tr\/blog\/karbon-ayak-izi-hesaplama-yontemleri\/"]}]},{"@type":"ImageObject","inLanguage":"tr","@id":"https:\/\/www.quickcarbon.com\/tr\/blog\/karbon-ayak-izi-hesaplama-yontemleri\/#primaryimage","url":"https:\/\/www.quickcarbon.com\/tr\/wp-content\/uploads\/2025\/01\/22_Kapak-Gorsel.jpg","contentUrl":"https:\/\/www.quickcarbon.com\/tr\/wp-content\/uploads\/2025\/01\/22_Kapak-Gorsel.jpg","width":1072,"height":666},{"@type":"BreadcrumbList","@id":"https:\/\/www.quickcarbon.com\/tr\/blog\/karbon-ayak-izi-hesaplama-yontemleri\/#breadcrumb","itemListElement":[{"@type":"ListItem","position":1,"name":"Ana Sayfa","item":"https:\/\/www.quickcarbon.com\/tr\/"},{"@type":"ListItem","position":2,"name":"Karbon Ayak \u0130zi Hesaplama Y\u00f6ntemleri"}]},{"@type":"WebSite","@id":"https:\/\/www.quickcarbon.com\/tr\/#website","url":"https:\/\/www.quickcarbon.com\/tr\/","name":"QuickCarbon","description":"Take Control of Your Corporate Carbon Footprint","publisher":{"@id":"https:\/\/www.quickcarbon.com\/tr\/#organization"},"alternateName":"QC","potentialAction":[{"@type":"SearchAction","target":{"@type":"EntryPoint","urlTemplate":"https:\/\/www.quickcarbon.com\/tr\/?s={search_term_string}"},"query-input":{"@type":"PropertyValueSpecification","valueRequired":true,"valueName":"search_term_string"}}],"inLanguage":"tr"},{"@type":"Organization","@id":"https:\/\/www.quickcarbon.com\/tr\/#organization","name":"QuickCarbon","alternateName":"QC","url":"https:\/\/www.quickcarbon.com\/tr\/","logo":{"@type":"ImageObject","inLanguage":"tr","@id":"https:\/\/www.quickcarbon.com\/tr\/#\/schema\/logo\/image\/","url":"https:\/\/www.quickcarbon.com\/tr\/wp-content\/uploads\/2023\/09\/cropped-qc_favicon-1.png","contentUrl":"https:\/\/www.quickcarbon.com\/tr\/wp-content\/uploads\/2023\/09\/cropped-qc_favicon-1.png","width":512,"height":512,"caption":"QuickCarbon"},"image":{"@id":"https:\/\/www.quickcarbon.com\/tr\/#\/schema\/logo\/image\/"},"sameAs":["https:\/\/www.facebook.com\/quickcarbon\/","https:\/\/x.com\/QuickCarbon_Tr","https:\/\/www.instagram.com\/quickcarbon_official\/","https:\/\/www.linkedin.com\/showcase\/quickcarbon-\/"]},{"@type":"Person","@id":"https:\/\/www.quickcarbon.com\/tr\/#\/schema\/person\/e9ff9b7b560010798b00c0355cb606f1","name":"Elif Akko\u00e7","image":{"@type":"ImageObject","inLanguage":"tr","@id":"https:\/\/www.quickcarbon.com\/tr\/#\/schema\/person\/image\/","url":"https:\/\/secure.gravatar.com\/avatar\/1419d3d4829046468ad9f261eb84b5e321805c1b4084d3d1c85c0de62b0330de?s=96&d=mm&r=g","contentUrl":"https:\/\/secure.gravatar.com\/avatar\/1419d3d4829046468ad9f261eb84b5e321805c1b4084d3d1c85c0de62b0330de?s=96&d=mm&r=g","caption":"Elif Akko\u00e7"},"sameAs":["https:\/\/www.quickcarbon.com\/"]}]}},"_links":{"self":[{"href":"https:\/\/www.quickcarbon.com\/tr\/wp-json\/wp\/v2\/posts\/1784","targetHints":{"allow":["GET"]}}],"collection":[{"href":"https:\/\/www.quickcarbon.com\/tr\/wp-json\/wp\/v2\/posts"}],"about":[{"href":"https:\/\/www.quickcarbon.com\/tr\/wp-json\/wp\/v2\/types\/post"}],"author":[{"embeddable":true,"href":"https:\/\/www.quickcarbon.com\/tr\/wp-json\/wp\/v2\/users\/3"}],"replies":[{"embeddable":true,"href":"https:\/\/www.quickcarbon.com\/tr\/wp-json\/wp\/v2\/comments?post=1784"}],"version-history":[{"count":1,"href":"https:\/\/www.quickcarbon.com\/tr\/wp-json\/wp\/v2\/posts\/1784\/revisions"}],"predecessor-version":[{"id":1790,"href":"https:\/\/www.quickcarbon.com\/tr\/wp-json\/wp\/v2\/posts\/1784\/revisions\/1790"}],"wp:featuredmedia":[{"embeddable":true,"href":"https:\/\/www.quickcarbon.com\/tr\/wp-json\/wp\/v2\/media\/1789"}],"wp:attachment":[{"href":"https:\/\/www.quickcarbon.com\/tr\/wp-json\/wp\/v2\/media?parent=1784"}],"wp:term":[{"taxonomy":"category","embeddable":true,"href":"https:\/\/www.quickcarbon.com\/tr\/wp-json\/wp\/v2\/categories?post=1784"},{"taxonomy":"post_tag","embeddable":true,"href":"https:\/\/www.quickcarbon.com\/tr\/wp-json\/wp\/v2\/tags?post=1784"}],"curies":[{"name":"wp","href":"https:\/\/api.w.org\/{rel}","templated":true}]}}