{"id":1791,"date":"2025-01-09T11:41:52","date_gmt":"2025-01-09T08:41:52","guid":{"rendered":"https:\/\/www.quickcarbon.com\/tr\/?p=1791"},"modified":"2025-01-09T11:43:51","modified_gmt":"2025-01-09T08:43:51","slug":"ekolojik-ayak-izi-azaltma-yontemleri","status":"publish","type":"post","link":"https:\/\/www.quickcarbon.com\/tr\/blog\/ekolojik-ayak-izi-azaltma-yontemleri\/","title":{"rendered":"Ekolojik Ayak \u0130zi Azaltma Y\u00f6ntemleri"},"content":{"rendered":"\n<p>\u0130lk olarak 1990 y\u0131l\u0131nda tan\u0131t\u0131lan ekolojik ayak izi kavram\u0131, insan faaliyetleriyle ili\u015fkili \u00e7evresel etkilerin de\u011ferlendirilmesi i\u00e7in bir \u00f6l\u00e7\u00fct sunar. \u00d6zellikle iklim de\u011fi\u015fikli\u011fiyle ilgili sorunlar\u0131n t\u00fcm d\u00fcnyada endi\u015fe yaratan bir durum olmas\u0131, ekolojik ayak izini daha s\u0131k kar\u015f\u0131la\u015f\u0131lan bir kavram h\u00e2line getirdi. Bu durum g\u00fcn\u00fcm\u00fczde bir\u00e7ok bireyi, \u015firketleri ve i\u015fletmeleri s\u00fcrd\u00fcr\u00fclebilir bir gelece\u011fe y\u00f6nelik ad\u0131mlar atmaya te\u015fvik ediyor.<\/p>\n\n\n\n<h2 class=\"wp-block-heading\"><strong>Ekolojik Ayak \u0130zi<\/strong><\/h2>\n\n\n\n<figure class=\"wp-block-image\"><img loading=\"lazy\" decoding=\"async\" width=\"1072\" height=\"666\" src=\"https:\/\/www.quickcarbon.com\/tr\/wp-content\/uploads\/2025\/01\/Ekolojik-Ayak-I\u2560czi.jpg\" alt=\"\" class=\"wp-image-1794\" srcset=\"https:\/\/www.quickcarbon.com\/tr\/wp-content\/uploads\/2025\/01\/Ekolojik-Ayak-I\u2560czi.jpg 1072w, https:\/\/www.quickcarbon.com\/tr\/wp-content\/uploads\/2025\/01\/Ekolojik-Ayak-I\u2560czi-300x186.jpg 300w, https:\/\/www.quickcarbon.com\/tr\/wp-content\/uploads\/2025\/01\/Ekolojik-Ayak-I\u2560czi-1024x636.jpg 1024w, https:\/\/www.quickcarbon.com\/tr\/wp-content\/uploads\/2025\/01\/Ekolojik-Ayak-I\u2560czi-768x477.jpg 768w\" sizes=\"auto, (max-width: 1072px) 100vw, 1072px\" \/><\/figure>\n\n\n\n<p>Bir bireyin ya da toplulu\u011fun \u00e7evre \u00fczerindeki etkilerini \u00f6l\u00e7en ekolojik ayak izi, t\u00fcketilen do\u011fal kaynaklar\u0131n miktar\u0131 olarak da ifade edilebilir. Genellikle k\u00fcresel hektar (gha) cinsinden ifade edilen ekolojik ayak izi, kaynaklar\u0131n t\u00fcketilme ve at\u0131klar\u0131n \u00fcretilme h\u0131z\u0131n\u0131 \u00f6l\u00e7er. Ekolojik ayak izinden kaynaklanan bile\u015fenler aras\u0131nda karbon ayak izi ve su ayak izi de yer al\u0131r.<\/p>\n\n\n\n<p>Ekolojik ayak izi, profesyonellerin her bireyin ihtiya\u00e7lar\u0131n\u0131 kar\u015f\u0131lamak i\u00e7in ihtiya\u00e7 duyduklar\u0131 arazi alan\u0131n\u0131 belirlemelerine imk\u00e2n sa\u011flar. Genellikle bir b\u00f6lgenin, bireyin ve k\u00fc\u00e7\u00fck, orta veya b\u00fcy\u00fck \u00f6l\u00e7ekli i\u015fletmenin varl\u0131\u011f\u0131n\u0131 s\u00fcrd\u00fcr\u00fclebilirli\u011fini hesaplamak amac\u0131yla kullan\u0131lan bir \u00f6l\u00e7\u00fcd\u00fcr.<\/p>\n\n\n\n<h2 class=\"wp-block-heading\"><strong>Ekolojik Ayak \u0130zi Azaltma Y\u00f6ntemleri<\/strong><\/h2>\n\n\n\n<p>Ekolojik ayak izini bireyin sadece kendi \u00e7abalar\u0131yla dahi azaltmas\u0131 m\u00fcmk\u00fcnd\u00fcr. Bu do\u011frultuda kolayl\u0131kla uygulanabilecek baz\u0131 etkin y\u00f6ntemler \u015fu \u015fekilde detayland\u0131r\u0131labilir:<\/p>\n\n\n\n<p class=\"has-medium-font-size\"><strong>\u00c7evre Dostu Bir Ula\u015f\u0131m Alternatifini Tercih Etmek<\/strong><\/p>\n\n\n\n<p>Ula\u015f\u0131m ekolojik ayak izinizi azaltman\u0131n en etkili yollar\u0131ndan biridir. Yap\u0131lan <a href=\"https:\/\/www.sciencedirect.com\/science\/article\/pii\/S0959652620319168\">ara\u015ft\u0131rmalar<\/a>, ula\u015f\u0131m sistemlerinin karbon ayak izine %23 oran\u0131nda \u00f6nemli bir katk\u0131 sa\u011flad\u0131\u011f\u0131n\u0131 ortaya koyuyor. Bu nedenle araba s\u00fcrmek yerine daha \u00e7evre dostu alternatiflere y\u00f6nelmek fayda sa\u011flayabilir. \u00d6rne\u011fin m\u00fcmk\u00fcn oldu\u011funca bisiklete binmek ya da y\u00fcr\u00fcmek ekolojik ayak izini azaltmaya yard\u0131mc\u0131 olabilir. \u00d6zellikle yak\u0131n mesafelerde gaz yakan bir ula\u015f\u0131m arac\u0131 yerine bireyin kendi fiziksel g\u00fcc\u00fcn\u00fc kullanmas\u0131 daha s\u00fcrd\u00fcr\u00fclebilir bir tercihtir. Hi\u00e7 araba sahibi olmamak da ekolojik ayak izini %20&#8217;ye kadar azaltabilir.<\/p>\n\n\n\n<p>Araba sahibi olunsa dahi arac\u0131 daha az kullanmak hem trafik s\u0131k\u0131\u015f\u0131kl\u0131\u011f\u0131n\u0131 azaltmaya hem \u015fehrin havas\u0131n\u0131n temiz tutulmas\u0131na katk\u0131 sa\u011flar. Bunun yan\u0131 s\u0131ra araca d\u00fczenli olarak bak\u0131m yapt\u0131rmak ve gerekli kontrolleri belli aral\u0131klarla sa\u011flamak da emisyon kontrol sistemini en \u00fcst seviyede tutmak a\u00e7\u0131s\u0131ndan \u00f6nemlidir. Ayr\u0131ca araban\u0131n lastiklerini yeterince \u015fi\u015firmek ve hava filtresini d\u00fczenli olarak kontrol ettirmek de gerekir.<\/p>\n\n\n\n<p>Uzak mesafelerde araba yerine toplu ta\u015f\u0131ma kullanmak da ekolojik ayak izini azaltma konusunda etkilidir. K\u0131sa yolculuklardaysa u\u00e7ak yerine tren ya da otob\u00fcs gibi ara\u00e7lar kullan\u0131labilir.<\/p>\n\n\n\n<p class=\"has-medium-font-size\"><strong>E\u015fyalar\u0131 S\u00fcrd\u00fcr\u00fclebilir \u015eekilde Kullanmak<\/strong><\/p>\n\n\n\n<p>E\u015fyalar\u0131 s\u00fcrd\u00fcr\u00fclebilir \u015fekilde kullanmak i\u00e7in dikkat edilebilecek baz\u0131 \u00f6nemli noktalar vard\u0131r. \u00d6rne\u011fin bozulan e\u015fyalar\u0131n onar\u0131lmas\u0131 hem at\u0131k miktar\u0131n\u0131 azalt\u0131r hem yeni \u00fcr\u00fcn sat\u0131n alma ihtiyac\u0131n\u0131 ortadan kald\u0131r\u0131r. Kullan\u0131lmayacak e\u015fyalar\u0131 ihtiya\u00e7 duyan bireylere ba\u011f\u0131\u015flayarak da s\u00fcrd\u00fcr\u00fclebilirli\u011fe katk\u0131da bulunmak m\u00fcmk\u00fcnd\u00fcr. B\u00f6ylece e\u015fyalar\u0131n kullan\u0131m \u00f6mr\u00fc de uzat\u0131labilir.<\/p>\n\n\n\n<p>Tek kullan\u0131ml\u0131k \u00fcr\u00fcnler yerine tekrar tekrar kullan\u0131labilecek e\u015fyalar sat\u0131n almak da etkili bir stratejidir. \u00d6rne\u011fin pet \u015fi\u015fede sat\u0131lan sular\u0131 almak yerine tekrar doldurulabilir k\u00fc\u00e7\u00fck cam \u015fi\u015feler tercih edilebilir. S\u00fcrd\u00fcr\u00fclebilirli\u011fe katk\u0131 sa\u011flamak ad\u0131na al\u0131\u015fveri\u015flerde kullan\u0131lan po\u015fetler ve torbalar yerine bez \u00e7antalar tercih edilebilir.<\/p>\n\n\n\n<p class=\"has-medium-font-size\"><strong>Enerji Tasarrufu Sa\u011flayan Ev Aletlerine Y\u00f6nelmek<\/strong><\/p>\n\n\n\n<figure class=\"wp-block-image\"><img loading=\"lazy\" decoding=\"async\" width=\"1072\" height=\"666\" src=\"https:\/\/www.quickcarbon.com\/tr\/wp-content\/uploads\/2025\/01\/Enerji-Tasarrufu-Sag\u2560alayan-Ev-Aletlerine-Yo\u2560enelmek.jpg\" alt=\"\" class=\"wp-image-1795\" srcset=\"https:\/\/www.quickcarbon.com\/tr\/wp-content\/uploads\/2025\/01\/Enerji-Tasarrufu-Sag\u2560alayan-Ev-Aletlerine-Yo\u2560enelmek.jpg 1072w, https:\/\/www.quickcarbon.com\/tr\/wp-content\/uploads\/2025\/01\/Enerji-Tasarrufu-Sag\u2560alayan-Ev-Aletlerine-Yo\u2560enelmek-300x186.jpg 300w, https:\/\/www.quickcarbon.com\/tr\/wp-content\/uploads\/2025\/01\/Enerji-Tasarrufu-Sag\u2560alayan-Ev-Aletlerine-Yo\u2560enelmek-1024x636.jpg 1024w, https:\/\/www.quickcarbon.com\/tr\/wp-content\/uploads\/2025\/01\/Enerji-Tasarrufu-Sag\u2560alayan-Ev-Aletlerine-Yo\u2560enelmek-768x477.jpg 768w\" sizes=\"auto, (max-width: 1072px) 100vw, 1072px\" \/><\/figure>\n\n\n\n<p>Ev i\u015fleri i\u00e7in kullan\u0131lan bula\u015f\u0131k makinesi, f\u0131r\u0131n, elektrikli s\u00fcp\u00fcrge ya da buzdolab\u0131 gibi elektronik aletler y\u00fcksek d\u00fczeyde enerji t\u00fcketir. Bu cihazlar ekolojik ayak izine de \u00f6nemli \u00f6l\u00e7\u00fcde katk\u0131da bulunur. Ekolojik ayak izini azaltmak i\u00e7in enerji tasarrufu sa\u011flayan aletleri tercih etmek ve kullan\u0131lm\u0131\u015f \u00fcr\u00fcnleri g\u00fcvenli bir \u015fekilde bertaraf etmek son derece \u00f6nemlidir. Bunun i\u00e7in \u00f6zellikle s\u00fcrekli \u00e7al\u0131\u015fan buzdolab\u0131 gibi beyaz e\u015fyalar\u0131n ve s\u0131k\u00e7a kullan\u0131lan blender gibi aletlerin mutlaka en d\u00fc\u015f\u00fck enerji t\u00fcketimine sahip verimli s\u0131n\u0131flarda olmas\u0131 gerekir.<\/p>\n\n\n\n<p>Ayr\u0131ca tavan ve duvar yal\u0131t\u0131m\u0131na dikkat etmek ve \u00e7ift caml\u0131 pencereler kullanmak da faydal\u0131 olabilir. Bu sayede so\u011fuk havalarda s\u0131cakl\u0131k evin i\u00e7ine hapsedilerek enerji tasarrufu sa\u011flanabilir. Ayr\u0131ca \u0131s\u0131nmak i\u00e7in gerekli olan yak\u0131ttan da tasarruf edilebilir.<\/p>\n\n\n\n<p>Evde d\u00fc\u015f\u00fck ak\u0131\u015fl\u0131 du\u015f ba\u015fl\u0131klar\u0131 gibi enerji tasarruflu aletler tercih etmek de \u00f6nemlidir. Enerji t\u00fcketen tasar\u0131m \u00f6zelliklerine sahip aletler yerine geri d\u00f6n\u00fc\u015ft\u00fcr\u00fclm\u00fc\u015f malzemelerden \u00fcretilen ya da geri d\u00f6n\u00fc\u015f\u00fcm sistemleri bulunan \u00fcr\u00fcnleri tercih etmek faydal\u0131 olabilir. Ayr\u0131ca s\u00fcrd\u00fcr\u00fclebilir \u015fekilde \u00fcretilmi\u015f, ikinci el ya da geri d\u00f6n\u00fc\u015ft\u00fcr\u00fclm\u00fc\u015f mobilyalar da kullan\u0131labilir. Evde biyolojik olarak par\u00e7alanabilen ve toksik olmayan temizlik \u00fcr\u00fcnlerinin kullan\u0131lmas\u0131 da hem insan sa\u011fl\u0131\u011f\u0131 hem \u00e7evrenin korunmas\u0131 a\u00e7\u0131s\u0131ndan faydal\u0131d\u0131r.<\/p>\n\n\n\n<p class=\"has-medium-font-size\"><strong>Enerji Verimli Al\u0131\u015fkanl\u0131klar Edinmek<\/strong><\/p>\n\n\n\n<p>Ekolojik ayak izini azaltman\u0131n bir di\u011fer \u00f6nemli yolu da g\u00fcnl\u00fck aktivitelerde enerji tasarrufu sa\u011flayan yeni al\u0131\u015fkanl\u0131klar edinmektir. \u00d6zellikle yaz aylar\u0131nda klimay\u0131 daha az \u00e7al\u0131\u015ft\u0131rmak ya da do\u011fru s\u0131cakl\u0131k ayarlar\u0131n\u0131 yapmak, k\u0131\u015f aylar\u0131nda ise termostat\u0131 daha d\u00fc\u015f\u00fck tutmak fayda sa\u011flayabilir.<\/p>\n\n\n\n<p>Klima kullan\u0131m\u0131n\u0131 azaltmak i\u00e7in \u00f6zellikle r\u00fczg\u00e2rl\u0131 g\u00fcnlerde kap\u0131 ve pencereler a\u00e7\u0131k b\u0131rak\u0131larak serinlemeye \u00e7al\u0131\u015f\u0131labilir. Kliman\u0131n filtrelerini d\u00fczenli olarak kontrol etmek, temiz tutmak ve en y\u00fcksek verimlilikte \u00e7al\u0131\u015fmas\u0131n\u0131 sa\u011flamak ekolojik ayak izini azaltmaya yard\u0131mc\u0131 olabilir. Ayr\u0131ca elektronik cihazlar\u0131n kullan\u0131lmad\u0131\u011f\u0131 zamanlarda fi\u015fini \u00e7ekmeyi al\u0131\u015fkanl\u0131k h\u00e2line getirmek de etkili bir enerji verimlili\u011fi stratejisidir.<\/p>\n\n\n\n<p>Anahtarl\u0131 \u00e7oklu prizler \u00f6zellikle televizyon, ak\u0131ll\u0131 telefon ya da bilgisayar gibi cihazlar\u0131n kullan\u0131lmad\u0131\u011f\u0131 zamanlarda enerji t\u00fcketimini \u00f6nlemek i\u00e7in olduk\u00e7a kullan\u0131\u015fl\u0131d\u0131r. Bu prizler cihazlar\u0131n elektrik ak\u0131\u015f\u0131n\u0131 tamamen keserek gereksiz enerji kullan\u0131m\u0131n\u0131 \u00f6nler.<\/p>\n\n\n\n<p>K\u0131yafetleri b\u00fcy\u00fck \u00f6l\u00e7\u00fcde enerji t\u00fcketen \u00e7ama\u015f\u0131r kurutma makineleri yerine \u00f6zellikle s\u0131cak havalarda do\u011fal olarak kurutmay\u0131 tercih etmek enerji tasarrufuna yard\u0131mc\u0131 olur. Ayr\u0131ca dondurucunun ve buzdolab\u0131n\u0131n buzunu d\u00fczenli olarak \u00e7\u00f6zmek de ekolojik ayak izinin azalt\u0131lmas\u0131na b\u00fcy\u00fck katk\u0131 sa\u011flar.<\/p>\n\n\n\n<p class=\"has-medium-font-size\"><strong>T\u00fcketilen Yiyeceklerin Ayak \u0130zine Dikkat Etmek<\/strong><\/p>\n\n\n\n<p>Marketlerde sat\u0131lan yiyecekler de d\u00e2hil olmak \u00fczere t\u00fcketilen her besin karbon ayak izine katk\u0131da bulunur. T\u00fcketilen yiyeceklerin yerel olmas\u0131 karbon ayak izinin azalt\u0131lmas\u0131na yard\u0131mc\u0131 olabilir. Bunun nedeni yiyeceklerin uzun mesafeler boyunca ta\u015f\u0131nmas\u0131na gerek kalmamas\u0131 ve yak\u0131t t\u00fcketiminin az olmas\u0131d\u0131r. Ancak ula\u015f\u0131mdan kaynaklanan sera gaz\u0131 emisyonlar\u0131, g\u0131da kaynakl\u0131 emisyonlar\u0131n sadece k\u00fc\u00e7\u00fck bir k\u0131sm\u0131n\u0131 olu\u015fturur. Bu nedenle t\u00fcketilen g\u0131dalar\u0131n yerel olup olmad\u0131\u011f\u0131ndan ziyade t\u00fcr\u00fcne odaklanmak daha faydal\u0131 olabilir.<\/p>\n\n\n\n<p>G\u0131dalar\u0131n sera gaz\u0131 emisyonlar\u0131 aras\u0131nda b\u00fcy\u00fck farklar bulunur. \u00d6rne\u011fin bir kilogram s\u0131\u011f\u0131r etinin \u00fcretimi 60 kilogram sera gaz\u0131 sal\u0131n\u0131m\u0131na yol a\u00e7ar. Ancak bezelye kilogram ba\u015f\u0131na sadece 1 kilogram sera gaz\u0131 sal\u0131n\u0131m\u0131na neden olur.<\/p>\n\n\n\n<p>Genel olarak hayvansal g\u0131dalar bitki bazl\u0131 olanlardan daha y\u00fcksek bir ayak izine sahip olma e\u011filimindedir. K\u00fcmes hayvanlar\u0131 ve domuz eti s\u0131\u011f\u0131r etine k\u0131yasla daha d\u00fc\u015f\u00fck ayak izine sahip olsa da ekolojik ayak izine katk\u0131lar\u0131 bitki bazl\u0131 \u00e7o\u011fu g\u0131dadan daha fazlad\u0131r.<\/p>\n\n\n\n<p class=\"has-medium-font-size\"><strong>Su Tasarrufu Y\u00f6ntemlerini Uygulamak<\/strong><\/p>\n\n\n\n<figure class=\"wp-block-image\"><img loading=\"lazy\" decoding=\"async\" width=\"1072\" height=\"666\" src=\"https:\/\/www.quickcarbon.com\/tr\/wp-content\/uploads\/2025\/01\/Su-Tasarrufu-Yo\u2560entemlerini-Uygulamak.jpg\" alt=\"\" class=\"wp-image-1796\" srcset=\"https:\/\/www.quickcarbon.com\/tr\/wp-content\/uploads\/2025\/01\/Su-Tasarrufu-Yo\u2560entemlerini-Uygulamak.jpg 1072w, https:\/\/www.quickcarbon.com\/tr\/wp-content\/uploads\/2025\/01\/Su-Tasarrufu-Yo\u2560entemlerini-Uygulamak-300x186.jpg 300w, https:\/\/www.quickcarbon.com\/tr\/wp-content\/uploads\/2025\/01\/Su-Tasarrufu-Yo\u2560entemlerini-Uygulamak-1024x636.jpg 1024w, https:\/\/www.quickcarbon.com\/tr\/wp-content\/uploads\/2025\/01\/Su-Tasarrufu-Yo\u2560entemlerini-Uygulamak-768x477.jpg 768w\" sizes=\"auto, (max-width: 1072px) 100vw, 1072px\" \/><\/figure>\n\n\n\n<p>Su tasarrufu, enerji tasarrufu ve sera gaz\u0131 emisyonlar\u0131n\u0131n azalt\u0131lmas\u0131 a\u00e7\u0131s\u0131ndan kritik bir \u00f6neme sahiptir. Bunun nedeni suyun ta\u015f\u0131nmas\u0131 i\u00e7in \u00f6nemli miktarda yak\u0131t ve enerji kullan\u0131lmas\u0131d\u0131r.<\/p>\n\n\n\n<p>Ya\u015fam alanlar\u0131nda daha az su kullanarak ekolojik ayak izinin azalt\u0131lmas\u0131na katk\u0131da bulunmak m\u00fcmk\u00fcnd\u00fcr. Bunun i\u00e7in s\u0131k s\u0131k du\u015f almamak, \u00e7ama\u015f\u0131r ve bula\u015f\u0131k makinesini tamamen dolmadan \u00e7al\u0131\u015ft\u0131rmamak, el y\u0131karken ya da di\u015f f\u0131r\u00e7alarken durulama ve \u00e7alkalama a\u015famas\u0131na ge\u00e7ene kadar olan s\u00fcre zarf\u0131nda muslu\u011fu kapatmak faydal\u0131 olabilir. Ayr\u0131ca sulama yaparken hortum yerine bir sulama kab\u0131 kullanmak da gereksiz su harcanmas\u0131n\u0131n \u00f6n\u00fcne ge\u00e7me a\u00e7\u0131s\u0131ndan faydal\u0131d\u0131r.<\/p>\n\n\n\n<h2 class=\"wp-block-heading\"><strong>Karbon Ayak \u0130zini Azalt\u0131n ve S\u00fcrd\u00fcr\u00fclebilirli\u011fe Katk\u0131 Sa\u011flay\u0131n<\/strong><\/h2>\n\n\n\n<p>\u015eirketlerin ve i\u015fletmelerin \u00fcretim s\u00fcre\u00e7lerinden tedarik zincirine kadar pek \u00e7ok faaliyeti de ekolojik ayak izini b\u00fcy\u00fck \u00f6l\u00e7\u00fcde etkiler. Bu nedenle ekolojik ayak izini azaltmak i\u00e7in enerji verimlili\u011finin, \u00e7evre dostu politikalar\u0131n benimsemesi olduk\u00e7a \u00f6nemlidir.<\/p>\n\n\n\n<p>Siz de karbon ayak izinizi azalt\u0131p s\u00fcrd\u00fcr\u00fclebilirli\u011fe katk\u0131da bulunmak istiyorsan\u0131z QuickCarbon olarak size bu alanda etkili \u00e7\u00f6z\u00fcmler sunuyoruz. ISO 14064-1:2018 Standard\u0131 ve GHG Protokol\u00fc\u2019ne g\u00f6re hesaplama ve raporlama yapman\u0131z\u0131 sa\u011flayan kullan\u0131c\u0131 dostu <a href=\"https:\/\/www.quickcarbon.com\/tr\/\">QuickCarbon<\/a> yaz\u0131l\u0131m\u0131m\u0131zla firmalar\u0131n karbon emisyonlar\u0131n\u0131 azaltmas\u0131na yard\u0131mc\u0131 oluyoruz. QuickCarbon ile karbon ayak izinizi hesaplayabilir hem i\u015fletmenizi hem d\u00fcnyay\u0131 daha s\u00fcrd\u00fcr\u00fclebilir h\u00e2le getirebilirsiniz.<\/p>\n","protected":false},"excerpt":{"rendered":"<p>\u0130lk olarak 1990 y\u0131l\u0131nda tan\u0131t\u0131lan ekolojik ayak izi kavram\u0131, insan faaliyetleriyle ili\u015fkili \u00e7evresel etkilerin de\u011ferlendirilmesi i\u00e7in bir \u00f6l\u00e7\u00fct sunar. \u00d6zellikle iklim de\u011fi\u015fikli\u011fiyle ilgili sorunlar\u0131n t\u00fcm d\u00fcnyada endi\u015fe yaratan bir durum olmas\u0131, ekolojik ayak izini daha s\u0131k kar\u015f\u0131la\u015f\u0131lan bir kavram h\u00e2line getirdi. Bu durum g\u00fcn\u00fcm\u00fczde bir\u00e7ok bireyi, \u015firketleri ve i\u015fletmeleri s\u00fcrd\u00fcr\u00fclebilir bir gelece\u011fe y\u00f6nelik ad\u0131mlar atmaya te\u015fvik ediyor.<\/p>\n","protected":false},"author":3,"featured_media":1793,"comment_status":"closed","ping_status":"open","sticky":false,"template":"","format":"standard","meta":{"footnotes":""},"categories":[1],"tags":[24,68],"class_list":["post-1791","post","type-post","status-publish","format-standard","has-post-thumbnail","hentry","category-genel","tag-ekolojik-ayak-izi","tag-surdurulebilirlik"],"yoast_head":"<!-- This site is optimized with the Yoast SEO plugin v25.6 - https:\/\/yoast.com\/wordpress\/plugins\/seo\/ -->\n<title>Ekolojik Ayak \u0130zi Azaltma Y\u00f6ntemleri - QuickCarbon<\/title>\n<meta name=\"description\" content=\"\u0130lk olarak 1990 y\u0131l\u0131nda tan\u0131t\u0131lan ekolojik ayak izi kavram\u0131, insan faaliyetleriyle ili\u015fkili \u00e7evresel etkilerin de\u011ferlendirilmesi i\u00e7in bir \u00f6l\u00e7\u00fct sunar. \u00d6zellikle iklim de\u011fi\u015fikli\u011fiyle ilgili sorunlar\u0131n t\u00fcm d\u00fcnyada endi\u015fe yaratan bir durum olmas\u0131, ekolojik ayak izini daha s\u0131k kar\u015f\u0131la\u015f\u0131lan bir kavram h\u00e2line getirdi. Bu durum g\u00fcn\u00fcm\u00fczde bir\u00e7ok bireyi, \u015firketleri ve i\u015fletmeleri s\u00fcrd\u00fcr\u00fclebilir bir gelece\u011fe y\u00f6nelik ad\u0131mlar atmaya te\u015fvik ediyor.\" \/>\n<meta name=\"robots\" content=\"index, follow, max-snippet:-1, max-image-preview:large, max-video-preview:-1\" \/>\n<link rel=\"canonical\" href=\"https:\/\/www.quickcarbon.com\/tr\/blog\/ekolojik-ayak-izi-azaltma-yontemleri\/\" \/>\n<meta property=\"og:locale\" content=\"tr_TR\" \/>\n<meta property=\"og:type\" content=\"article\" \/>\n<meta property=\"og:title\" content=\"Ekolojik Ayak \u0130zi Azaltma Y\u00f6ntemleri - QuickCarbon\" \/>\n<meta property=\"og:description\" content=\"\u0130lk olarak 1990 y\u0131l\u0131nda tan\u0131t\u0131lan ekolojik ayak izi kavram\u0131, insan faaliyetleriyle ili\u015fkili \u00e7evresel etkilerin de\u011ferlendirilmesi i\u00e7in bir \u00f6l\u00e7\u00fct sunar. \u00d6zellikle iklim de\u011fi\u015fikli\u011fiyle ilgili sorunlar\u0131n t\u00fcm d\u00fcnyada endi\u015fe yaratan bir durum olmas\u0131, ekolojik ayak izini daha s\u0131k kar\u015f\u0131la\u015f\u0131lan bir kavram h\u00e2line getirdi. Bu durum g\u00fcn\u00fcm\u00fczde bir\u00e7ok bireyi, \u015firketleri ve i\u015fletmeleri s\u00fcrd\u00fcr\u00fclebilir bir gelece\u011fe y\u00f6nelik ad\u0131mlar atmaya te\u015fvik ediyor.\" \/>\n<meta property=\"og:url\" content=\"https:\/\/www.quickcarbon.com\/tr\/blog\/ekolojik-ayak-izi-azaltma-yontemleri\/\" \/>\n<meta property=\"og:site_name\" content=\"QuickCarbon\" \/>\n<meta property=\"article:publisher\" content=\"https:\/\/www.facebook.com\/quickcarbon\/\" \/>\n<meta property=\"article:published_time\" content=\"2025-01-09T08:41:52+00:00\" \/>\n<meta property=\"article:modified_time\" content=\"2025-01-09T08:43:51+00:00\" \/>\n<meta property=\"og:image\" content=\"https:\/\/www.quickcarbon.com\/tr\/wp-content\/uploads\/2025\/01\/27_Kapak-Gorsel.jpg\" \/>\n\t<meta property=\"og:image:width\" content=\"1072\" \/>\n\t<meta property=\"og:image:height\" content=\"666\" \/>\n\t<meta property=\"og:image:type\" content=\"image\/jpeg\" \/>\n<meta name=\"author\" content=\"Elif Akko\u00e7\" \/>\n<meta name=\"twitter:card\" content=\"summary_large_image\" \/>\n<meta name=\"twitter:creator\" content=\"@QuickCarbon_Tr\" \/>\n<meta name=\"twitter:site\" content=\"@QuickCarbon_Tr\" \/>\n<meta name=\"twitter:label1\" content=\"Written by\" \/>\n\t<meta name=\"twitter:data1\" content=\"Elif Akko\u00e7\" \/>\n\t<meta name=\"twitter:label2\" content=\"Est. reading time\" \/>\n\t<meta name=\"twitter:data2\" content=\"8 dakika\" \/>\n<script type=\"application\/ld+json\" class=\"yoast-schema-graph\">{\"@context\":\"https:\/\/schema.org\",\"@graph\":[{\"@type\":[\"Article\",\"BlogPosting\"],\"@id\":\"https:\/\/www.quickcarbon.com\/tr\/blog\/ekolojik-ayak-izi-azaltma-yontemleri\/#article\",\"isPartOf\":{\"@id\":\"https:\/\/www.quickcarbon.com\/tr\/blog\/ekolojik-ayak-izi-azaltma-yontemleri\/\"},\"author\":{\"name\":\"Elif Akko\u00e7\",\"@id\":\"https:\/\/www.quickcarbon.com\/tr\/#\/schema\/person\/e9ff9b7b560010798b00c0355cb606f1\"},\"headline\":\"Ekolojik Ayak \u0130zi Azaltma Y\u00f6ntemleri\",\"datePublished\":\"2025-01-09T08:41:52+00:00\",\"dateModified\":\"2025-01-09T08:43:51+00:00\",\"mainEntityOfPage\":{\"@id\":\"https:\/\/www.quickcarbon.com\/tr\/blog\/ekolojik-ayak-izi-azaltma-yontemleri\/\"},\"wordCount\":1592,\"publisher\":{\"@id\":\"https:\/\/www.quickcarbon.com\/tr\/#organization\"},\"image\":{\"@id\":\"https:\/\/www.quickcarbon.com\/tr\/blog\/ekolojik-ayak-izi-azaltma-yontemleri\/#primaryimage\"},\"thumbnailUrl\":\"https:\/\/www.quickcarbon.com\/tr\/wp-content\/uploads\/2025\/01\/27_Kapak-Gorsel.jpg\",\"keywords\":[\"ekolojik ayak izi\",\"s\u00fcrd\u00fcr\u00fclebilirlik\"],\"inLanguage\":\"tr\"},{\"@type\":\"WebPage\",\"@id\":\"https:\/\/www.quickcarbon.com\/tr\/blog\/ekolojik-ayak-izi-azaltma-yontemleri\/\",\"url\":\"https:\/\/www.quickcarbon.com\/tr\/blog\/ekolojik-ayak-izi-azaltma-yontemleri\/\",\"name\":\"Ekolojik Ayak \u0130zi Azaltma Y\u00f6ntemleri - QuickCarbon\",\"isPartOf\":{\"@id\":\"https:\/\/www.quickcarbon.com\/tr\/#website\"},\"primaryImageOfPage\":{\"@id\":\"https:\/\/www.quickcarbon.com\/tr\/blog\/ekolojik-ayak-izi-azaltma-yontemleri\/#primaryimage\"},\"image\":{\"@id\":\"https:\/\/www.quickcarbon.com\/tr\/blog\/ekolojik-ayak-izi-azaltma-yontemleri\/#primaryimage\"},\"thumbnailUrl\":\"https:\/\/www.quickcarbon.com\/tr\/wp-content\/uploads\/2025\/01\/27_Kapak-Gorsel.jpg\",\"datePublished\":\"2025-01-09T08:41:52+00:00\",\"dateModified\":\"2025-01-09T08:43:51+00:00\",\"description\":\"\u0130lk olarak 1990 y\u0131l\u0131nda tan\u0131t\u0131lan ekolojik ayak izi kavram\u0131, insan faaliyetleriyle ili\u015fkili \u00e7evresel etkilerin de\u011ferlendirilmesi i\u00e7in bir \u00f6l\u00e7\u00fct sunar. \u00d6zellikle iklim de\u011fi\u015fikli\u011fiyle ilgili sorunlar\u0131n t\u00fcm d\u00fcnyada endi\u015fe yaratan bir durum olmas\u0131, ekolojik ayak izini daha s\u0131k kar\u015f\u0131la\u015f\u0131lan bir kavram h\u00e2line getirdi. Bu durum g\u00fcn\u00fcm\u00fczde bir\u00e7ok bireyi, \u015firketleri ve i\u015fletmeleri s\u00fcrd\u00fcr\u00fclebilir bir gelece\u011fe y\u00f6nelik ad\u0131mlar atmaya te\u015fvik ediyor.\",\"breadcrumb\":{\"@id\":\"https:\/\/www.quickcarbon.com\/tr\/blog\/ekolojik-ayak-izi-azaltma-yontemleri\/#breadcrumb\"},\"inLanguage\":\"tr\",\"potentialAction\":[{\"@type\":\"ReadAction\",\"target\":[\"https:\/\/www.quickcarbon.com\/tr\/blog\/ekolojik-ayak-izi-azaltma-yontemleri\/\"]}]},{\"@type\":\"ImageObject\",\"inLanguage\":\"tr\",\"@id\":\"https:\/\/www.quickcarbon.com\/tr\/blog\/ekolojik-ayak-izi-azaltma-yontemleri\/#primaryimage\",\"url\":\"https:\/\/www.quickcarbon.com\/tr\/wp-content\/uploads\/2025\/01\/27_Kapak-Gorsel.jpg\",\"contentUrl\":\"https:\/\/www.quickcarbon.com\/tr\/wp-content\/uploads\/2025\/01\/27_Kapak-Gorsel.jpg\",\"width\":1072,\"height\":666},{\"@type\":\"BreadcrumbList\",\"@id\":\"https:\/\/www.quickcarbon.com\/tr\/blog\/ekolojik-ayak-izi-azaltma-yontemleri\/#breadcrumb\",\"itemListElement\":[{\"@type\":\"ListItem\",\"position\":1,\"name\":\"Ana Sayfa\",\"item\":\"https:\/\/www.quickcarbon.com\/tr\/\"},{\"@type\":\"ListItem\",\"position\":2,\"name\":\"Ekolojik Ayak \u0130zi Azaltma Y\u00f6ntemleri\"}]},{\"@type\":\"WebSite\",\"@id\":\"https:\/\/www.quickcarbon.com\/tr\/#website\",\"url\":\"https:\/\/www.quickcarbon.com\/tr\/\",\"name\":\"QuickCarbon\",\"description\":\"Take Control of Your Corporate Carbon Footprint\",\"publisher\":{\"@id\":\"https:\/\/www.quickcarbon.com\/tr\/#organization\"},\"alternateName\":\"QC\",\"potentialAction\":[{\"@type\":\"SearchAction\",\"target\":{\"@type\":\"EntryPoint\",\"urlTemplate\":\"https:\/\/www.quickcarbon.com\/tr\/?s={search_term_string}\"},\"query-input\":{\"@type\":\"PropertyValueSpecification\",\"valueRequired\":true,\"valueName\":\"search_term_string\"}}],\"inLanguage\":\"tr\"},{\"@type\":\"Organization\",\"@id\":\"https:\/\/www.quickcarbon.com\/tr\/#organization\",\"name\":\"QuickCarbon\",\"alternateName\":\"QC\",\"url\":\"https:\/\/www.quickcarbon.com\/tr\/\",\"logo\":{\"@type\":\"ImageObject\",\"inLanguage\":\"tr\",\"@id\":\"https:\/\/www.quickcarbon.com\/tr\/#\/schema\/logo\/image\/\",\"url\":\"https:\/\/www.quickcarbon.com\/tr\/wp-content\/uploads\/2023\/09\/cropped-qc_favicon-1.png\",\"contentUrl\":\"https:\/\/www.quickcarbon.com\/tr\/wp-content\/uploads\/2023\/09\/cropped-qc_favicon-1.png\",\"width\":512,\"height\":512,\"caption\":\"QuickCarbon\"},\"image\":{\"@id\":\"https:\/\/www.quickcarbon.com\/tr\/#\/schema\/logo\/image\/\"},\"sameAs\":[\"https:\/\/www.facebook.com\/quickcarbon\/\",\"https:\/\/x.com\/QuickCarbon_Tr\",\"https:\/\/www.instagram.com\/quickcarbon_official\/\",\"https:\/\/www.linkedin.com\/showcase\/quickcarbon-\/\"]},{\"@type\":\"Person\",\"@id\":\"https:\/\/www.quickcarbon.com\/tr\/#\/schema\/person\/e9ff9b7b560010798b00c0355cb606f1\",\"name\":\"Elif Akko\u00e7\",\"image\":{\"@type\":\"ImageObject\",\"inLanguage\":\"tr\",\"@id\":\"https:\/\/www.quickcarbon.com\/tr\/#\/schema\/person\/image\/\",\"url\":\"https:\/\/secure.gravatar.com\/avatar\/1419d3d4829046468ad9f261eb84b5e321805c1b4084d3d1c85c0de62b0330de?s=96&d=mm&r=g\",\"contentUrl\":\"https:\/\/secure.gravatar.com\/avatar\/1419d3d4829046468ad9f261eb84b5e321805c1b4084d3d1c85c0de62b0330de?s=96&d=mm&r=g\",\"caption\":\"Elif Akko\u00e7\"},\"sameAs\":[\"https:\/\/www.quickcarbon.com\/\"]}]}<\/script>\n<!-- \/ Yoast SEO plugin. -->","yoast_head_json":{"title":"Ekolojik Ayak \u0130zi Azaltma Y\u00f6ntemleri - QuickCarbon","description":"\u0130lk olarak 1990 y\u0131l\u0131nda tan\u0131t\u0131lan ekolojik ayak izi kavram\u0131, insan faaliyetleriyle ili\u015fkili \u00e7evresel etkilerin de\u011ferlendirilmesi i\u00e7in bir \u00f6l\u00e7\u00fct sunar. \u00d6zellikle iklim de\u011fi\u015fikli\u011fiyle ilgili sorunlar\u0131n t\u00fcm d\u00fcnyada endi\u015fe yaratan bir durum olmas\u0131, ekolojik ayak izini daha s\u0131k kar\u015f\u0131la\u015f\u0131lan bir kavram h\u00e2line getirdi. Bu durum g\u00fcn\u00fcm\u00fczde bir\u00e7ok bireyi, \u015firketleri ve i\u015fletmeleri s\u00fcrd\u00fcr\u00fclebilir bir gelece\u011fe y\u00f6nelik ad\u0131mlar atmaya te\u015fvik ediyor.","robots":{"index":"index","follow":"follow","max-snippet":"max-snippet:-1","max-image-preview":"max-image-preview:large","max-video-preview":"max-video-preview:-1"},"canonical":"https:\/\/www.quickcarbon.com\/tr\/blog\/ekolojik-ayak-izi-azaltma-yontemleri\/","og_locale":"tr_TR","og_type":"article","og_title":"Ekolojik Ayak \u0130zi Azaltma Y\u00f6ntemleri - QuickCarbon","og_description":"\u0130lk olarak 1990 y\u0131l\u0131nda tan\u0131t\u0131lan ekolojik ayak izi kavram\u0131, insan faaliyetleriyle ili\u015fkili \u00e7evresel etkilerin de\u011ferlendirilmesi i\u00e7in bir \u00f6l\u00e7\u00fct sunar. \u00d6zellikle iklim de\u011fi\u015fikli\u011fiyle ilgili sorunlar\u0131n t\u00fcm d\u00fcnyada endi\u015fe yaratan bir durum olmas\u0131, ekolojik ayak izini daha s\u0131k kar\u015f\u0131la\u015f\u0131lan bir kavram h\u00e2line getirdi. Bu durum g\u00fcn\u00fcm\u00fczde bir\u00e7ok bireyi, \u015firketleri ve i\u015fletmeleri s\u00fcrd\u00fcr\u00fclebilir bir gelece\u011fe y\u00f6nelik ad\u0131mlar atmaya te\u015fvik ediyor.","og_url":"https:\/\/www.quickcarbon.com\/tr\/blog\/ekolojik-ayak-izi-azaltma-yontemleri\/","og_site_name":"QuickCarbon","article_publisher":"https:\/\/www.facebook.com\/quickcarbon\/","article_published_time":"2025-01-09T08:41:52+00:00","article_modified_time":"2025-01-09T08:43:51+00:00","og_image":[{"width":1072,"height":666,"url":"https:\/\/www.quickcarbon.com\/tr\/wp-content\/uploads\/2025\/01\/27_Kapak-Gorsel.jpg","type":"image\/jpeg"}],"author":"Elif Akko\u00e7","twitter_card":"summary_large_image","twitter_creator":"@QuickCarbon_Tr","twitter_site":"@QuickCarbon_Tr","twitter_misc":{"Written by":"Elif Akko\u00e7","Est. reading time":"8 dakika"},"schema":{"@context":"https:\/\/schema.org","@graph":[{"@type":["Article","BlogPosting"],"@id":"https:\/\/www.quickcarbon.com\/tr\/blog\/ekolojik-ayak-izi-azaltma-yontemleri\/#article","isPartOf":{"@id":"https:\/\/www.quickcarbon.com\/tr\/blog\/ekolojik-ayak-izi-azaltma-yontemleri\/"},"author":{"name":"Elif Akko\u00e7","@id":"https:\/\/www.quickcarbon.com\/tr\/#\/schema\/person\/e9ff9b7b560010798b00c0355cb606f1"},"headline":"Ekolojik Ayak \u0130zi Azaltma Y\u00f6ntemleri","datePublished":"2025-01-09T08:41:52+00:00","dateModified":"2025-01-09T08:43:51+00:00","mainEntityOfPage":{"@id":"https:\/\/www.quickcarbon.com\/tr\/blog\/ekolojik-ayak-izi-azaltma-yontemleri\/"},"wordCount":1592,"publisher":{"@id":"https:\/\/www.quickcarbon.com\/tr\/#organization"},"image":{"@id":"https:\/\/www.quickcarbon.com\/tr\/blog\/ekolojik-ayak-izi-azaltma-yontemleri\/#primaryimage"},"thumbnailUrl":"https:\/\/www.quickcarbon.com\/tr\/wp-content\/uploads\/2025\/01\/27_Kapak-Gorsel.jpg","keywords":["ekolojik ayak izi","s\u00fcrd\u00fcr\u00fclebilirlik"],"inLanguage":"tr"},{"@type":"WebPage","@id":"https:\/\/www.quickcarbon.com\/tr\/blog\/ekolojik-ayak-izi-azaltma-yontemleri\/","url":"https:\/\/www.quickcarbon.com\/tr\/blog\/ekolojik-ayak-izi-azaltma-yontemleri\/","name":"Ekolojik Ayak \u0130zi Azaltma Y\u00f6ntemleri - QuickCarbon","isPartOf":{"@id":"https:\/\/www.quickcarbon.com\/tr\/#website"},"primaryImageOfPage":{"@id":"https:\/\/www.quickcarbon.com\/tr\/blog\/ekolojik-ayak-izi-azaltma-yontemleri\/#primaryimage"},"image":{"@id":"https:\/\/www.quickcarbon.com\/tr\/blog\/ekolojik-ayak-izi-azaltma-yontemleri\/#primaryimage"},"thumbnailUrl":"https:\/\/www.quickcarbon.com\/tr\/wp-content\/uploads\/2025\/01\/27_Kapak-Gorsel.jpg","datePublished":"2025-01-09T08:41:52+00:00","dateModified":"2025-01-09T08:43:51+00:00","description":"\u0130lk olarak 1990 y\u0131l\u0131nda tan\u0131t\u0131lan ekolojik ayak izi kavram\u0131, insan faaliyetleriyle ili\u015fkili \u00e7evresel etkilerin de\u011ferlendirilmesi i\u00e7in bir \u00f6l\u00e7\u00fct sunar. \u00d6zellikle iklim de\u011fi\u015fikli\u011fiyle ilgili sorunlar\u0131n t\u00fcm d\u00fcnyada endi\u015fe yaratan bir durum olmas\u0131, ekolojik ayak izini daha s\u0131k kar\u015f\u0131la\u015f\u0131lan bir kavram h\u00e2line getirdi. Bu durum g\u00fcn\u00fcm\u00fczde bir\u00e7ok bireyi, \u015firketleri ve i\u015fletmeleri s\u00fcrd\u00fcr\u00fclebilir bir gelece\u011fe y\u00f6nelik ad\u0131mlar atmaya te\u015fvik ediyor.","breadcrumb":{"@id":"https:\/\/www.quickcarbon.com\/tr\/blog\/ekolojik-ayak-izi-azaltma-yontemleri\/#breadcrumb"},"inLanguage":"tr","potentialAction":[{"@type":"ReadAction","target":["https:\/\/www.quickcarbon.com\/tr\/blog\/ekolojik-ayak-izi-azaltma-yontemleri\/"]}]},{"@type":"ImageObject","inLanguage":"tr","@id":"https:\/\/www.quickcarbon.com\/tr\/blog\/ekolojik-ayak-izi-azaltma-yontemleri\/#primaryimage","url":"https:\/\/www.quickcarbon.com\/tr\/wp-content\/uploads\/2025\/01\/27_Kapak-Gorsel.jpg","contentUrl":"https:\/\/www.quickcarbon.com\/tr\/wp-content\/uploads\/2025\/01\/27_Kapak-Gorsel.jpg","width":1072,"height":666},{"@type":"BreadcrumbList","@id":"https:\/\/www.quickcarbon.com\/tr\/blog\/ekolojik-ayak-izi-azaltma-yontemleri\/#breadcrumb","itemListElement":[{"@type":"ListItem","position":1,"name":"Ana Sayfa","item":"https:\/\/www.quickcarbon.com\/tr\/"},{"@type":"ListItem","position":2,"name":"Ekolojik Ayak \u0130zi Azaltma Y\u00f6ntemleri"}]},{"@type":"WebSite","@id":"https:\/\/www.quickcarbon.com\/tr\/#website","url":"https:\/\/www.quickcarbon.com\/tr\/","name":"QuickCarbon","description":"Take Control of Your Corporate Carbon Footprint","publisher":{"@id":"https:\/\/www.quickcarbon.com\/tr\/#organization"},"alternateName":"QC","potentialAction":[{"@type":"SearchAction","target":{"@type":"EntryPoint","urlTemplate":"https:\/\/www.quickcarbon.com\/tr\/?s={search_term_string}"},"query-input":{"@type":"PropertyValueSpecification","valueRequired":true,"valueName":"search_term_string"}}],"inLanguage":"tr"},{"@type":"Organization","@id":"https:\/\/www.quickcarbon.com\/tr\/#organization","name":"QuickCarbon","alternateName":"QC","url":"https:\/\/www.quickcarbon.com\/tr\/","logo":{"@type":"ImageObject","inLanguage":"tr","@id":"https:\/\/www.quickcarbon.com\/tr\/#\/schema\/logo\/image\/","url":"https:\/\/www.quickcarbon.com\/tr\/wp-content\/uploads\/2023\/09\/cropped-qc_favicon-1.png","contentUrl":"https:\/\/www.quickcarbon.com\/tr\/wp-content\/uploads\/2023\/09\/cropped-qc_favicon-1.png","width":512,"height":512,"caption":"QuickCarbon"},"image":{"@id":"https:\/\/www.quickcarbon.com\/tr\/#\/schema\/logo\/image\/"},"sameAs":["https:\/\/www.facebook.com\/quickcarbon\/","https:\/\/x.com\/QuickCarbon_Tr","https:\/\/www.instagram.com\/quickcarbon_official\/","https:\/\/www.linkedin.com\/showcase\/quickcarbon-\/"]},{"@type":"Person","@id":"https:\/\/www.quickcarbon.com\/tr\/#\/schema\/person\/e9ff9b7b560010798b00c0355cb606f1","name":"Elif Akko\u00e7","image":{"@type":"ImageObject","inLanguage":"tr","@id":"https:\/\/www.quickcarbon.com\/tr\/#\/schema\/person\/image\/","url":"https:\/\/secure.gravatar.com\/avatar\/1419d3d4829046468ad9f261eb84b5e321805c1b4084d3d1c85c0de62b0330de?s=96&d=mm&r=g","contentUrl":"https:\/\/secure.gravatar.com\/avatar\/1419d3d4829046468ad9f261eb84b5e321805c1b4084d3d1c85c0de62b0330de?s=96&d=mm&r=g","caption":"Elif Akko\u00e7"},"sameAs":["https:\/\/www.quickcarbon.com\/"]}]}},"_links":{"self":[{"href":"https:\/\/www.quickcarbon.com\/tr\/wp-json\/wp\/v2\/posts\/1791","targetHints":{"allow":["GET"]}}],"collection":[{"href":"https:\/\/www.quickcarbon.com\/tr\/wp-json\/wp\/v2\/posts"}],"about":[{"href":"https:\/\/www.quickcarbon.com\/tr\/wp-json\/wp\/v2\/types\/post"}],"author":[{"embeddable":true,"href":"https:\/\/www.quickcarbon.com\/tr\/wp-json\/wp\/v2\/users\/3"}],"replies":[{"embeddable":true,"href":"https:\/\/www.quickcarbon.com\/tr\/wp-json\/wp\/v2\/comments?post=1791"}],"version-history":[{"count":2,"href":"https:\/\/www.quickcarbon.com\/tr\/wp-json\/wp\/v2\/posts\/1791\/revisions"}],"predecessor-version":[{"id":1797,"href":"https:\/\/www.quickcarbon.com\/tr\/wp-json\/wp\/v2\/posts\/1791\/revisions\/1797"}],"wp:featuredmedia":[{"embeddable":true,"href":"https:\/\/www.quickcarbon.com\/tr\/wp-json\/wp\/v2\/media\/1793"}],"wp:attachment":[{"href":"https:\/\/www.quickcarbon.com\/tr\/wp-json\/wp\/v2\/media?parent=1791"}],"wp:term":[{"taxonomy":"category","embeddable":true,"href":"https:\/\/www.quickcarbon.com\/tr\/wp-json\/wp\/v2\/categories?post=1791"},{"taxonomy":"post_tag","embeddable":true,"href":"https:\/\/www.quickcarbon.com\/tr\/wp-json\/wp\/v2\/tags?post=1791"}],"curies":[{"name":"wp","href":"https:\/\/api.w.org\/{rel}","templated":true}]}}