{"id":1981,"date":"2025-12-12T14:21:19","date_gmt":"2025-12-12T11:21:19","guid":{"rendered":"https:\/\/www.quickcarbon.com\/tr\/?p=1981"},"modified":"2025-12-12T14:21:20","modified_gmt":"2025-12-12T11:21:20","slug":"iklim-adaleti-nedir","status":"publish","type":"post","link":"https:\/\/www.quickcarbon.com\/tr\/blog\/iklim-adaleti-nedir\/","title":{"rendered":"\u0130klim Adaleti Nedir?"},"content":{"rendered":"\n<figure class=\"wp-block-image\"><img loading=\"lazy\" decoding=\"async\" width=\"2560\" height=\"1709\" src=\"https:\/\/www.quickcarbon.com\/tr\/wp-content\/uploads\/2025\/12\/pexels-pavel-danilyuk-8112199-1.jpg\" alt=\"\" class=\"wp-image-1986\" srcset=\"https:\/\/www.quickcarbon.com\/tr\/wp-content\/uploads\/2025\/12\/pexels-pavel-danilyuk-8112199-1.jpg 2560w, https:\/\/www.quickcarbon.com\/tr\/wp-content\/uploads\/2025\/12\/pexels-pavel-danilyuk-8112199-1-300x200.jpg 300w, https:\/\/www.quickcarbon.com\/tr\/wp-content\/uploads\/2025\/12\/pexels-pavel-danilyuk-8112199-1-1024x684.jpg 1024w, https:\/\/www.quickcarbon.com\/tr\/wp-content\/uploads\/2025\/12\/pexels-pavel-danilyuk-8112199-1-768x513.jpg 768w, https:\/\/www.quickcarbon.com\/tr\/wp-content\/uploads\/2025\/12\/pexels-pavel-danilyuk-8112199-1-1536x1025.jpg 1536w, https:\/\/www.quickcarbon.com\/tr\/wp-content\/uploads\/2025\/12\/pexels-pavel-danilyuk-8112199-1-2048x1367.jpg 2048w\" sizes=\"auto, (max-width: 2560px) 100vw, 2560px\" \/><\/figure>\n\n\n\n<p>\u0130klim de\u011fi\u015fikli\u011fi art\u0131k yaln\u0131zca \u00e7evresel bir konu de\u011fil; k\u00fcresel \u00f6l\u00e7ekte ekonomik dengeleri, i\u015f g\u00fcc\u00fcn\u00fc, tedarik zincirlerini ve toplumsal refah\u0131 etkileyen \u00e7ok boyutlu bir risk alan\u0131. Bu nedenle son y\u0131llarda \u201ciklim adaleti\u201d kavram\u0131, s\u00fcrd\u00fcr\u00fclebilirlik stratejilerinin ve kurumsal d\u00f6n\u00fc\u015f\u00fcm politikalar\u0131n\u0131n \u00f6nemli bir par\u00e7as\u0131 h\u00e2line geldi.<\/p>\n\n\n\n<p class=\"has-medium-font-size\"><strong>\u0130klim Adaleti Tan\u0131m\u0131<\/strong><\/p>\n\n\n\n<p>\u0130klim adaleti, iklim de\u011fi\u015fikli\u011finin etkilerinin ve bu etkilerle m\u00fccadele i\u00e7in gereken maliyetlerin&nbsp;\u00fclkeler, sekt\u00f6rler, topluluklar ve ekonomik gruplar aras\u0131nda adil bi\u00e7imde da\u011f\u0131t\u0131lmas\u0131&nbsp;gerekti\u011fini savunan bir \u00e7er\u00e7evedir.<br>Bu yakla\u015f\u0131m, \u015fu sorulara yan\u0131t arar:<\/p>\n\n\n\n<ul class=\"wp-block-list\">\n<li>Kimler iklim de\u011fi\u015fikli\u011fine daha fazla neden oluyor?<\/li>\n\n\n\n<li>Kimler etkilerden orant\u0131s\u0131z bi\u00e7imde etkileniyor?<\/li>\n\n\n\n<li>\u00c7\u00f6z\u00fcm i\u00e7in maliyet ve sorumluluk nas\u0131l payla\u015f\u0131lmal\u0131?<\/li>\n<\/ul>\n\n\n\n<p>Dolay\u0131s\u0131yla iklim adaleti, yaln\u0131zca etik bir kavram de\u011fil;&nbsp;risk y\u00f6netimi, finansal dayan\u0131kl\u0131l\u0131k ve s\u00fcrd\u00fcr\u00fclebilir kalk\u0131nma&nbsp;a\u00e7\u0131s\u0131ndan da kritik bir prensiptir.<\/p>\n\n\n\n<p class=\"has-medium-font-size\"><strong>Neden \u00d6nemli? Ekonomik ve Kurumsal Boyut<\/strong><\/p>\n\n\n\n<p><strong>1. Farkl\u0131 Co\u011frafyalar\u0131n Farkl\u0131 K\u0131r\u0131lganl\u0131klar\u0131<\/strong><\/p>\n\n\n\n<p>\u0130klim krizinin olu\u015fturmaya ba\u015flad\u0131\u011f\u0131 maliyetler (sel, kurakl\u0131k, s\u0131cak hava dalgalar\u0131, su stresi vb.) co\u011frafyalar aras\u0131nda e\u015fit da\u011f\u0131lm\u0131yor.<br>Orta gelirli ve k\u0131r\u0131lgan b\u00f6lgelerde altyap\u0131 eksikli\u011fi nedeniyle ayn\u0131 olay daha y\u00fcksek ekonomik kayba neden olabiliyor.<\/p>\n\n\n\n<figure class=\"wp-block-image\"><img loading=\"lazy\" decoding=\"async\" width=\"2560\" height=\"1707\" src=\"https:\/\/www.quickcarbon.com\/tr\/wp-content\/uploads\/2025\/12\/pexels-ralph-w-lambrecht-642090-1446076.jpg\" alt=\"\" class=\"wp-image-1984\" srcset=\"https:\/\/www.quickcarbon.com\/tr\/wp-content\/uploads\/2025\/12\/pexels-ralph-w-lambrecht-642090-1446076.jpg 2560w, https:\/\/www.quickcarbon.com\/tr\/wp-content\/uploads\/2025\/12\/pexels-ralph-w-lambrecht-642090-1446076-300x200.jpg 300w, https:\/\/www.quickcarbon.com\/tr\/wp-content\/uploads\/2025\/12\/pexels-ralph-w-lambrecht-642090-1446076-1024x683.jpg 1024w, https:\/\/www.quickcarbon.com\/tr\/wp-content\/uploads\/2025\/12\/pexels-ralph-w-lambrecht-642090-1446076-768x512.jpg 768w, https:\/\/www.quickcarbon.com\/tr\/wp-content\/uploads\/2025\/12\/pexels-ralph-w-lambrecht-642090-1446076-1536x1024.jpg 1536w, https:\/\/www.quickcarbon.com\/tr\/wp-content\/uploads\/2025\/12\/pexels-ralph-w-lambrecht-642090-1446076-2048x1366.jpg 2048w\" sizes=\"auto, (max-width: 2560px) 100vw, 2560px\" \/><\/figure>\n\n\n\n<p>Bu durum, \u015firketlerin:<\/p>\n\n\n\n<ul class=\"wp-block-list\">\n<li>Tedarik zinciri risk analizleri,<\/li>\n\n\n\n<li>Lojistik planlamalar\u0131,<\/li>\n\n\n\n<li>Sigorta ve finansman s\u00fcre\u00e7leri,<\/li>\n\n\n\n<li>\u0130\u015f s\u00fcreklili\u011fi stratejileri<\/li>\n<\/ul>\n\n\n\n<p>\u00fczerinde do\u011frudan etkiye sahip.<\/p>\n\n\n\n<p><strong>2. Emisyon Sorumlulu\u011fu ve Adil Payla\u015f\u0131m<\/strong><\/p>\n\n\n\n<p>K\u00fcresel emisyonlar\u0131n \u00f6nemli b\u00f6l\u00fcm\u00fc y\u00fcksek gelirli \u00fclkeler ve karbon yo\u011fun sekt\u00f6rlerden kaynaklan\u0131rken, etkilerin b\u00fcy\u00fck b\u00f6l\u00fcm\u00fc k\u0131r\u0131lgan toplumlarda ortaya \u00e7\u0131k\u0131yor. Bu nedenle uluslararas\u0131 politikalar, finansman modelleri ve kurumsal raporlama standartlar\u0131 (CSRD, SEC, IFRS S2 vb.) giderek \u201cadil y\u00fck payla\u015f\u0131m\u0131\u201d ilkesini merkeze al\u0131yor.<\/p>\n\n\n\n<p>\u015eirketler a\u00e7\u0131s\u0131ndan bu durum:<\/p>\n\n\n\n<ul class=\"wp-block-list\">\n<li>Karbon ayak izi y\u00f6netimi,<\/li>\n\n\n\n<li>S\u00fcrd\u00fcr\u00fclebilir tedarik zinciri,<\/li>\n\n\n\n<li>Net s\u0131f\u0131r hedeflerine uygun ge\u00e7i\u015f planlar\u0131<\/li>\n<\/ul>\n\n\n\n<p>gibi alanlarda hem uyum hem de rekabet avantaj\u0131 gerektiriyor.<\/p>\n\n\n\n<figure class=\"wp-block-image\"><img loading=\"lazy\" decoding=\"async\" width=\"1920\" height=\"1280\" src=\"https:\/\/www.quickcarbon.com\/tr\/wp-content\/uploads\/2025\/12\/thumbnail_pexels-vince-2286715-7075789.jpg\" alt=\"\" class=\"wp-image-1985\" srcset=\"https:\/\/www.quickcarbon.com\/tr\/wp-content\/uploads\/2025\/12\/thumbnail_pexels-vince-2286715-7075789.jpg 1920w, https:\/\/www.quickcarbon.com\/tr\/wp-content\/uploads\/2025\/12\/thumbnail_pexels-vince-2286715-7075789-300x200.jpg 300w, https:\/\/www.quickcarbon.com\/tr\/wp-content\/uploads\/2025\/12\/thumbnail_pexels-vince-2286715-7075789-1024x683.jpg 1024w, https:\/\/www.quickcarbon.com\/tr\/wp-content\/uploads\/2025\/12\/thumbnail_pexels-vince-2286715-7075789-768x512.jpg 768w, https:\/\/www.quickcarbon.com\/tr\/wp-content\/uploads\/2025\/12\/thumbnail_pexels-vince-2286715-7075789-1536x1024.jpg 1536w\" sizes=\"auto, (max-width: 1920px) 100vw, 1920px\" \/><\/figure>\n\n\n\n<p><strong>3. Sosyal Etki ve Reputasyon Y\u00f6netimi<\/strong><\/p>\n\n\n\n<p>Payda\u015flar art\u0131k sadece emisyon hesaplamas\u0131na de\u011fil, \u015firketlerin iklim stratejilerinin&nbsp;toplumsal etkilerine&nbsp;de odaklan\u0131yor.<br>Bu \u00e7er\u00e7evede iklim adaleti, ESG performans\u0131 i\u00e7in kritik bir g\u00f6sterge h\u00e2line geldi.<\/p>\n\n\n\n<p>Kurulu\u015flar i\u00e7in \u00f6nemli alanlar:<\/p>\n\n\n\n<ul class=\"wp-block-list\">\n<li>Adil d\u00f6n\u00fc\u015f\u00fcm (just transition) politikalar\u0131<\/li>\n\n\n\n<li>Yerel topluluklar\u0131n s\u00fcrece dahil edilmesi<\/li>\n\n\n\n<li>\u0130\u015f g\u00fcc\u00fcn\u00fcn d\u00fc\u015f\u00fck karbon ekonomisine haz\u0131rlanmas\u0131<\/li>\n<\/ul>\n\n\n\n<p class=\"has-medium-font-size\"><strong>\u0130klim Adaletinin Prati\u011fe Yans\u0131malar\u0131<\/strong><\/p>\n\n\n\n<p><strong>1. Adil D\u00f6n\u00fc\u015f\u00fcm Yakla\u015f\u0131mlar\u0131<\/strong><\/p>\n\n\n\n<p>Enerji, sanayi, ula\u015f\u0131m gibi karbon yo\u011fun sekt\u00f6rlerde d\u00f6n\u00fc\u015f\u00fcm ka\u00e7\u0131n\u0131lmaz. Ancak bu d\u00f6n\u00fc\u015f\u00fcm\u00fcn sosyal etkilerinin y\u00f6netilmesi gerekiyor.<br>\u0130klim adaleti, \u015firketlerden:<\/p>\n\n\n\n<ul class=\"wp-block-list\">\n<li>\u00c7al\u0131\u015fan beceri d\u00f6n\u00fc\u015f\u00fcm programlar\u0131,<\/li>\n\n\n\n<li>\u0130\u015fg\u00fcc\u00fc kayb\u0131n\u0131 azaltan stratejiler,<\/li>\n\n\n\n<li>Sosyal etki risk analizleri<\/li>\n<\/ul>\n\n\n\n<p>gibi politikalar\u0131 bekliyor.<\/p>\n\n\n\n<p><strong>2. Dayan\u0131kl\u0131l\u0131\u011fa Odakl\u0131 Altyap\u0131 Yat\u0131r\u0131mlar\u0131<\/strong><\/p>\n\n\n\n<p>\u0130klim risklerinin etkisi her b\u00f6lgede ayn\u0131 olmad\u0131\u011f\u0131ndan, altyap\u0131 dayan\u0131kl\u0131l\u0131k yat\u0131r\u0131mlar\u0131 \u00f6nceliklendirilirken k\u0131r\u0131lgan b\u00f6lgeler g\u00f6zetilmeli.<br>Bu yakla\u015f\u0131m, s\u00fcrd\u00fcr\u00fclebilir finansman modellerine de entegre edilmeye ba\u015flad\u0131.<\/p>\n\n\n\n<p><strong>3. Tedarik Zinciri Sorumlulu\u011fu<\/strong><\/p>\n\n\n\n<figure class=\"wp-block-image\"><img loading=\"lazy\" decoding=\"async\" width=\"2560\" height=\"1707\" src=\"https:\/\/www.quickcarbon.com\/tr\/wp-content\/uploads\/2025\/12\/pexels-tiger-lily-4483610-1.jpg\" alt=\"\" class=\"wp-image-1983\" srcset=\"https:\/\/www.quickcarbon.com\/tr\/wp-content\/uploads\/2025\/12\/pexels-tiger-lily-4483610-1.jpg 2560w, https:\/\/www.quickcarbon.com\/tr\/wp-content\/uploads\/2025\/12\/pexels-tiger-lily-4483610-1-300x200.jpg 300w, https:\/\/www.quickcarbon.com\/tr\/wp-content\/uploads\/2025\/12\/pexels-tiger-lily-4483610-1-1024x683.jpg 1024w, https:\/\/www.quickcarbon.com\/tr\/wp-content\/uploads\/2025\/12\/pexels-tiger-lily-4483610-1-768x512.jpg 768w, https:\/\/www.quickcarbon.com\/tr\/wp-content\/uploads\/2025\/12\/pexels-tiger-lily-4483610-1-1536x1024.jpg 1536w, https:\/\/www.quickcarbon.com\/tr\/wp-content\/uploads\/2025\/12\/pexels-tiger-lily-4483610-1-2048x1366.jpg 2048w\" sizes=\"auto, (max-width: 2560px) 100vw, 2560px\" \/><\/figure>\n\n\n\n<p>Tedarik\u00e7iler farkl\u0131 co\u011frafyalarda farkl\u0131 iklim riskleriyle kar\u015f\u0131 kar\u015f\u0131ya. \u0130klim adaleti perspektifi, \u015firketlerin:<\/p>\n\n\n\n<ul class=\"wp-block-list\">\n<li>Tedarik\u00e7i karbon ayak izi \u00f6l\u00e7\u00fcm\u00fcn\u00fc yayg\u0131nla\u015ft\u0131rmas\u0131n\u0131,<\/li>\n\n\n\n<li>Risk bazl\u0131 tedarik\u00e7i de\u011ferlendirme modelleri kullanmas\u0131n\u0131,<\/li>\n\n\n\n<li>\u0130yile\u015ftirme s\u00fcre\u00e7lerini ortak de\u011fer yaratacak \u015fekilde y\u00fcr\u00fctmesini<\/li>\n<\/ul>\n\n\n\n<p>gerektiriyor.<\/p>\n\n\n\n<p class=\"has-medium-font-size\"><strong>Kurumsal Akt\u00f6rler \u0130\u00e7in Sonu\u00e7<\/strong><\/p>\n\n\n\n<p>\u0130klim adaleti, yaln\u0131zca \u00e7evresel fayda sa\u011flayan bir kavram de\u011fil;&nbsp;finansal riskleri azaltan, rekabet g\u00fcc\u00fcn\u00fc art\u0131ran ve s\u00fcrd\u00fcr\u00fclebilirlik standartlar\u0131na uyumu kolayla\u015ft\u0131ran&nbsp;bir y\u00f6neti\u015fim arac\u0131.<\/p>\n\n\n\n<p>Bug\u00fcn karbon y\u00f6netimi, raporlama, ye\u015fil finansman ve kurumsal risk y\u00f6netimi s\u00fcre\u00e7lerinin tamam\u0131, iklim adaleti prensiplerinin giderek daha fazla entegre edildi\u011fi bir d\u00f6neme giriyor. \u015eirketler i\u00e7in temel soru art\u0131k:<\/p>\n\n\n\n<p>\u0130klim stratejimizin \u00e7evresel etkileri kadar sosyal ve ekonomik etkilerini de y\u00f6netiyor muyuz?<\/p>\n\n\n\n<p>Bu soruya verilen yan\u0131t, gelece\u011fin kurumsal dayan\u0131kl\u0131l\u0131\u011f\u0131n\u0131 belirleyecek.<\/p>\n\n\n\n<p>QuickCarbon olarak ISO 14064-1:2018 Standard\u0131 ve GHG Protocol\u2019e g\u00f6re hesaplama ve raporlama yapan kullan\u0131c\u0131 dostu yaz\u0131l\u0131m\u0131m\u0131zla s\u00fcre\u00e7lerin \u015feffaf bir \u015fekilde izlenmesine olanak sa\u011fl\u0131yoruz. Siz de demo talebinde bulunmak i\u00e7in bizimle&nbsp;<a href=\"https:\/\/www.quickcarbon.com\/tr\/iletisim\/\">ileti\u015fime<\/a>&nbsp;ge\u00e7ebilirsiniz.<\/p>\n","protected":false},"excerpt":{"rendered":"<p>\u0130klim de\u011fi\u015fikli\u011fi art\u0131k yaln\u0131zca \u00e7evresel bir konu de\u011fil; k\u00fcresel \u00f6l\u00e7ekte ekonomik dengeleri, i\u015f g\u00fcc\u00fcn\u00fc, tedarik zincirlerini ve toplumsal refah\u0131 etkileyen \u00e7ok boyutlu bir risk alan\u0131. Bu nedenle son y\u0131llarda \u201ciklim adaleti\u201d kavram\u0131, s\u00fcrd\u00fcr\u00fclebilirlik stratejilerinin ve kurumsal d\u00f6n\u00fc\u015f\u00fcm politikalar\u0131n\u0131n \u00f6nemli bir par\u00e7as\u0131 h\u00e2line geldi. \u0130klim Adaleti Tan\u0131m\u0131 \u0130klim adaleti, iklim de\u011fi\u015fikli\u011finin etkilerinin ve bu etkilerle m\u00fccadele&hellip;<\/p>\n","protected":false},"author":3,"featured_media":1989,"comment_status":"closed","ping_status":"open","sticky":false,"template":"","format":"standard","meta":{"footnotes":""},"categories":[1],"tags":[34,68],"class_list":["post-1981","post","type-post","status-publish","format-standard","has-post-thumbnail","hentry","category-genel","tag-karbon-ayak-izi","tag-surdurulebilirlik"],"yoast_head":"<!-- This site is optimized with the Yoast SEO plugin v25.6 - https:\/\/yoast.com\/wordpress\/plugins\/seo\/ -->\n<title>\u0130klim Adaleti Nedir? - QuickCarbon<\/title>\n<meta name=\"description\" content=\"\u0130klim de\u011fi\u015fikli\u011fi art\u0131k yaln\u0131zca \u00e7evresel bir konu de\u011fil; k\u00fcresel \u00f6l\u00e7ekte ekonomik dengeleri, i\u015f g\u00fcc\u00fcn\u00fc, tedarik zincirlerini ve toplumsal refah\u0131 etkileyen \u00e7ok boyutlu bir risk alan\u0131. Bu nedenle son y\u0131llarda \u201ciklim adaleti\u201d kavram\u0131, s\u00fcrd\u00fcr\u00fclebilirlik stratejilerinin ve kurumsal d\u00f6n\u00fc\u015f\u00fcm politikalar\u0131n\u0131n \u00f6nemli bir par\u00e7as\u0131 h\u00e2line geldi.\" \/>\n<meta name=\"robots\" content=\"index, follow, max-snippet:-1, max-image-preview:large, max-video-preview:-1\" \/>\n<link rel=\"canonical\" href=\"https:\/\/www.quickcarbon.com\/tr\/blog\/iklim-adaleti-nedir\/\" \/>\n<meta property=\"og:locale\" content=\"tr_TR\" \/>\n<meta property=\"og:type\" content=\"article\" \/>\n<meta property=\"og:title\" content=\"\u0130klim Adaleti Nedir? - QuickCarbon\" \/>\n<meta property=\"og:description\" content=\"\u0130klim de\u011fi\u015fikli\u011fi art\u0131k yaln\u0131zca \u00e7evresel bir konu de\u011fil; k\u00fcresel \u00f6l\u00e7ekte ekonomik dengeleri, i\u015f g\u00fcc\u00fcn\u00fc, tedarik zincirlerini ve toplumsal refah\u0131 etkileyen \u00e7ok boyutlu bir risk alan\u0131. Bu nedenle son y\u0131llarda \u201ciklim adaleti\u201d kavram\u0131, s\u00fcrd\u00fcr\u00fclebilirlik stratejilerinin ve kurumsal d\u00f6n\u00fc\u015f\u00fcm politikalar\u0131n\u0131n \u00f6nemli bir par\u00e7as\u0131 h\u00e2line geldi.\" \/>\n<meta property=\"og:url\" content=\"https:\/\/www.quickcarbon.com\/tr\/blog\/iklim-adaleti-nedir\/\" \/>\n<meta property=\"og:site_name\" content=\"QuickCarbon\" \/>\n<meta property=\"article:publisher\" content=\"https:\/\/www.facebook.com\/quickcarbon\/\" \/>\n<meta property=\"article:published_time\" content=\"2025-12-12T11:21:19+00:00\" \/>\n<meta property=\"article:modified_time\" content=\"2025-12-12T11:21:20+00:00\" \/>\n<meta property=\"og:image\" content=\"https:\/\/www.quickcarbon.com\/tr\/wp-content\/uploads\/2025\/12\/thumbnail_Blog-Kapaklari-1.png\" \/>\n\t<meta property=\"og:image:width\" content=\"2560\" \/>\n\t<meta property=\"og:image:height\" content=\"1440\" \/>\n\t<meta property=\"og:image:type\" content=\"image\/png\" \/>\n<meta name=\"author\" content=\"Elif Akko\u00e7\" \/>\n<meta name=\"twitter:card\" content=\"summary_large_image\" \/>\n<meta name=\"twitter:creator\" content=\"@QuickCarbon_Tr\" \/>\n<meta name=\"twitter:site\" content=\"@QuickCarbon_Tr\" \/>\n<meta name=\"twitter:label1\" content=\"Written by\" \/>\n\t<meta name=\"twitter:data1\" content=\"Elif Akko\u00e7\" \/>\n\t<meta name=\"twitter:label2\" content=\"Est. reading time\" \/>\n\t<meta name=\"twitter:data2\" content=\"5 dakika\" \/>\n<script type=\"application\/ld+json\" class=\"yoast-schema-graph\">{\"@context\":\"https:\/\/schema.org\",\"@graph\":[{\"@type\":[\"Article\",\"BlogPosting\"],\"@id\":\"https:\/\/www.quickcarbon.com\/tr\/blog\/iklim-adaleti-nedir\/#article\",\"isPartOf\":{\"@id\":\"https:\/\/www.quickcarbon.com\/tr\/blog\/iklim-adaleti-nedir\/\"},\"author\":{\"name\":\"Elif Akko\u00e7\",\"@id\":\"https:\/\/www.quickcarbon.com\/tr\/#\/schema\/person\/e9ff9b7b560010798b00c0355cb606f1\"},\"headline\":\"\u0130klim Adaleti Nedir?\",\"datePublished\":\"2025-12-12T11:21:19+00:00\",\"dateModified\":\"2025-12-12T11:21:20+00:00\",\"mainEntityOfPage\":{\"@id\":\"https:\/\/www.quickcarbon.com\/tr\/blog\/iklim-adaleti-nedir\/\"},\"wordCount\":763,\"publisher\":{\"@id\":\"https:\/\/www.quickcarbon.com\/tr\/#organization\"},\"image\":{\"@id\":\"https:\/\/www.quickcarbon.com\/tr\/blog\/iklim-adaleti-nedir\/#primaryimage\"},\"thumbnailUrl\":\"https:\/\/www.quickcarbon.com\/tr\/wp-content\/uploads\/2025\/12\/thumbnail_Blog-Kapaklari-1.png\",\"keywords\":[\"karbon ayak izi\",\"s\u00fcrd\u00fcr\u00fclebilirlik\"],\"inLanguage\":\"tr\"},{\"@type\":\"WebPage\",\"@id\":\"https:\/\/www.quickcarbon.com\/tr\/blog\/iklim-adaleti-nedir\/\",\"url\":\"https:\/\/www.quickcarbon.com\/tr\/blog\/iklim-adaleti-nedir\/\",\"name\":\"\u0130klim Adaleti Nedir? - QuickCarbon\",\"isPartOf\":{\"@id\":\"https:\/\/www.quickcarbon.com\/tr\/#website\"},\"primaryImageOfPage\":{\"@id\":\"https:\/\/www.quickcarbon.com\/tr\/blog\/iklim-adaleti-nedir\/#primaryimage\"},\"image\":{\"@id\":\"https:\/\/www.quickcarbon.com\/tr\/blog\/iklim-adaleti-nedir\/#primaryimage\"},\"thumbnailUrl\":\"https:\/\/www.quickcarbon.com\/tr\/wp-content\/uploads\/2025\/12\/thumbnail_Blog-Kapaklari-1.png\",\"datePublished\":\"2025-12-12T11:21:19+00:00\",\"dateModified\":\"2025-12-12T11:21:20+00:00\",\"description\":\"\u0130klim de\u011fi\u015fikli\u011fi art\u0131k yaln\u0131zca \u00e7evresel bir konu de\u011fil; k\u00fcresel \u00f6l\u00e7ekte ekonomik dengeleri, i\u015f g\u00fcc\u00fcn\u00fc, tedarik zincirlerini ve toplumsal refah\u0131 etkileyen \u00e7ok boyutlu bir risk alan\u0131. Bu nedenle son y\u0131llarda \u201ciklim adaleti\u201d kavram\u0131, s\u00fcrd\u00fcr\u00fclebilirlik stratejilerinin ve kurumsal d\u00f6n\u00fc\u015f\u00fcm politikalar\u0131n\u0131n \u00f6nemli bir par\u00e7as\u0131 h\u00e2line geldi.\",\"breadcrumb\":{\"@id\":\"https:\/\/www.quickcarbon.com\/tr\/blog\/iklim-adaleti-nedir\/#breadcrumb\"},\"inLanguage\":\"tr\",\"potentialAction\":[{\"@type\":\"ReadAction\",\"target\":[\"https:\/\/www.quickcarbon.com\/tr\/blog\/iklim-adaleti-nedir\/\"]}]},{\"@type\":\"ImageObject\",\"inLanguage\":\"tr\",\"@id\":\"https:\/\/www.quickcarbon.com\/tr\/blog\/iklim-adaleti-nedir\/#primaryimage\",\"url\":\"https:\/\/www.quickcarbon.com\/tr\/wp-content\/uploads\/2025\/12\/thumbnail_Blog-Kapaklari-1.png\",\"contentUrl\":\"https:\/\/www.quickcarbon.com\/tr\/wp-content\/uploads\/2025\/12\/thumbnail_Blog-Kapaklari-1.png\",\"width\":2560,\"height\":1440},{\"@type\":\"BreadcrumbList\",\"@id\":\"https:\/\/www.quickcarbon.com\/tr\/blog\/iklim-adaleti-nedir\/#breadcrumb\",\"itemListElement\":[{\"@type\":\"ListItem\",\"position\":1,\"name\":\"Ana Sayfa\",\"item\":\"https:\/\/www.quickcarbon.com\/tr\/\"},{\"@type\":\"ListItem\",\"position\":2,\"name\":\"\u0130klim Adaleti Nedir?\"}]},{\"@type\":\"WebSite\",\"@id\":\"https:\/\/www.quickcarbon.com\/tr\/#website\",\"url\":\"https:\/\/www.quickcarbon.com\/tr\/\",\"name\":\"QuickCarbon\",\"description\":\"Take Control of Your Corporate Carbon Footprint\",\"publisher\":{\"@id\":\"https:\/\/www.quickcarbon.com\/tr\/#organization\"},\"alternateName\":\"QC\",\"potentialAction\":[{\"@type\":\"SearchAction\",\"target\":{\"@type\":\"EntryPoint\",\"urlTemplate\":\"https:\/\/www.quickcarbon.com\/tr\/?s={search_term_string}\"},\"query-input\":{\"@type\":\"PropertyValueSpecification\",\"valueRequired\":true,\"valueName\":\"search_term_string\"}}],\"inLanguage\":\"tr\"},{\"@type\":\"Organization\",\"@id\":\"https:\/\/www.quickcarbon.com\/tr\/#organization\",\"name\":\"QuickCarbon\",\"alternateName\":\"QC\",\"url\":\"https:\/\/www.quickcarbon.com\/tr\/\",\"logo\":{\"@type\":\"ImageObject\",\"inLanguage\":\"tr\",\"@id\":\"https:\/\/www.quickcarbon.com\/tr\/#\/schema\/logo\/image\/\",\"url\":\"https:\/\/www.quickcarbon.com\/tr\/wp-content\/uploads\/2023\/09\/cropped-qc_favicon-1.png\",\"contentUrl\":\"https:\/\/www.quickcarbon.com\/tr\/wp-content\/uploads\/2023\/09\/cropped-qc_favicon-1.png\",\"width\":512,\"height\":512,\"caption\":\"QuickCarbon\"},\"image\":{\"@id\":\"https:\/\/www.quickcarbon.com\/tr\/#\/schema\/logo\/image\/\"},\"sameAs\":[\"https:\/\/www.facebook.com\/quickcarbon\/\",\"https:\/\/x.com\/QuickCarbon_Tr\",\"https:\/\/www.instagram.com\/quickcarbon_official\/\",\"https:\/\/www.linkedin.com\/showcase\/quickcarbon-\/\"]},{\"@type\":\"Person\",\"@id\":\"https:\/\/www.quickcarbon.com\/tr\/#\/schema\/person\/e9ff9b7b560010798b00c0355cb606f1\",\"name\":\"Elif Akko\u00e7\",\"image\":{\"@type\":\"ImageObject\",\"inLanguage\":\"tr\",\"@id\":\"https:\/\/www.quickcarbon.com\/tr\/#\/schema\/person\/image\/\",\"url\":\"https:\/\/secure.gravatar.com\/avatar\/1419d3d4829046468ad9f261eb84b5e321805c1b4084d3d1c85c0de62b0330de?s=96&d=mm&r=g\",\"contentUrl\":\"https:\/\/secure.gravatar.com\/avatar\/1419d3d4829046468ad9f261eb84b5e321805c1b4084d3d1c85c0de62b0330de?s=96&d=mm&r=g\",\"caption\":\"Elif Akko\u00e7\"},\"sameAs\":[\"https:\/\/www.quickcarbon.com\/\"]}]}<\/script>\n<!-- \/ Yoast SEO plugin. -->","yoast_head_json":{"title":"\u0130klim Adaleti Nedir? - QuickCarbon","description":"\u0130klim de\u011fi\u015fikli\u011fi art\u0131k yaln\u0131zca \u00e7evresel bir konu de\u011fil; k\u00fcresel \u00f6l\u00e7ekte ekonomik dengeleri, i\u015f g\u00fcc\u00fcn\u00fc, tedarik zincirlerini ve toplumsal refah\u0131 etkileyen \u00e7ok boyutlu bir risk alan\u0131. Bu nedenle son y\u0131llarda \u201ciklim adaleti\u201d kavram\u0131, s\u00fcrd\u00fcr\u00fclebilirlik stratejilerinin ve kurumsal d\u00f6n\u00fc\u015f\u00fcm politikalar\u0131n\u0131n \u00f6nemli bir par\u00e7as\u0131 h\u00e2line geldi.","robots":{"index":"index","follow":"follow","max-snippet":"max-snippet:-1","max-image-preview":"max-image-preview:large","max-video-preview":"max-video-preview:-1"},"canonical":"https:\/\/www.quickcarbon.com\/tr\/blog\/iklim-adaleti-nedir\/","og_locale":"tr_TR","og_type":"article","og_title":"\u0130klim Adaleti Nedir? - QuickCarbon","og_description":"\u0130klim de\u011fi\u015fikli\u011fi art\u0131k yaln\u0131zca \u00e7evresel bir konu de\u011fil; k\u00fcresel \u00f6l\u00e7ekte ekonomik dengeleri, i\u015f g\u00fcc\u00fcn\u00fc, tedarik zincirlerini ve toplumsal refah\u0131 etkileyen \u00e7ok boyutlu bir risk alan\u0131. Bu nedenle son y\u0131llarda \u201ciklim adaleti\u201d kavram\u0131, s\u00fcrd\u00fcr\u00fclebilirlik stratejilerinin ve kurumsal d\u00f6n\u00fc\u015f\u00fcm politikalar\u0131n\u0131n \u00f6nemli bir par\u00e7as\u0131 h\u00e2line geldi.","og_url":"https:\/\/www.quickcarbon.com\/tr\/blog\/iklim-adaleti-nedir\/","og_site_name":"QuickCarbon","article_publisher":"https:\/\/www.facebook.com\/quickcarbon\/","article_published_time":"2025-12-12T11:21:19+00:00","article_modified_time":"2025-12-12T11:21:20+00:00","og_image":[{"width":2560,"height":1440,"url":"https:\/\/www.quickcarbon.com\/tr\/wp-content\/uploads\/2025\/12\/thumbnail_Blog-Kapaklari-1.png","type":"image\/png"}],"author":"Elif Akko\u00e7","twitter_card":"summary_large_image","twitter_creator":"@QuickCarbon_Tr","twitter_site":"@QuickCarbon_Tr","twitter_misc":{"Written by":"Elif Akko\u00e7","Est. reading time":"5 dakika"},"schema":{"@context":"https:\/\/schema.org","@graph":[{"@type":["Article","BlogPosting"],"@id":"https:\/\/www.quickcarbon.com\/tr\/blog\/iklim-adaleti-nedir\/#article","isPartOf":{"@id":"https:\/\/www.quickcarbon.com\/tr\/blog\/iklim-adaleti-nedir\/"},"author":{"name":"Elif Akko\u00e7","@id":"https:\/\/www.quickcarbon.com\/tr\/#\/schema\/person\/e9ff9b7b560010798b00c0355cb606f1"},"headline":"\u0130klim Adaleti Nedir?","datePublished":"2025-12-12T11:21:19+00:00","dateModified":"2025-12-12T11:21:20+00:00","mainEntityOfPage":{"@id":"https:\/\/www.quickcarbon.com\/tr\/blog\/iklim-adaleti-nedir\/"},"wordCount":763,"publisher":{"@id":"https:\/\/www.quickcarbon.com\/tr\/#organization"},"image":{"@id":"https:\/\/www.quickcarbon.com\/tr\/blog\/iklim-adaleti-nedir\/#primaryimage"},"thumbnailUrl":"https:\/\/www.quickcarbon.com\/tr\/wp-content\/uploads\/2025\/12\/thumbnail_Blog-Kapaklari-1.png","keywords":["karbon ayak izi","s\u00fcrd\u00fcr\u00fclebilirlik"],"inLanguage":"tr"},{"@type":"WebPage","@id":"https:\/\/www.quickcarbon.com\/tr\/blog\/iklim-adaleti-nedir\/","url":"https:\/\/www.quickcarbon.com\/tr\/blog\/iklim-adaleti-nedir\/","name":"\u0130klim Adaleti Nedir? - QuickCarbon","isPartOf":{"@id":"https:\/\/www.quickcarbon.com\/tr\/#website"},"primaryImageOfPage":{"@id":"https:\/\/www.quickcarbon.com\/tr\/blog\/iklim-adaleti-nedir\/#primaryimage"},"image":{"@id":"https:\/\/www.quickcarbon.com\/tr\/blog\/iklim-adaleti-nedir\/#primaryimage"},"thumbnailUrl":"https:\/\/www.quickcarbon.com\/tr\/wp-content\/uploads\/2025\/12\/thumbnail_Blog-Kapaklari-1.png","datePublished":"2025-12-12T11:21:19+00:00","dateModified":"2025-12-12T11:21:20+00:00","description":"\u0130klim de\u011fi\u015fikli\u011fi art\u0131k yaln\u0131zca \u00e7evresel bir konu de\u011fil; k\u00fcresel \u00f6l\u00e7ekte ekonomik dengeleri, i\u015f g\u00fcc\u00fcn\u00fc, tedarik zincirlerini ve toplumsal refah\u0131 etkileyen \u00e7ok boyutlu bir risk alan\u0131. Bu nedenle son y\u0131llarda \u201ciklim adaleti\u201d kavram\u0131, s\u00fcrd\u00fcr\u00fclebilirlik stratejilerinin ve kurumsal d\u00f6n\u00fc\u015f\u00fcm politikalar\u0131n\u0131n \u00f6nemli bir par\u00e7as\u0131 h\u00e2line geldi.","breadcrumb":{"@id":"https:\/\/www.quickcarbon.com\/tr\/blog\/iklim-adaleti-nedir\/#breadcrumb"},"inLanguage":"tr","potentialAction":[{"@type":"ReadAction","target":["https:\/\/www.quickcarbon.com\/tr\/blog\/iklim-adaleti-nedir\/"]}]},{"@type":"ImageObject","inLanguage":"tr","@id":"https:\/\/www.quickcarbon.com\/tr\/blog\/iklim-adaleti-nedir\/#primaryimage","url":"https:\/\/www.quickcarbon.com\/tr\/wp-content\/uploads\/2025\/12\/thumbnail_Blog-Kapaklari-1.png","contentUrl":"https:\/\/www.quickcarbon.com\/tr\/wp-content\/uploads\/2025\/12\/thumbnail_Blog-Kapaklari-1.png","width":2560,"height":1440},{"@type":"BreadcrumbList","@id":"https:\/\/www.quickcarbon.com\/tr\/blog\/iklim-adaleti-nedir\/#breadcrumb","itemListElement":[{"@type":"ListItem","position":1,"name":"Ana Sayfa","item":"https:\/\/www.quickcarbon.com\/tr\/"},{"@type":"ListItem","position":2,"name":"\u0130klim Adaleti Nedir?"}]},{"@type":"WebSite","@id":"https:\/\/www.quickcarbon.com\/tr\/#website","url":"https:\/\/www.quickcarbon.com\/tr\/","name":"QuickCarbon","description":"Take Control of Your Corporate Carbon Footprint","publisher":{"@id":"https:\/\/www.quickcarbon.com\/tr\/#organization"},"alternateName":"QC","potentialAction":[{"@type":"SearchAction","target":{"@type":"EntryPoint","urlTemplate":"https:\/\/www.quickcarbon.com\/tr\/?s={search_term_string}"},"query-input":{"@type":"PropertyValueSpecification","valueRequired":true,"valueName":"search_term_string"}}],"inLanguage":"tr"},{"@type":"Organization","@id":"https:\/\/www.quickcarbon.com\/tr\/#organization","name":"QuickCarbon","alternateName":"QC","url":"https:\/\/www.quickcarbon.com\/tr\/","logo":{"@type":"ImageObject","inLanguage":"tr","@id":"https:\/\/www.quickcarbon.com\/tr\/#\/schema\/logo\/image\/","url":"https:\/\/www.quickcarbon.com\/tr\/wp-content\/uploads\/2023\/09\/cropped-qc_favicon-1.png","contentUrl":"https:\/\/www.quickcarbon.com\/tr\/wp-content\/uploads\/2023\/09\/cropped-qc_favicon-1.png","width":512,"height":512,"caption":"QuickCarbon"},"image":{"@id":"https:\/\/www.quickcarbon.com\/tr\/#\/schema\/logo\/image\/"},"sameAs":["https:\/\/www.facebook.com\/quickcarbon\/","https:\/\/x.com\/QuickCarbon_Tr","https:\/\/www.instagram.com\/quickcarbon_official\/","https:\/\/www.linkedin.com\/showcase\/quickcarbon-\/"]},{"@type":"Person","@id":"https:\/\/www.quickcarbon.com\/tr\/#\/schema\/person\/e9ff9b7b560010798b00c0355cb606f1","name":"Elif Akko\u00e7","image":{"@type":"ImageObject","inLanguage":"tr","@id":"https:\/\/www.quickcarbon.com\/tr\/#\/schema\/person\/image\/","url":"https:\/\/secure.gravatar.com\/avatar\/1419d3d4829046468ad9f261eb84b5e321805c1b4084d3d1c85c0de62b0330de?s=96&d=mm&r=g","contentUrl":"https:\/\/secure.gravatar.com\/avatar\/1419d3d4829046468ad9f261eb84b5e321805c1b4084d3d1c85c0de62b0330de?s=96&d=mm&r=g","caption":"Elif Akko\u00e7"},"sameAs":["https:\/\/www.quickcarbon.com\/"]}]}},"_links":{"self":[{"href":"https:\/\/www.quickcarbon.com\/tr\/wp-json\/wp\/v2\/posts\/1981","targetHints":{"allow":["GET"]}}],"collection":[{"href":"https:\/\/www.quickcarbon.com\/tr\/wp-json\/wp\/v2\/posts"}],"about":[{"href":"https:\/\/www.quickcarbon.com\/tr\/wp-json\/wp\/v2\/types\/post"}],"author":[{"embeddable":true,"href":"https:\/\/www.quickcarbon.com\/tr\/wp-json\/wp\/v2\/users\/3"}],"replies":[{"embeddable":true,"href":"https:\/\/www.quickcarbon.com\/tr\/wp-json\/wp\/v2\/comments?post=1981"}],"version-history":[{"count":3,"href":"https:\/\/www.quickcarbon.com\/tr\/wp-json\/wp\/v2\/posts\/1981\/revisions"}],"predecessor-version":[{"id":1990,"href":"https:\/\/www.quickcarbon.com\/tr\/wp-json\/wp\/v2\/posts\/1981\/revisions\/1990"}],"wp:featuredmedia":[{"embeddable":true,"href":"https:\/\/www.quickcarbon.com\/tr\/wp-json\/wp\/v2\/media\/1989"}],"wp:attachment":[{"href":"https:\/\/www.quickcarbon.com\/tr\/wp-json\/wp\/v2\/media?parent=1981"}],"wp:term":[{"taxonomy":"category","embeddable":true,"href":"https:\/\/www.quickcarbon.com\/tr\/wp-json\/wp\/v2\/categories?post=1981"},{"taxonomy":"post_tag","embeddable":true,"href":"https:\/\/www.quickcarbon.com\/tr\/wp-json\/wp\/v2\/tags?post=1981"}],"curies":[{"name":"wp","href":"https:\/\/api.w.org\/{rel}","templated":true}]}}